{"id":1,"date":"2013-01-02T10:13:13","date_gmt":"2013-01-02T10:13:13","guid":{"rendered":"http:\/\/serviciosmunicipales.animsa.es\/?p=1"},"modified":"2013-04-02T07:10:34","modified_gmt":"2013-04-02T07:10:34","slug":"hola-mundo","status":"publish","type":"post","link":"http:\/\/www.berakoagenda.eus\/es\/hola-mundo\/","title":{"rendered":"FESTIVAL DE DANZA ESCENA: Suite Navarre (Aldanza)"},"content":{"rendered":"<p><\/p>\n<ul>\n<li><strong>D\u00eda:<\/strong> S\u00e1bado, 6 de abril de 2013<\/li>\n<li><strong>Hora:<\/strong> 20:00<\/li>\n<li><strong>Lugar:<\/strong> Casa de Cultura<\/li>\n<li><strong>Entrada:<\/strong> 6 \u20ac<\/li>\n<li><strong>Organizador:<\/strong> Gobierno de Navarra<\/li>\n<li><strong>Colaborador:<\/strong> Comisi\u00f3n de Cultura de Bera<\/li>\n<\/ul>\n<p><iframe loading=\"lazy\" src=\"http:\/\/www.youtube.com\/embed\/4GO2QXw54I0\" frameborder=\"0\" width=\"500\" height=\"315\"><\/iframe><br \/>\nCon esta coreograf\u00eda, Almudena Lob\u00f3n hace patente su relaci\u00f3n con Navarra, donde lleva tres d\u00e9cadas llenas de experiencias, recuerdos y \u00e9xitos. Suite Navarre es una pieza de danza contempor\u00e1nea que une los c\u00f3digos de movimiento de Antonio Calero con una selecci\u00f3n que conjuga lo m\u00e1s consagrado y lo m\u00e1s actual del patrimoni musical navarro: Pablo Sarasate y Jes\u00fas Echeverria. Los bosques y los montes son protagonistas de este viaje tanto como la idiosincrasia cultural representada a trav\u00e9s de la estructura coreogr\u00e1fica, es un intento de enlazar la tradici\u00f3n y la modernidad del entorno, dibujando sus colores con pinceladas de movimiento que exaltan los aspectos m\u00e1s propios de esta tierra.<\/p>\n<p><strong>\u00a0<\/strong><\/p>\n<ul>\n<li><strong>Directora art\u00edstica:<\/strong> Almudena Lobon<\/li>\n<li><strong>Coreograf\u00eda:<\/strong> Antonio Calero<\/li>\n<li><strong>M\u00fasica<\/strong>: P. Sarasate, J. Echeverria<\/li>\n<li><strong>Int\u00e9rpretes:<\/strong> Marta Sainz, Teresa Torres, Marta Guardado, David Mejias, I\u00f1aki Urrutia<\/li>\n<li><strong>Dise\u00f1o vestuario:<\/strong> A. Lobon, A. Calero<\/li>\n<li><strong>Dise\u00f1o gr\u00e1fico:<\/strong> D. Abbondi<\/li>\n<li><strong>Iluminaci\u00f3n<\/strong>: MET Navarra<\/li>\n<li><strong>Atrezzo y escenograf\u00eda:<\/strong> Duilio Abbondi<\/li>\n<li><strong>Producci\u00f3n:<\/strong> Duilio Abbondi<\/li>\n<\/ul>\n<p>&nbsp;<\/p>","protected":false},"excerpt":{"rendered":"<p>D\u00eda: S\u00e1bado, 6 de abril de 2013 Hora: 20:00 Lugar: Casa de Cultura Entrada: 6 \u20ac Organizador: Gobierno de Navarra Colaborador: Comisi\u00f3n de Cultura de Bera Con esta coreograf\u00eda, Almudena Lob\u00f3n hace patente su relaci\u00f3n con Navarra, donde lleva tres&hellip; <\/p>\n","protected":false},"author":2,"featured_media":0,"comment_status":"open","ping_status":"open","sticky":false,"template":"","format":"standard","meta":{"_monsterinsights_skip_tracking":false,"_monsterinsights_sitenote_active":false,"_monsterinsights_sitenote_note":"","_monsterinsights_sitenote_category":0,"footnotes":""},"categories":[12],"tags":[],"class_list":["post-1","post","type-post","status-publish","format-standard","hentry","category-albisteak"],"yoast_head":"<!-- This site is optimized with the Yoast SEO plugin v26.8 - https:\/\/yoast.com\/product\/yoast-seo-wordpress\/ -->\r\n<title>ESCENA DANTZA JAIALDIA: Suite Navarre (Aldanza) FESTIVAL DE DANZA ESCENA: Suite Navarre (Aldanza) - Berako Agenda<\/title>\r\n<meta name=\"robots\" content=\"index, follow, max-snippet:-1, max-image-preview:large, max-video-preview:-1\" \/>\r\n<link rel=\"canonical\" href=\"http:\/\/www.berakoagenda.eus\/es\/hola-mundo\/\" \/>\r\n<meta property=\"og:locale\" content=\"es_ES\" \/>\r\n<meta property=\"og:type\" content=\"article\" \/>\r\n<meta property=\"og:title\" content=\"ESCENA DANTZA JAIALDIA: Suite Navarre (Aldanza) FESTIVAL DE DANZA ESCENA: Suite Navarre (Aldanza) - Berako Agenda\" \/>\r\n<meta property=\"og:description\" content=\"D\u00eda: S\u00e1bado, 6 de abril de 2013 Hora: 20:00 Lugar: Casa de Cultura Entrada: 6 \u20ac Organizador: Gobierno de Navarra Colaborador: Comisi\u00f3n de Cultura de Bera Con esta coreograf\u00eda, Almudena Lob\u00f3n hace patente su relaci\u00f3n con Navarra, donde lleva tres&hellip;\" \/>\r\n<meta property=\"og:url\" content=\"http:\/\/www.berakoagenda.eus\/es\/hola-mundo\/\" \/>\r\n<meta property=\"og:site_name\" content=\"Berako Agenda\" \/>\r\n<meta property=\"article:published_time\" content=\"2013-01-02T10:13:13+00:00\" \/>\r\n<meta property=\"article:modified_time\" content=\"2013-04-02T07:10:34+00:00\" \/>\r\n<meta name=\"author\" content=\"iirurzun\" \/>\r\n<meta name=\"twitter:card\" content=\"summary_large_image\" \/>\r\n<meta name=\"twitter:label1\" content=\"Escrito por\" \/>\n\t<meta name=\"twitter:data1\" content=\"iirurzun\" \/>\n\t<meta name=\"twitter:label2\" content=\"Tiempo de lectura\" \/>\n\t<meta name=\"twitter:data2\" content=\"2 minutos\" \/>\r\n<script type=\"application\/ld+json\" class=\"yoast-schema-graph\">{\"@context\":\"https:\/\/schema.org\",\"@graph\":[{\"@type\":\"Article\",\"@id\":\"http:\/\/www.berakoagenda.eus\/es\/hola-mundo\/#article\",\"isPartOf\":{\"@id\":\"http:\/\/www.berakoagenda.eus\/es\/hola-mundo\/\"},\"author\":{\"name\":\"iirurzun\",\"@id\":\"http:\/\/www.berakoagenda.eus\/es\/#\/schema\/person\/3227243d8abb072395adf587a17b210f\"},\"headline\":\"FESTIVAL DE DANZA ESCENA: Suite Navarre (Aldanza)\",\"datePublished\":\"2013-01-02T10:13:13+00:00\",\"dateModified\":\"2013-04-02T07:10:34+00:00\",\"mainEntityOfPage\":{\"@id\":\"http:\/\/www.berakoagenda.eus\/es\/hola-mundo\/\"},\"wordCount\":361,\"commentCount\":0,\"articleSection\":[\"Noticias\"],\"inLanguage\":\"es\"},{\"@type\":\"WebPage\",\"@id\":\"http:\/\/www.berakoagenda.eus\/es\/hola-mundo\/\",\"url\":\"http:\/\/www.berakoagenda.eus\/es\/hola-mundo\/\",\"name\":\"ESCENA DANTZA JAIALDIA: Suite Navarre (Aldanza) FESTIVAL DE DANZA ESCENA: Suite Navarre (Aldanza) - Berako Agenda\",\"isPartOf\":{\"@id\":\"http:\/\/www.berakoagenda.eus\/es\/#website\"},\"datePublished\":\"2013-01-02T10:13:13+00:00\",\"dateModified\":\"2013-04-02T07:10:34+00:00\",\"author\":{\"@id\":\"http:\/\/www.berakoagenda.eus\/es\/#\/schema\/person\/3227243d8abb072395adf587a17b210f\"},\"breadcrumb\":{\"@id\":\"http:\/\/www.berakoagenda.eus\/es\/hola-mundo\/#breadcrumb\"},\"inLanguage\":\"es\",\"potentialAction\":[{\"@type\":\"ReadAction\",\"target\":[[\"http:\/\/www.berakoagenda.eus\/es\/hola-mundo\/\"]]}]},{\"@type\":\"BreadcrumbList\",\"@id\":\"http:\/\/www.berakoagenda.eus\/es\/hola-mundo\/#breadcrumb\",\"itemListElement\":[{\"@type\":\"ListItem\",\"position\":1,\"name\":\"Portada\",\"item\":\"http:\/\/www.berakoagenda.eus\/es\/\"},{\"@type\":\"ListItem\",\"position\":2,\"name\":\"FESTIVAL DE DANZA ESCENA: Suite Navarre (Aldanza)\"}]},{\"@type\":\"WebSite\",\"@id\":\"http:\/\/www.berakoagenda.eus\/es\/#website\",\"url\":\"http:\/\/www.berakoagenda.eus\/es\/\",\"name\":\"Berako Agenda\",\"description\":\"\",\"potentialAction\":[{\"@type\":\"SearchAction\",\"target\":{\"@type\":\"EntryPoint\",\"urlTemplate\":\"http:\/\/www.berakoagenda.eus\/es\/?s={search_term_string}\"},\"query-input\":{\"@type\":\"PropertyValueSpecification\",\"valueRequired\":true,\"valueName\":\"search_term_string\"}}],\"inLanguage\":\"es\"},{\"@type\":\"Person\",\"@id\":\"http:\/\/www.berakoagenda.eus\/es\/#\/schema\/person\/3227243d8abb072395adf587a17b210f\",\"name\":\"iirurzun\",\"url\":\"http:\/\/www.berakoagenda.eus\/es\/author\/iirurzun\/\"}]}<\/script>\r\n<!-- \/ Yoast SEO plugin. -->","yoast_head_json":{"title":"ESCENA DANTZA JAIALDIA: Suite Navarre (Aldanza) FESTIVAL DE DANZA ESCENA: Suite Navarre (Aldanza) - Berako Agenda","robots":{"index":"index","follow":"follow","max-snippet":"max-snippet:-1","max-image-preview":"max-image-preview:large","max-video-preview":"max-video-preview:-1"},"canonical":"http:\/\/www.berakoagenda.eus\/es\/hola-mundo\/","og_locale":"es_ES","og_type":"article","og_title":"ESCENA DANTZA JAIALDIA: Suite Navarre (Aldanza) FESTIVAL DE DANZA ESCENA: Suite Navarre (Aldanza) - Berako Agenda","og_description":"D\u00eda: S\u00e1bado, 6 de abril de 2013 Hora: 20:00 Lugar: Casa de Cultura Entrada: 6 \u20ac Organizador: Gobierno de Navarra Colaborador: Comisi\u00f3n de Cultura de Bera Con esta coreograf\u00eda, Almudena Lob\u00f3n hace patente su relaci\u00f3n con Navarra, donde lleva tres&hellip;","og_url":"http:\/\/www.berakoagenda.eus\/es\/hola-mundo\/","og_site_name":"Berako Agenda","article_published_time":"2013-01-02T10:13:13+00:00","article_modified_time":"2013-04-02T07:10:34+00:00","author":"iirurzun","twitter_card":"summary_large_image","twitter_misc":{"Escrito por":"iirurzun","Tiempo de lectura":"2 minutos"},"schema":{"@context":"https:\/\/schema.org","@graph":[{"@type":"Article","@id":"http:\/\/www.berakoagenda.eus\/es\/hola-mundo\/#article","isPartOf":{"@id":"http:\/\/www.berakoagenda.eus\/es\/hola-mundo\/"},"author":{"name":"iirurzun","@id":"http:\/\/www.berakoagenda.eus\/es\/#\/schema\/person\/3227243d8abb072395adf587a17b210f"},"headline":"FESTIVAL DE DANZA ESCENA: Suite Navarre (Aldanza)","datePublished":"2013-01-02T10:13:13+00:00","dateModified":"2013-04-02T07:10:34+00:00","mainEntityOfPage":{"@id":"http:\/\/www.berakoagenda.eus\/es\/hola-mundo\/"},"wordCount":361,"commentCount":0,"articleSection":["Noticias"],"inLanguage":"es"},{"@type":"WebPage","@id":"http:\/\/www.berakoagenda.eus\/es\/hola-mundo\/","url":"http:\/\/www.berakoagenda.eus\/es\/hola-mundo\/","name":"ESCENA DANTZA JAIALDIA: Suite Navarre (Aldanza) FESTIVAL DE DANZA ESCENA: Suite Navarre (Aldanza) - Berako Agenda","isPartOf":{"@id":"http:\/\/www.berakoagenda.eus\/es\/#website"},"datePublished":"2013-01-02T10:13:13+00:00","dateModified":"2013-04-02T07:10:34+00:00","author":{"@id":"http:\/\/www.berakoagenda.eus\/es\/#\/schema\/person\/3227243d8abb072395adf587a17b210f"},"breadcrumb":{"@id":"http:\/\/www.berakoagenda.eus\/es\/hola-mundo\/#breadcrumb"},"inLanguage":"es","potentialAction":[{"@type":"ReadAction","target":[["http:\/\/www.berakoagenda.eus\/es\/hola-mundo\/"]]}]},{"@type":"BreadcrumbList","@id":"http:\/\/www.berakoagenda.eus\/es\/hola-mundo\/#breadcrumb","itemListElement":[{"@type":"ListItem","position":1,"name":"Portada","item":"http:\/\/www.berakoagenda.eus\/es\/"},{"@type":"ListItem","position":2,"name":"FESTIVAL DE DANZA ESCENA: Suite Navarre (Aldanza)"}]},{"@type":"WebSite","@id":"http:\/\/www.berakoagenda.eus\/es\/#website","url":"http:\/\/www.berakoagenda.eus\/es\/","name":"Berako Agenda","description":"","potentialAction":[{"@type":"SearchAction","target":{"@type":"EntryPoint","urlTemplate":"http:\/\/www.berakoagenda.eus\/es\/?s={search_term_string}"},"query-input":{"@type":"PropertyValueSpecification","valueRequired":true,"valueName":"search_term_string"}}],"inLanguage":"es"},{"@type":"Person","@id":"http:\/\/www.berakoagenda.eus\/es\/#\/schema\/person\/3227243d8abb072395adf587a17b210f","name":"iirurzun","url":"http:\/\/www.berakoagenda.eus\/es\/author\/iirurzun\/"}]}},"_links":{"self":[{"href":"http:\/\/www.berakoagenda.eus\/es\/wp-json\/wp\/v2\/posts\/1","targetHints":{"allow":["GET"]}}],"collection":[{"href":"http:\/\/www.berakoagenda.eus\/es\/wp-json\/wp\/v2\/posts"}],"about":[{"href":"http:\/\/www.berakoagenda.eus\/es\/wp-json\/wp\/v2\/types\/post"}],"author":[{"embeddable":true,"href":"http:\/\/www.berakoagenda.eus\/es\/wp-json\/wp\/v2\/users\/2"}],"replies":[{"embeddable":true,"href":"http:\/\/www.berakoagenda.eus\/es\/wp-json\/wp\/v2\/comments?post=1"}],"version-history":[{"count":0,"href":"http:\/\/www.berakoagenda.eus\/es\/wp-json\/wp\/v2\/posts\/1\/revisions"}],"wp:attachment":[{"href":"http:\/\/www.berakoagenda.eus\/es\/wp-json\/wp\/v2\/media?parent=1"}],"wp:term":[{"taxonomy":"category","embeddable":true,"href":"http:\/\/www.berakoagenda.eus\/es\/wp-json\/wp\/v2\/categories?post=1"},{"taxonomy":"post_tag","embeddable":true,"href":"http:\/\/www.berakoagenda.eus\/es\/wp-json\/wp\/v2\/tags?post=1"}],"curies":[{"name":"wp","href":"https:\/\/api.w.org\/{rel}","templated":true}]}}