{"id":1044,"date":"2015-04-14T14:01:18","date_gmt":"2015-04-14T12:01:18","guid":{"rendered":"http:\/\/www.berakoagenda.net\/?p=1044"},"modified":"2015-04-14T14:12:16","modified_gmt":"2015-04-14T12:12:16","slug":"berako-musika-eskolak-emusik-2016-jaialdian-parte-hartuko-du","status":"publish","type":"post","link":"http:\/\/www.berakoagenda.eus\/es\/berako-musika-eskolak-emusik-2016-jaialdian-parte-hartuko-du\/","title":{"rendered":"La Escuela de M\u00fasica de Bera participar\u00e1 en el festival Emusik 2016"},"content":{"rendered":"<p><a href=\"http:\/\/www.berakoagenda.net\/wp-content\/uploads\/sites\/132\/2015\/04\/emusik2016.jpg\"><img loading=\"lazy\" decoding=\"async\" class=\"aligncenter size-medium wp-image-1045\" src=\"http:\/\/www.berakoagenda.net\/wp-content\/uploads\/sites\/132\/2015\/04\/emusik2016-300x300.jpg\" alt=\"emusik2016\" width=\"300\" height=\"300\" srcset=\"http:\/\/www.berakoagenda.eus\/wp-content\/uploads\/sites\/132\/2015\/04\/emusik2016-300x300.jpg 300w, http:\/\/www.berakoagenda.eus\/wp-content\/uploads\/sites\/132\/2015\/04\/emusik2016-150x150.jpg 150w, http:\/\/www.berakoagenda.eus\/wp-content\/uploads\/sites\/132\/2015\/04\/emusik2016-60x60.jpg 60w, http:\/\/www.berakoagenda.eus\/wp-content\/uploads\/sites\/132\/2015\/04\/emusik2016.jpg 490w\" sizes=\"auto, (max-width: 300px) 100vw, 300px\" \/><\/a><\/p>\n<p><strong>El XII Festival Europeo de Escuelas de M\u00fasica (<a title=\"Emusik 2016\" href=\"http:\/\/emusik.dss2016.eu\/es\/microemusik-es\" target=\"_blank\">Emusik<\/a>) contar\u00e1 con 76 microsedes en pueblos de Gipuzkoa\u00a0(45 en total; 20 de Donostia), Bizkaia (10), \u00c1lava\u00a0(7), Navarra\u00a0(8), Iparralde (2) y La Rioja\u00a0(4). En total se ofrecer\u00e1n\u00a0400 conciertos entre el 6 y 7 de mayo de 2016 y acoger\u00e1n a 20.000 alumnos de 26 pa\u00edses<\/strong><\/p>\n<p style=\"color: #000000\">Uno de esos conciertos tendr\u00e1 lugar en Bera. En cada una de las microsedes, albergar\u00e1n entre 100 y 300 m\u00fasicos europeos a los que se sumar\u00e1n m\u00fasicos locales entre alumnos de escuelas e integrantes de coros o bandas.<\/p>\n<p style=\"color: #000000\">Como anticipo de lo que ser\u00e1 uno de los actos integrados en <a title=\"Donostia 2016\" href=\"http:\/\/www.dss2016.eu\/es\/\" target=\"_blank\">Donostia\u00a02016<\/a>, el pr\u00f3ximo 9 de mayo, D\u00eda de Europa, se llevar\u00e1 a cabo en el estadio de Anoeta un \u00abpreestreno\u00bb de la inauguraci\u00f3n del evento en el que participar\u00e1n 400 m\u00fasicos de diferentes puntos de Espa\u00f1a a los que sumar\u00e1n alumnos de diferentes escuelas de Gipuzkoa hasta sumar los 5.000.<\/p>\n<p style=\"color: #000000\">Para el acto de 2016, los organizadores esperan reunir un aforo de 15.000-20.000 personas.<\/p>\n<p style=\"color: #000000\">La cita donostiarra \u00a0de este festival que organiza la Asociaci\u00f3n Europea de Escuelas de M\u00fasica en diferentes ciudades europeas espera cuadruplicar los 5.000 o 6.000 m\u00fasicos que participaron en la pasada edici\u00f3n celebrada en la ciudad italiana de Emilia-Romana.<\/p>\n<p><\/p>","protected":false},"excerpt":{"rendered":"<p>El XII Festival Europeo de Escuelas de M\u00fasica (Emusik) contar\u00e1 con 76 microsedes en pueblos de Gipuzkoa\u00a0(45 en total; 20 de Donostia), Bizkaia (10), \u00c1lava\u00a0(7), Navarra\u00a0(8), Iparralde (2) y La Rioja\u00a0(4). En total se ofrecer\u00e1n\u00a0400 conciertos entre el 6 y&hellip; <\/p>\n","protected":false},"author":82,"featured_media":0,"comment_status":"open","ping_status":"open","sticky":false,"template":"","format":"standard","meta":{"_monsterinsights_skip_tracking":false,"_monsterinsights_sitenote_active":false,"_monsterinsights_sitenote_note":"","_monsterinsights_sitenote_category":0,"footnotes":""},"categories":[12],"tags":[],"class_list":["post-1044","post","type-post","status-publish","format-standard","hentry","category-albisteak"],"yoast_head":"<!-- This site is optimized with the Yoast SEO plugin v26.8 - https:\/\/yoast.com\/product\/yoast-seo-wordpress\/ -->\r\n<title>Berako Musika eskolak Emusik 2016 jaialdian parte hartuko duLa Escuela de M\u00fasica de Bera participar\u00e1 en el festival Emusik 2016 - Berako Agenda<\/title>\r\n<meta name=\"robots\" content=\"index, follow, max-snippet:-1, max-image-preview:large, max-video-preview:-1\" \/>\r\n<link rel=\"canonical\" href=\"http:\/\/www.berakoagenda.eus\/es\/berako-musika-eskolak-emusik-2016-jaialdian-parte-hartuko-du\/\" \/>\r\n<meta property=\"og:locale\" content=\"es_ES\" \/>\r\n<meta property=\"og:type\" content=\"article\" \/>\r\n<meta property=\"og:title\" content=\"Berako Musika eskolak Emusik 2016 jaialdian parte hartuko duLa Escuela de M\u00fasica de Bera participar\u00e1 en el festival Emusik 2016 - Berako Agenda\" \/>\r\n<meta property=\"og:description\" content=\"El XII Festival Europeo de Escuelas de M\u00fasica (Emusik) contar\u00e1 con 76 microsedes en pueblos de Gipuzkoa\u00a0(45 en total; 20 de Donostia), Bizkaia (10), \u00c1lava\u00a0(7), Navarra\u00a0(8), Iparralde (2) y La Rioja\u00a0(4). En total se ofrecer\u00e1n\u00a0400 conciertos entre el 6 y&hellip;\" \/>\r\n<meta property=\"og:url\" content=\"http:\/\/www.berakoagenda.eus\/es\/berako-musika-eskolak-emusik-2016-jaialdian-parte-hartuko-du\/\" \/>\r\n<meta property=\"og:site_name\" content=\"Berako Agenda\" \/>\r\n<meta property=\"article:published_time\" content=\"2015-04-14T12:01:18+00:00\" \/>\r\n<meta property=\"article:modified_time\" content=\"2015-04-14T12:12:16+00:00\" \/>\r\n<meta property=\"og:image\" content=\"http:\/\/www.berakoagenda.net\/wp-content\/uploads\/sites\/132\/2015\/04\/emusik2016-300x300.jpg\" \/>\r\n<meta name=\"twitter:card\" content=\"summary_large_image\" \/>\r\n<meta name=\"twitter:label1\" content=\"Escrito por\" \/>\n\t<meta name=\"twitter:data1\" content=\"\" \/>\n\t<meta name=\"twitter:label2\" content=\"Tiempo de lectura\" \/>\n\t<meta name=\"twitter:data2\" content=\"2 minutos\" \/>\r\n<script type=\"application\/ld+json\" class=\"yoast-schema-graph\">{\"@context\":\"https:\/\/schema.org\",\"@graph\":[{\"@type\":\"Article\",\"@id\":\"http:\/\/www.berakoagenda.eus\/es\/berako-musika-eskolak-emusik-2016-jaialdian-parte-hartuko-du\/#article\",\"isPartOf\":{\"@id\":\"http:\/\/www.berakoagenda.eus\/es\/berako-musika-eskolak-emusik-2016-jaialdian-parte-hartuko-du\/\"},\"author\":{\"name\":\"\",\"@id\":\"\"},\"headline\":\"La Escuela de M\u00fasica de Bera participar\u00e1 en el festival Emusik 2016\",\"datePublished\":\"2015-04-14T12:01:18+00:00\",\"dateModified\":\"2015-04-14T12:12:16+00:00\",\"mainEntityOfPage\":{\"@id\":\"http:\/\/www.berakoagenda.eus\/es\/berako-musika-eskolak-emusik-2016-jaialdian-parte-hartuko-du\/\"},\"wordCount\":355,\"commentCount\":0,\"image\":{\"@id\":\"http:\/\/www.berakoagenda.eus\/es\/berako-musika-eskolak-emusik-2016-jaialdian-parte-hartuko-du\/#primaryimage\"},\"thumbnailUrl\":\"http:\/\/www.berakoagenda.net\/wp-content\/uploads\/sites\/132\/2015\/04\/emusik2016-300x300.jpg\",\"articleSection\":[\"Noticias\"],\"inLanguage\":\"es\"},{\"@type\":\"WebPage\",\"@id\":\"http:\/\/www.berakoagenda.eus\/es\/berako-musika-eskolak-emusik-2016-jaialdian-parte-hartuko-du\/\",\"url\":\"http:\/\/www.berakoagenda.eus\/es\/berako-musika-eskolak-emusik-2016-jaialdian-parte-hartuko-du\/\",\"name\":\"Berako Musika eskolak Emusik 2016 jaialdian parte hartuko duLa Escuela de M\u00fasica de Bera participar\u00e1 en el festival Emusik 2016 - Berako Agenda\",\"isPartOf\":{\"@id\":\"http:\/\/www.berakoagenda.eus\/es\/#website\"},\"primaryImageOfPage\":{\"@id\":\"http:\/\/www.berakoagenda.eus\/es\/berako-musika-eskolak-emusik-2016-jaialdian-parte-hartuko-du\/#primaryimage\"},\"image\":{\"@id\":\"http:\/\/www.berakoagenda.eus\/es\/berako-musika-eskolak-emusik-2016-jaialdian-parte-hartuko-du\/#primaryimage\"},\"thumbnailUrl\":\"http:\/\/www.berakoagenda.net\/wp-content\/uploads\/sites\/132\/2015\/04\/emusik2016-300x300.jpg\",\"datePublished\":\"2015-04-14T12:01:18+00:00\",\"dateModified\":\"2015-04-14T12:12:16+00:00\",\"author\":{\"@id\":\"\"},\"breadcrumb\":{\"@id\":\"http:\/\/www.berakoagenda.eus\/es\/berako-musika-eskolak-emusik-2016-jaialdian-parte-hartuko-du\/#breadcrumb\"},\"inLanguage\":\"es\",\"potentialAction\":[{\"@type\":\"ReadAction\",\"target\":[[\"http:\/\/www.berakoagenda.eus\/es\/berako-musika-eskolak-emusik-2016-jaialdian-parte-hartuko-du\/\"]]}]},{\"@type\":\"ImageObject\",\"inLanguage\":\"es\",\"@id\":\"http:\/\/www.berakoagenda.eus\/es\/berako-musika-eskolak-emusik-2016-jaialdian-parte-hartuko-du\/#primaryimage\",\"url\":\"http:\/\/www.berakoagenda.net\/wp-content\/uploads\/sites\/132\/2015\/04\/emusik2016-300x300.jpg\",\"contentUrl\":\"http:\/\/www.berakoagenda.net\/wp-content\/uploads\/sites\/132\/2015\/04\/emusik2016-300x300.jpg\"},{\"@type\":\"BreadcrumbList\",\"@id\":\"http:\/\/www.berakoagenda.eus\/es\/berako-musika-eskolak-emusik-2016-jaialdian-parte-hartuko-du\/#breadcrumb\",\"itemListElement\":[{\"@type\":\"ListItem\",\"position\":1,\"name\":\"Portada\",\"item\":\"http:\/\/www.berakoagenda.eus\/es\/\"},{\"@type\":\"ListItem\",\"position\":2,\"name\":\"La Escuela de M\u00fasica de Bera participar\u00e1 en el festival Emusik 2016\"}]},{\"@type\":\"WebSite\",\"@id\":\"http:\/\/www.berakoagenda.eus\/es\/#website\",\"url\":\"http:\/\/www.berakoagenda.eus\/es\/\",\"name\":\"Berako Agenda\",\"description\":\"\",\"potentialAction\":[{\"@type\":\"SearchAction\",\"target\":{\"@type\":\"EntryPoint\",\"urlTemplate\":\"http:\/\/www.berakoagenda.eus\/es\/?s={search_term_string}\"},\"query-input\":{\"@type\":\"PropertyValueSpecification\",\"valueRequired\":true,\"valueName\":\"search_term_string\"}}],\"inLanguage\":\"es\"},{\"@type\":\"Person\",\"@id\":\"\",\"url\":\"http:\/\/www.berakoagenda.eus\/es\/author\/\"}]}<\/script>\r\n<!-- \/ Yoast SEO plugin. -->","yoast_head_json":{"title":"Berako Musika eskolak Emusik 2016 jaialdian parte hartuko duLa Escuela de M\u00fasica de Bera participar\u00e1 en el festival Emusik 2016 - Berako Agenda","robots":{"index":"index","follow":"follow","max-snippet":"max-snippet:-1","max-image-preview":"max-image-preview:large","max-video-preview":"max-video-preview:-1"},"canonical":"http:\/\/www.berakoagenda.eus\/es\/berako-musika-eskolak-emusik-2016-jaialdian-parte-hartuko-du\/","og_locale":"es_ES","og_type":"article","og_title":"Berako Musika eskolak Emusik 2016 jaialdian parte hartuko duLa Escuela de M\u00fasica de Bera participar\u00e1 en el festival Emusik 2016 - Berako Agenda","og_description":"El XII Festival Europeo de Escuelas de M\u00fasica (Emusik) contar\u00e1 con 76 microsedes en pueblos de Gipuzkoa\u00a0(45 en total; 20 de Donostia), Bizkaia (10), \u00c1lava\u00a0(7), Navarra\u00a0(8), Iparralde (2) y La Rioja\u00a0(4). En total se ofrecer\u00e1n\u00a0400 conciertos entre el 6 y&hellip;","og_url":"http:\/\/www.berakoagenda.eus\/es\/berako-musika-eskolak-emusik-2016-jaialdian-parte-hartuko-du\/","og_site_name":"Berako Agenda","article_published_time":"2015-04-14T12:01:18+00:00","article_modified_time":"2015-04-14T12:12:16+00:00","og_image":[{"url":"http:\/\/www.berakoagenda.net\/wp-content\/uploads\/sites\/132\/2015\/04\/emusik2016-300x300.jpg","type":"","width":"","height":""}],"twitter_card":"summary_large_image","twitter_misc":{"Escrito por":"","Tiempo de lectura":"2 minutos"},"schema":{"@context":"https:\/\/schema.org","@graph":[{"@type":"Article","@id":"http:\/\/www.berakoagenda.eus\/es\/berako-musika-eskolak-emusik-2016-jaialdian-parte-hartuko-du\/#article","isPartOf":{"@id":"http:\/\/www.berakoagenda.eus\/es\/berako-musika-eskolak-emusik-2016-jaialdian-parte-hartuko-du\/"},"author":{"name":"","@id":""},"headline":"La Escuela de M\u00fasica de Bera participar\u00e1 en el festival Emusik 2016","datePublished":"2015-04-14T12:01:18+00:00","dateModified":"2015-04-14T12:12:16+00:00","mainEntityOfPage":{"@id":"http:\/\/www.berakoagenda.eus\/es\/berako-musika-eskolak-emusik-2016-jaialdian-parte-hartuko-du\/"},"wordCount":355,"commentCount":0,"image":{"@id":"http:\/\/www.berakoagenda.eus\/es\/berako-musika-eskolak-emusik-2016-jaialdian-parte-hartuko-du\/#primaryimage"},"thumbnailUrl":"http:\/\/www.berakoagenda.net\/wp-content\/uploads\/sites\/132\/2015\/04\/emusik2016-300x300.jpg","articleSection":["Noticias"],"inLanguage":"es"},{"@type":"WebPage","@id":"http:\/\/www.berakoagenda.eus\/es\/berako-musika-eskolak-emusik-2016-jaialdian-parte-hartuko-du\/","url":"http:\/\/www.berakoagenda.eus\/es\/berako-musika-eskolak-emusik-2016-jaialdian-parte-hartuko-du\/","name":"Berako Musika eskolak Emusik 2016 jaialdian parte hartuko duLa Escuela de M\u00fasica de Bera participar\u00e1 en el festival Emusik 2016 - Berako Agenda","isPartOf":{"@id":"http:\/\/www.berakoagenda.eus\/es\/#website"},"primaryImageOfPage":{"@id":"http:\/\/www.berakoagenda.eus\/es\/berako-musika-eskolak-emusik-2016-jaialdian-parte-hartuko-du\/#primaryimage"},"image":{"@id":"http:\/\/www.berakoagenda.eus\/es\/berako-musika-eskolak-emusik-2016-jaialdian-parte-hartuko-du\/#primaryimage"},"thumbnailUrl":"http:\/\/www.berakoagenda.net\/wp-content\/uploads\/sites\/132\/2015\/04\/emusik2016-300x300.jpg","datePublished":"2015-04-14T12:01:18+00:00","dateModified":"2015-04-14T12:12:16+00:00","author":{"@id":""},"breadcrumb":{"@id":"http:\/\/www.berakoagenda.eus\/es\/berako-musika-eskolak-emusik-2016-jaialdian-parte-hartuko-du\/#breadcrumb"},"inLanguage":"es","potentialAction":[{"@type":"ReadAction","target":[["http:\/\/www.berakoagenda.eus\/es\/berako-musika-eskolak-emusik-2016-jaialdian-parte-hartuko-du\/"]]}]},{"@type":"ImageObject","inLanguage":"es","@id":"http:\/\/www.berakoagenda.eus\/es\/berako-musika-eskolak-emusik-2016-jaialdian-parte-hartuko-du\/#primaryimage","url":"http:\/\/www.berakoagenda.net\/wp-content\/uploads\/sites\/132\/2015\/04\/emusik2016-300x300.jpg","contentUrl":"http:\/\/www.berakoagenda.net\/wp-content\/uploads\/sites\/132\/2015\/04\/emusik2016-300x300.jpg"},{"@type":"BreadcrumbList","@id":"http:\/\/www.berakoagenda.eus\/es\/berako-musika-eskolak-emusik-2016-jaialdian-parte-hartuko-du\/#breadcrumb","itemListElement":[{"@type":"ListItem","position":1,"name":"Portada","item":"http:\/\/www.berakoagenda.eus\/es\/"},{"@type":"ListItem","position":2,"name":"La Escuela de M\u00fasica de Bera participar\u00e1 en el festival Emusik 2016"}]},{"@type":"WebSite","@id":"http:\/\/www.berakoagenda.eus\/es\/#website","url":"http:\/\/www.berakoagenda.eus\/es\/","name":"Berako Agenda","description":"","potentialAction":[{"@type":"SearchAction","target":{"@type":"EntryPoint","urlTemplate":"http:\/\/www.berakoagenda.eus\/es\/?s={search_term_string}"},"query-input":{"@type":"PropertyValueSpecification","valueRequired":true,"valueName":"search_term_string"}}],"inLanguage":"es"},{"@type":"Person","@id":"","url":"http:\/\/www.berakoagenda.eus\/es\/author\/"}]}},"_links":{"self":[{"href":"http:\/\/www.berakoagenda.eus\/es\/wp-json\/wp\/v2\/posts\/1044","targetHints":{"allow":["GET"]}}],"collection":[{"href":"http:\/\/www.berakoagenda.eus\/es\/wp-json\/wp\/v2\/posts"}],"about":[{"href":"http:\/\/www.berakoagenda.eus\/es\/wp-json\/wp\/v2\/types\/post"}],"author":[{"embeddable":true,"href":"http:\/\/www.berakoagenda.eus\/es\/wp-json\/wp\/v2\/users\/82"}],"replies":[{"embeddable":true,"href":"http:\/\/www.berakoagenda.eus\/es\/wp-json\/wp\/v2\/comments?post=1044"}],"version-history":[{"count":0,"href":"http:\/\/www.berakoagenda.eus\/es\/wp-json\/wp\/v2\/posts\/1044\/revisions"}],"wp:attachment":[{"href":"http:\/\/www.berakoagenda.eus\/es\/wp-json\/wp\/v2\/media?parent=1044"}],"wp:term":[{"taxonomy":"category","embeddable":true,"href":"http:\/\/www.berakoagenda.eus\/es\/wp-json\/wp\/v2\/categories?post=1044"},{"taxonomy":"post_tag","embeddable":true,"href":"http:\/\/www.berakoagenda.eus\/es\/wp-json\/wp\/v2\/tags?post=1044"}],"curies":[{"name":"wp","href":"https:\/\/api.w.org\/{rel}","templated":true}]}}