{"id":1152,"date":"2015-12-11T18:40:03","date_gmt":"2015-12-11T17:40:03","guid":{"rendered":"http:\/\/www.berakoagenda.eus\/?p=1152"},"modified":"2015-12-11T18:40:03","modified_gmt":"2015-12-11T17:40:03","slug":"liburu-aurkezpena-sin-piedad-fernando-mikelarena","status":"publish","type":"post","link":"http:\/\/www.berakoagenda.eus\/es\/liburu-aurkezpena-sin-piedad-fernando-mikelarena\/","title":{"rendered":"PRESENTACI\u00d3N DEL LIBRO: \u00abSin piedad\u00bb (Fernando Mikelarena)"},"content":{"rendered":"<p><a href=\"http:\/\/www.berakoagenda.eus\/wp-content\/uploads\/sites\/132\/2015\/12\/Sin_piedad.jpg\"><img loading=\"lazy\" decoding=\"async\" class=\"aligncenter size-medium wp-image-1153\" src=\"http:\/\/www.berakoagenda.eus\/wp-content\/uploads\/sites\/132\/2015\/12\/Sin_piedad-214x300.jpg\" alt=\"Sin_piedad\" width=\"214\" height=\"300\" srcset=\"http:\/\/www.berakoagenda.eus\/wp-content\/uploads\/sites\/132\/2015\/12\/Sin_piedad-214x300.jpg 214w, http:\/\/www.berakoagenda.eus\/wp-content\/uploads\/sites\/132\/2015\/12\/Sin_piedad-600x838.jpg 600w, http:\/\/www.berakoagenda.eus\/wp-content\/uploads\/sites\/132\/2015\/12\/Sin_piedad.jpg 610w\" sizes=\"auto, (max-width: 214px) 100vw, 214px\" \/><\/a><\/p>\n<p><em>El autor abordar\u00e1 la brutal represi\u00f3n pol\u00edtica producida en Navarra en 1936<\/em><\/p>\n<p><strong>T\u00edtulo del libro<\/strong>: <em>Sin piedad. Limpieza pol\u00edtica en Navarra, 1936. Responsabilidades, colaboradores y ejecutores<\/em> (Ed. Pamiela).<\/p>\n<p><strong>D\u00eda<\/strong>: jueves, 17 de diciembre<br \/>\n<strong>Lugar<\/strong>: Beralandeta<br \/>\n<strong>Hora<\/strong>: 19:00<br \/>\n<strong>Organiza<\/strong>: Comisi\u00f3n de Cultura de Bera<\/p>\n<p>Fernando Mikelarena aborda el tema de la represi\u00f3n pol\u00edtica ejecutada por\u00a0 \u201cverdugos\u201d (con sus diferentes niveles)\u00a0 aportando documentaci\u00f3n in\u00e9dita sobre los que fue toda la estructura de un \u201climpieza pol\u00edtica\u201d en la que Navarra, si se toma como referencia el n\u00famero de asesinados por votantes del Frente Popular, encabezando el ranking a nivel estatal.<\/p>\n<p>Por otra parte, reflexiona en torno a los mecanismos de la violencia pol\u00edtica y la gesti\u00f3n de la Memoria que dota de una coherencia y un guion a su amplia labor documental, adem\u00e1s de servir de lecci\u00f3n para el presente y futuro de la sociedad navarra.<\/p>\n<div id=\"stcpDiv\"><strong>Fernando Mikelarena Pe\u00f1a<\/strong> (Bera, 1962) . Es doctor en Historia por la UNED (1992), profesor titular de la Universidad de Zaragoza y autor de m\u00e1s de un centenar de art\u00edculos sobre temas relacionados con la historia de la poblaci\u00f3n, la historia agraria, la historia social, la antropolog\u00eda hist\u00f3rica, la historia de las mentalidades y de las ideolog\u00edas, la historia pol\u00edtica, la historia constitucional, la historia de las identidades y la historia de la Guerra Civil y la represi\u00f3n fascista, preferentemente centrados en la Navarra en los siglos XVIII, XIX y XX, publicados en revistas regionales, nacionales e internacionales.<\/div>\n<div><\/div>\n<div>Aqu\u00ed ten\u00e9is un extracto de la presentaci\u00f3n que realiz\u00f3 Fernando Mikelarena en Pamplona.<\/div>\n<p>https:\/\/youtu.be\/DVSH-8DQyio<\/p>","protected":false},"excerpt":{"rendered":"<p>El autor abordar\u00e1 la brutal represi\u00f3n pol\u00edtica producida en Navarra en 1936 T\u00edtulo del libro: Sin piedad. Limpieza pol\u00edtica en Navarra, 1936. Responsabilidades, colaboradores y ejecutores (Ed. Pamiela). D\u00eda: jueves, 17 de diciembre Lugar: Beralandeta Hora: 19:00 Organiza: Comisi\u00f3n de&hellip; <\/p>\n","protected":false},"author":82,"featured_media":0,"comment_status":"open","ping_status":"open","sticky":false,"template":"","format":"standard","meta":{"_monsterinsights_skip_tracking":false,"_monsterinsights_sitenote_active":false,"_monsterinsights_sitenote_note":"","_monsterinsights_sitenote_category":0,"footnotes":""},"categories":[12],"tags":[],"class_list":["post-1152","post","type-post","status-publish","format-standard","hentry","category-albisteak"],"yoast_head":"<!-- This site is optimized with the Yoast SEO plugin v26.8 - https:\/\/yoast.com\/product\/yoast-seo-wordpress\/ -->\r\n<title>LIBURU AURKEZPENA: &quot;Sin piedad&quot; (Fernando Mikelarena)PRESENTACI\u00d3N DEL LIBRO: &quot;Sin piedad&quot; (Fernando Mikelarena) - Berako Agenda<\/title>\r\n<meta name=\"robots\" content=\"index, follow, max-snippet:-1, max-image-preview:large, max-video-preview:-1\" \/>\r\n<link rel=\"canonical\" href=\"http:\/\/www.berakoagenda.eus\/es\/liburu-aurkezpena-sin-piedad-fernando-mikelarena\/\" \/>\r\n<meta property=\"og:locale\" content=\"es_ES\" \/>\r\n<meta property=\"og:type\" content=\"article\" \/>\r\n<meta property=\"og:title\" content=\"LIBURU AURKEZPENA: &quot;Sin piedad&quot; (Fernando Mikelarena)PRESENTACI\u00d3N DEL LIBRO: &quot;Sin piedad&quot; (Fernando Mikelarena) - Berako Agenda\" \/>\r\n<meta property=\"og:description\" content=\"El autor abordar\u00e1 la brutal represi\u00f3n pol\u00edtica producida en Navarra en 1936 T\u00edtulo del libro: Sin piedad. Limpieza pol\u00edtica en Navarra, 1936. Responsabilidades, colaboradores y ejecutores (Ed. Pamiela). D\u00eda: jueves, 17 de diciembre Lugar: Beralandeta Hora: 19:00 Organiza: Comisi\u00f3n de&hellip;\" \/>\r\n<meta property=\"og:url\" content=\"http:\/\/www.berakoagenda.eus\/es\/liburu-aurkezpena-sin-piedad-fernando-mikelarena\/\" \/>\r\n<meta property=\"og:site_name\" content=\"Berako Agenda\" \/>\r\n<meta property=\"article:published_time\" content=\"2015-12-11T17:40:03+00:00\" \/>\r\n<meta property=\"og:image\" content=\"http:\/\/www.berakoagenda.eus\/wp-content\/uploads\/sites\/132\/2015\/12\/Sin_piedad-214x300.jpg\" \/>\r\n<meta name=\"twitter:card\" content=\"summary_large_image\" \/>\r\n<meta name=\"twitter:label1\" content=\"Escrito por\" \/>\n\t<meta name=\"twitter:data1\" content=\"\" \/>\n\t<meta name=\"twitter:label2\" content=\"Tiempo de lectura\" \/>\n\t<meta name=\"twitter:data2\" content=\"2 minutos\" \/>\r\n<script type=\"application\/ld+json\" class=\"yoast-schema-graph\">{\"@context\":\"https:\/\/schema.org\",\"@graph\":[{\"@type\":\"Article\",\"@id\":\"http:\/\/www.berakoagenda.eus\/es\/liburu-aurkezpena-sin-piedad-fernando-mikelarena\/#article\",\"isPartOf\":{\"@id\":\"http:\/\/www.berakoagenda.eus\/es\/liburu-aurkezpena-sin-piedad-fernando-mikelarena\/\"},\"author\":{\"name\":\"\",\"@id\":\"\"},\"headline\":\"PRESENTACI\u00d3N DEL LIBRO: \u00abSin piedad\u00bb (Fernando Mikelarena)\",\"datePublished\":\"2015-12-11T17:40:03+00:00\",\"mainEntityOfPage\":{\"@id\":\"http:\/\/www.berakoagenda.eus\/es\/liburu-aurkezpena-sin-piedad-fernando-mikelarena\/\"},\"wordCount\":471,\"commentCount\":0,\"image\":{\"@id\":\"http:\/\/www.berakoagenda.eus\/es\/liburu-aurkezpena-sin-piedad-fernando-mikelarena\/#primaryimage\"},\"thumbnailUrl\":\"http:\/\/www.berakoagenda.eus\/wp-content\/uploads\/sites\/132\/2015\/12\/Sin_piedad-214x300.jpg\",\"articleSection\":[\"Noticias\"],\"inLanguage\":\"es\"},{\"@type\":\"WebPage\",\"@id\":\"http:\/\/www.berakoagenda.eus\/es\/liburu-aurkezpena-sin-piedad-fernando-mikelarena\/\",\"url\":\"http:\/\/www.berakoagenda.eus\/es\/liburu-aurkezpena-sin-piedad-fernando-mikelarena\/\",\"name\":\"LIBURU AURKEZPENA: \\\"Sin piedad\\\" (Fernando Mikelarena)PRESENTACI\u00d3N DEL LIBRO: \\\"Sin piedad\\\" (Fernando Mikelarena) - Berako Agenda\",\"isPartOf\":{\"@id\":\"http:\/\/www.berakoagenda.eus\/es\/#website\"},\"primaryImageOfPage\":{\"@id\":\"http:\/\/www.berakoagenda.eus\/es\/liburu-aurkezpena-sin-piedad-fernando-mikelarena\/#primaryimage\"},\"image\":{\"@id\":\"http:\/\/www.berakoagenda.eus\/es\/liburu-aurkezpena-sin-piedad-fernando-mikelarena\/#primaryimage\"},\"thumbnailUrl\":\"http:\/\/www.berakoagenda.eus\/wp-content\/uploads\/sites\/132\/2015\/12\/Sin_piedad-214x300.jpg\",\"datePublished\":\"2015-12-11T17:40:03+00:00\",\"author\":{\"@id\":\"\"},\"breadcrumb\":{\"@id\":\"http:\/\/www.berakoagenda.eus\/es\/liburu-aurkezpena-sin-piedad-fernando-mikelarena\/#breadcrumb\"},\"inLanguage\":\"es\",\"potentialAction\":[{\"@type\":\"ReadAction\",\"target\":[[\"http:\/\/www.berakoagenda.eus\/es\/liburu-aurkezpena-sin-piedad-fernando-mikelarena\/\"]]}]},{\"@type\":\"ImageObject\",\"inLanguage\":\"es\",\"@id\":\"http:\/\/www.berakoagenda.eus\/es\/liburu-aurkezpena-sin-piedad-fernando-mikelarena\/#primaryimage\",\"url\":\"http:\/\/www.berakoagenda.eus\/wp-content\/uploads\/sites\/132\/2015\/12\/Sin_piedad-214x300.jpg\",\"contentUrl\":\"http:\/\/www.berakoagenda.eus\/wp-content\/uploads\/sites\/132\/2015\/12\/Sin_piedad-214x300.jpg\"},{\"@type\":\"BreadcrumbList\",\"@id\":\"http:\/\/www.berakoagenda.eus\/es\/liburu-aurkezpena-sin-piedad-fernando-mikelarena\/#breadcrumb\",\"itemListElement\":[{\"@type\":\"ListItem\",\"position\":1,\"name\":\"Portada\",\"item\":\"http:\/\/www.berakoagenda.eus\/es\/\"},{\"@type\":\"ListItem\",\"position\":2,\"name\":\"PRESENTACI\u00d3N DEL LIBRO: \u00abSin piedad\u00bb (Fernando Mikelarena)\"}]},{\"@type\":\"WebSite\",\"@id\":\"http:\/\/www.berakoagenda.eus\/es\/#website\",\"url\":\"http:\/\/www.berakoagenda.eus\/es\/\",\"name\":\"Berako Agenda\",\"description\":\"\",\"potentialAction\":[{\"@type\":\"SearchAction\",\"target\":{\"@type\":\"EntryPoint\",\"urlTemplate\":\"http:\/\/www.berakoagenda.eus\/es\/?s={search_term_string}\"},\"query-input\":{\"@type\":\"PropertyValueSpecification\",\"valueRequired\":true,\"valueName\":\"search_term_string\"}}],\"inLanguage\":\"es\"},{\"@type\":\"Person\",\"@id\":\"\",\"url\":\"http:\/\/www.berakoagenda.eus\/es\/author\/\"}]}<\/script>\r\n<!-- \/ Yoast SEO plugin. -->","yoast_head_json":{"title":"LIBURU AURKEZPENA: \"Sin piedad\" (Fernando Mikelarena)PRESENTACI\u00d3N DEL LIBRO: \"Sin piedad\" (Fernando Mikelarena) - Berako Agenda","robots":{"index":"index","follow":"follow","max-snippet":"max-snippet:-1","max-image-preview":"max-image-preview:large","max-video-preview":"max-video-preview:-1"},"canonical":"http:\/\/www.berakoagenda.eus\/es\/liburu-aurkezpena-sin-piedad-fernando-mikelarena\/","og_locale":"es_ES","og_type":"article","og_title":"LIBURU AURKEZPENA: \"Sin piedad\" (Fernando Mikelarena)PRESENTACI\u00d3N DEL LIBRO: \"Sin piedad\" (Fernando Mikelarena) - Berako Agenda","og_description":"El autor abordar\u00e1 la brutal represi\u00f3n pol\u00edtica producida en Navarra en 1936 T\u00edtulo del libro: Sin piedad. Limpieza pol\u00edtica en Navarra, 1936. Responsabilidades, colaboradores y ejecutores (Ed. Pamiela). D\u00eda: jueves, 17 de diciembre Lugar: Beralandeta Hora: 19:00 Organiza: Comisi\u00f3n de&hellip;","og_url":"http:\/\/www.berakoagenda.eus\/es\/liburu-aurkezpena-sin-piedad-fernando-mikelarena\/","og_site_name":"Berako Agenda","article_published_time":"2015-12-11T17:40:03+00:00","og_image":[{"url":"http:\/\/www.berakoagenda.eus\/wp-content\/uploads\/sites\/132\/2015\/12\/Sin_piedad-214x300.jpg","type":"","width":"","height":""}],"twitter_card":"summary_large_image","twitter_misc":{"Escrito por":"","Tiempo de lectura":"2 minutos"},"schema":{"@context":"https:\/\/schema.org","@graph":[{"@type":"Article","@id":"http:\/\/www.berakoagenda.eus\/es\/liburu-aurkezpena-sin-piedad-fernando-mikelarena\/#article","isPartOf":{"@id":"http:\/\/www.berakoagenda.eus\/es\/liburu-aurkezpena-sin-piedad-fernando-mikelarena\/"},"author":{"name":"","@id":""},"headline":"PRESENTACI\u00d3N DEL LIBRO: \u00abSin piedad\u00bb (Fernando Mikelarena)","datePublished":"2015-12-11T17:40:03+00:00","mainEntityOfPage":{"@id":"http:\/\/www.berakoagenda.eus\/es\/liburu-aurkezpena-sin-piedad-fernando-mikelarena\/"},"wordCount":471,"commentCount":0,"image":{"@id":"http:\/\/www.berakoagenda.eus\/es\/liburu-aurkezpena-sin-piedad-fernando-mikelarena\/#primaryimage"},"thumbnailUrl":"http:\/\/www.berakoagenda.eus\/wp-content\/uploads\/sites\/132\/2015\/12\/Sin_piedad-214x300.jpg","articleSection":["Noticias"],"inLanguage":"es"},{"@type":"WebPage","@id":"http:\/\/www.berakoagenda.eus\/es\/liburu-aurkezpena-sin-piedad-fernando-mikelarena\/","url":"http:\/\/www.berakoagenda.eus\/es\/liburu-aurkezpena-sin-piedad-fernando-mikelarena\/","name":"LIBURU AURKEZPENA: \"Sin piedad\" (Fernando Mikelarena)PRESENTACI\u00d3N DEL LIBRO: \"Sin piedad\" (Fernando Mikelarena) - Berako Agenda","isPartOf":{"@id":"http:\/\/www.berakoagenda.eus\/es\/#website"},"primaryImageOfPage":{"@id":"http:\/\/www.berakoagenda.eus\/es\/liburu-aurkezpena-sin-piedad-fernando-mikelarena\/#primaryimage"},"image":{"@id":"http:\/\/www.berakoagenda.eus\/es\/liburu-aurkezpena-sin-piedad-fernando-mikelarena\/#primaryimage"},"thumbnailUrl":"http:\/\/www.berakoagenda.eus\/wp-content\/uploads\/sites\/132\/2015\/12\/Sin_piedad-214x300.jpg","datePublished":"2015-12-11T17:40:03+00:00","author":{"@id":""},"breadcrumb":{"@id":"http:\/\/www.berakoagenda.eus\/es\/liburu-aurkezpena-sin-piedad-fernando-mikelarena\/#breadcrumb"},"inLanguage":"es","potentialAction":[{"@type":"ReadAction","target":[["http:\/\/www.berakoagenda.eus\/es\/liburu-aurkezpena-sin-piedad-fernando-mikelarena\/"]]}]},{"@type":"ImageObject","inLanguage":"es","@id":"http:\/\/www.berakoagenda.eus\/es\/liburu-aurkezpena-sin-piedad-fernando-mikelarena\/#primaryimage","url":"http:\/\/www.berakoagenda.eus\/wp-content\/uploads\/sites\/132\/2015\/12\/Sin_piedad-214x300.jpg","contentUrl":"http:\/\/www.berakoagenda.eus\/wp-content\/uploads\/sites\/132\/2015\/12\/Sin_piedad-214x300.jpg"},{"@type":"BreadcrumbList","@id":"http:\/\/www.berakoagenda.eus\/es\/liburu-aurkezpena-sin-piedad-fernando-mikelarena\/#breadcrumb","itemListElement":[{"@type":"ListItem","position":1,"name":"Portada","item":"http:\/\/www.berakoagenda.eus\/es\/"},{"@type":"ListItem","position":2,"name":"PRESENTACI\u00d3N DEL LIBRO: \u00abSin piedad\u00bb (Fernando Mikelarena)"}]},{"@type":"WebSite","@id":"http:\/\/www.berakoagenda.eus\/es\/#website","url":"http:\/\/www.berakoagenda.eus\/es\/","name":"Berako Agenda","description":"","potentialAction":[{"@type":"SearchAction","target":{"@type":"EntryPoint","urlTemplate":"http:\/\/www.berakoagenda.eus\/es\/?s={search_term_string}"},"query-input":{"@type":"PropertyValueSpecification","valueRequired":true,"valueName":"search_term_string"}}],"inLanguage":"es"},{"@type":"Person","@id":"","url":"http:\/\/www.berakoagenda.eus\/es\/author\/"}]}},"_links":{"self":[{"href":"http:\/\/www.berakoagenda.eus\/es\/wp-json\/wp\/v2\/posts\/1152","targetHints":{"allow":["GET"]}}],"collection":[{"href":"http:\/\/www.berakoagenda.eus\/es\/wp-json\/wp\/v2\/posts"}],"about":[{"href":"http:\/\/www.berakoagenda.eus\/es\/wp-json\/wp\/v2\/types\/post"}],"author":[{"embeddable":true,"href":"http:\/\/www.berakoagenda.eus\/es\/wp-json\/wp\/v2\/users\/82"}],"replies":[{"embeddable":true,"href":"http:\/\/www.berakoagenda.eus\/es\/wp-json\/wp\/v2\/comments?post=1152"}],"version-history":[{"count":0,"href":"http:\/\/www.berakoagenda.eus\/es\/wp-json\/wp\/v2\/posts\/1152\/revisions"}],"wp:attachment":[{"href":"http:\/\/www.berakoagenda.eus\/es\/wp-json\/wp\/v2\/media?parent=1152"}],"wp:term":[{"taxonomy":"category","embeddable":true,"href":"http:\/\/www.berakoagenda.eus\/es\/wp-json\/wp\/v2\/categories?post=1152"},{"taxonomy":"post_tag","embeddable":true,"href":"http:\/\/www.berakoagenda.eus\/es\/wp-json\/wp\/v2\/tags?post=1152"}],"curies":[{"name":"wp","href":"https:\/\/api.w.org\/{rel}","templated":true}]}}