{"id":1225,"date":"2016-05-05T17:58:01","date_gmt":"2016-05-05T15:58:01","guid":{"rendered":"http:\/\/www.berakoagenda.eus\/?p=1225"},"modified":"2016-05-09T11:51:54","modified_gmt":"2016-05-09T09:51:54","slug":"antzerkia-etxekoak-artedrama-eta-huts-teatroa","status":"publish","type":"post","link":"http:\/\/www.berakoagenda.eus\/es\/antzerkia-etxekoak-artedrama-eta-huts-teatroa\/","title":{"rendered":"TEATRO: Etxekoak (Artedrama y Huts Teatroa)"},"content":{"rendered":"<p><!--StartFragment--><a href=\"http:\/\/www.berakoagenda.eus\/wp-content\/uploads\/sites\/132\/2016\/05\/ETXEKOAK-kartela.jpg\"><img loading=\"lazy\" decoding=\"async\" class=\"aligncenter size-medium wp-image-1226\" src=\"http:\/\/www.berakoagenda.eus\/wp-content\/uploads\/sites\/132\/2016\/05\/ETXEKOAK-kartela-200x300.jpg\" alt=\"ETXEKOAK kartela\" width=\"200\" height=\"300\" srcset=\"http:\/\/www.berakoagenda.eus\/wp-content\/uploads\/sites\/132\/2016\/05\/ETXEKOAK-kartela-200x300.jpg 200w, http:\/\/www.berakoagenda.eus\/wp-content\/uploads\/sites\/132\/2016\/05\/ETXEKOAK-kartela-682x1024.jpg 682w, http:\/\/www.berakoagenda.eus\/wp-content\/uploads\/sites\/132\/2016\/05\/ETXEKOAK-kartela-600x900.jpg 600w\" sizes=\"auto, (max-width: 200px) 100vw, 200px\" \/><\/a><!--EndFragment--><\/p>\n<p>En <em>euskera<\/em><\/p>\n<p><strong>D\u00eda<\/strong>: s\u00e1bado, 14 de mayo<br \/>\n<strong>Lugar<\/strong>: Casa de Cultura<br \/>\n<strong>Hora<\/strong>: 20:00<br \/>\n<strong>Entrada<\/strong>: 6 \u20ac<br \/>\n<strong>Organiza<\/strong>: Comisi\u00f3n de Euskera de Bera<br \/>\n<strong>Colaboran<\/strong>: Comisi\u00f3n de Cultura de BEra, <a title=\"Web de la Red de Teatros de Navarra\" href=\"http:\/\/www.redteatrosnavarra.com\" target=\"_blank\">Red de Teatros de Navarra<\/a> y\u00a0 <a title=\"Bortzirietako Euskara Mankomunitatearen web orria\" href=\"http:\/\/www.bortziriak.eus\" target=\"_blank\">Mancomunidad de Euskera de Bortziriak <\/a><br \/>\n<strong>M\u00e1s informaci\u00f3n<\/strong>: <a title=\"\" href=\"http:\/\/www.etxekoak.eus\" target=\"_blank\">www.etxekoak.eus<\/a><\/p>\n<p><!--StartFragment--><\/p>\n<p><!--StartFragment-->Despu\u00e9s de 7 a\u00f1os, <strong>Jon Gerediaga<\/strong> (autor) y <strong>Ander Lipus<\/strong> (director y actor) se reencuentran para crear <strong><em><a title=\" [Se abrir\u00e1 en una nueva ventana]\" href=\"http:\/\/www.etxekoak.eus\/\" target=\"_blank\" rel=\" external\">Etxekoak<\/a><\/em><\/strong>.<\/p>\n<p>Cualquiera no puede entrar en casa. Eso dice la ley. Maddi ama a Mamadou. Eso dice el coraz\u00f3n. <strong><em>Etxekoak<\/em><\/strong> nace de una historia personal.<\/p>\n<p>\u00abMe enamor\u00e9 al otro lado de la mar. La \u00fanica opci\u00f3n para estar con mi compa\u00f1era era casarnos. Y ah\u00ed empez\u00f3 todo: burocracia, papeles administrativos, incontables idas y vueltas, conversaciones con el consulado&#8230; a\u00f1os de locura y puro sinsentido\u00bb.<\/p>\n<p>Partiendo de esta experiencia, en esta obra tratar\u00e1n de ensayar una cr\u00edtica a las absurdas fronteras y leyes que los estados y sociedades contempor\u00e1neas han ido construyendo. Con la dicotom\u00eda \u00abde casa\u00bb vs. \u00abde afuera\u00bb tratar\u00e1n el tema de la inmigraci\u00f3n, evidentemente actual.<\/p>\n<p><!--EndFragment--><!--StartFragment--><!--StartFragment-->https:\/\/youtu.be\/Zv8eu1-NjB4<!--EndFragment--><br \/>\n<!--EndFragment--><\/p>","protected":false},"excerpt":{"rendered":"<p>En euskera D\u00eda: s\u00e1bado, 14 de mayo Lugar: Casa de Cultura Hora: 20:00 Entrada: 6 \u20ac Organiza: Comisi\u00f3n de Euskera de Bera Colaboran: Comisi\u00f3n de Cultura de BEra, Red de Teatros de Navarra y\u00a0 Mancomunidad de Euskera de Bortziriak M\u00e1s&hellip; <\/p>\n","protected":false},"author":82,"featured_media":0,"comment_status":"open","ping_status":"open","sticky":false,"template":"","format":"standard","meta":{"_monsterinsights_skip_tracking":false,"_monsterinsights_sitenote_active":false,"_monsterinsights_sitenote_note":"","_monsterinsights_sitenote_category":0,"footnotes":""},"categories":[12],"tags":[],"class_list":["post-1225","post","type-post","status-publish","format-standard","hentry","category-albisteak"],"yoast_head":"<!-- This site is optimized with the Yoast SEO plugin v26.8 - https:\/\/yoast.com\/product\/yoast-seo-wordpress\/ -->\r\n<title>ANTZERKIA: Etxekoak (Artedrama eta Huts Teatroa)TEATRO: Etxekoak (Artedrama y Huts Teatroa) - Berako Agenda<\/title>\r\n<meta name=\"robots\" content=\"index, follow, max-snippet:-1, max-image-preview:large, max-video-preview:-1\" \/>\r\n<link rel=\"canonical\" href=\"http:\/\/www.berakoagenda.eus\/es\/antzerkia-etxekoak-artedrama-eta-huts-teatroa\/\" \/>\r\n<meta property=\"og:locale\" content=\"es_ES\" \/>\r\n<meta property=\"og:type\" content=\"article\" \/>\r\n<meta property=\"og:title\" content=\"ANTZERKIA: Etxekoak (Artedrama eta Huts Teatroa)TEATRO: Etxekoak (Artedrama y Huts Teatroa) - Berako Agenda\" \/>\r\n<meta property=\"og:description\" content=\"En euskera D\u00eda: s\u00e1bado, 14 de mayo Lugar: Casa de Cultura Hora: 20:00 Entrada: 6 \u20ac Organiza: Comisi\u00f3n de Euskera de Bera Colaboran: Comisi\u00f3n de Cultura de BEra, Red de Teatros de Navarra y\u00a0 Mancomunidad de Euskera de Bortziriak M\u00e1s&hellip;\" \/>\r\n<meta property=\"og:url\" content=\"http:\/\/www.berakoagenda.eus\/es\/antzerkia-etxekoak-artedrama-eta-huts-teatroa\/\" \/>\r\n<meta property=\"og:site_name\" content=\"Berako Agenda\" \/>\r\n<meta property=\"article:published_time\" content=\"2016-05-05T15:58:01+00:00\" \/>\r\n<meta property=\"article:modified_time\" content=\"2016-05-09T09:51:54+00:00\" \/>\r\n<meta property=\"og:image\" content=\"http:\/\/www.berakoagenda.eus\/wp-content\/uploads\/sites\/132\/2016\/05\/ETXEKOAK-kartela-200x300.jpg\" \/>\r\n<meta name=\"twitter:card\" content=\"summary_large_image\" \/>\r\n<meta name=\"twitter:label1\" content=\"Escrito por\" \/>\n\t<meta name=\"twitter:data1\" content=\"\" \/>\n\t<meta name=\"twitter:label2\" content=\"Tiempo de lectura\" \/>\n\t<meta name=\"twitter:data2\" content=\"2 minutos\" \/>\r\n<script type=\"application\/ld+json\" class=\"yoast-schema-graph\">{\"@context\":\"https:\/\/schema.org\",\"@graph\":[{\"@type\":\"Article\",\"@id\":\"http:\/\/www.berakoagenda.eus\/es\/antzerkia-etxekoak-artedrama-eta-huts-teatroa\/#article\",\"isPartOf\":{\"@id\":\"http:\/\/www.berakoagenda.eus\/es\/antzerkia-etxekoak-artedrama-eta-huts-teatroa\/\"},\"author\":{\"name\":\"\",\"@id\":\"\"},\"headline\":\"TEATRO: Etxekoak (Artedrama y Huts Teatroa)\",\"datePublished\":\"2016-05-05T15:58:01+00:00\",\"dateModified\":\"2016-05-09T09:51:54+00:00\",\"mainEntityOfPage\":{\"@id\":\"http:\/\/www.berakoagenda.eus\/es\/antzerkia-etxekoak-artedrama-eta-huts-teatroa\/\"},\"wordCount\":339,\"commentCount\":0,\"image\":{\"@id\":\"http:\/\/www.berakoagenda.eus\/es\/antzerkia-etxekoak-artedrama-eta-huts-teatroa\/#primaryimage\"},\"thumbnailUrl\":\"http:\/\/www.berakoagenda.eus\/wp-content\/uploads\/sites\/132\/2016\/05\/ETXEKOAK-kartela-200x300.jpg\",\"articleSection\":[\"Noticias\"],\"inLanguage\":\"es\"},{\"@type\":\"WebPage\",\"@id\":\"http:\/\/www.berakoagenda.eus\/es\/antzerkia-etxekoak-artedrama-eta-huts-teatroa\/\",\"url\":\"http:\/\/www.berakoagenda.eus\/es\/antzerkia-etxekoak-artedrama-eta-huts-teatroa\/\",\"name\":\"ANTZERKIA: Etxekoak (Artedrama eta Huts Teatroa)TEATRO: Etxekoak (Artedrama y Huts Teatroa) - Berako Agenda\",\"isPartOf\":{\"@id\":\"http:\/\/www.berakoagenda.eus\/es\/#website\"},\"primaryImageOfPage\":{\"@id\":\"http:\/\/www.berakoagenda.eus\/es\/antzerkia-etxekoak-artedrama-eta-huts-teatroa\/#primaryimage\"},\"image\":{\"@id\":\"http:\/\/www.berakoagenda.eus\/es\/antzerkia-etxekoak-artedrama-eta-huts-teatroa\/#primaryimage\"},\"thumbnailUrl\":\"http:\/\/www.berakoagenda.eus\/wp-content\/uploads\/sites\/132\/2016\/05\/ETXEKOAK-kartela-200x300.jpg\",\"datePublished\":\"2016-05-05T15:58:01+00:00\",\"dateModified\":\"2016-05-09T09:51:54+00:00\",\"author\":{\"@id\":\"\"},\"breadcrumb\":{\"@id\":\"http:\/\/www.berakoagenda.eus\/es\/antzerkia-etxekoak-artedrama-eta-huts-teatroa\/#breadcrumb\"},\"inLanguage\":\"es\",\"potentialAction\":[{\"@type\":\"ReadAction\",\"target\":[[\"http:\/\/www.berakoagenda.eus\/es\/antzerkia-etxekoak-artedrama-eta-huts-teatroa\/\"]]}]},{\"@type\":\"ImageObject\",\"inLanguage\":\"es\",\"@id\":\"http:\/\/www.berakoagenda.eus\/es\/antzerkia-etxekoak-artedrama-eta-huts-teatroa\/#primaryimage\",\"url\":\"http:\/\/www.berakoagenda.eus\/wp-content\/uploads\/sites\/132\/2016\/05\/ETXEKOAK-kartela-200x300.jpg\",\"contentUrl\":\"http:\/\/www.berakoagenda.eus\/wp-content\/uploads\/sites\/132\/2016\/05\/ETXEKOAK-kartela-200x300.jpg\"},{\"@type\":\"BreadcrumbList\",\"@id\":\"http:\/\/www.berakoagenda.eus\/es\/antzerkia-etxekoak-artedrama-eta-huts-teatroa\/#breadcrumb\",\"itemListElement\":[{\"@type\":\"ListItem\",\"position\":1,\"name\":\"Portada\",\"item\":\"http:\/\/www.berakoagenda.eus\/es\/\"},{\"@type\":\"ListItem\",\"position\":2,\"name\":\"TEATRO: Etxekoak (Artedrama y Huts Teatroa)\"}]},{\"@type\":\"WebSite\",\"@id\":\"http:\/\/www.berakoagenda.eus\/es\/#website\",\"url\":\"http:\/\/www.berakoagenda.eus\/es\/\",\"name\":\"Berako Agenda\",\"description\":\"\",\"potentialAction\":[{\"@type\":\"SearchAction\",\"target\":{\"@type\":\"EntryPoint\",\"urlTemplate\":\"http:\/\/www.berakoagenda.eus\/es\/?s={search_term_string}\"},\"query-input\":{\"@type\":\"PropertyValueSpecification\",\"valueRequired\":true,\"valueName\":\"search_term_string\"}}],\"inLanguage\":\"es\"},{\"@type\":\"Person\",\"@id\":\"\",\"url\":\"http:\/\/www.berakoagenda.eus\/es\/author\/\"}]}<\/script>\r\n<!-- \/ Yoast SEO plugin. -->","yoast_head_json":{"title":"ANTZERKIA: Etxekoak (Artedrama eta Huts Teatroa)TEATRO: Etxekoak (Artedrama y Huts Teatroa) - Berako Agenda","robots":{"index":"index","follow":"follow","max-snippet":"max-snippet:-1","max-image-preview":"max-image-preview:large","max-video-preview":"max-video-preview:-1"},"canonical":"http:\/\/www.berakoagenda.eus\/es\/antzerkia-etxekoak-artedrama-eta-huts-teatroa\/","og_locale":"es_ES","og_type":"article","og_title":"ANTZERKIA: Etxekoak (Artedrama eta Huts Teatroa)TEATRO: Etxekoak (Artedrama y Huts Teatroa) - Berako Agenda","og_description":"En euskera D\u00eda: s\u00e1bado, 14 de mayo Lugar: Casa de Cultura Hora: 20:00 Entrada: 6 \u20ac Organiza: Comisi\u00f3n de Euskera de Bera Colaboran: Comisi\u00f3n de Cultura de BEra, Red de Teatros de Navarra y\u00a0 Mancomunidad de Euskera de Bortziriak M\u00e1s&hellip;","og_url":"http:\/\/www.berakoagenda.eus\/es\/antzerkia-etxekoak-artedrama-eta-huts-teatroa\/","og_site_name":"Berako Agenda","article_published_time":"2016-05-05T15:58:01+00:00","article_modified_time":"2016-05-09T09:51:54+00:00","og_image":[{"url":"http:\/\/www.berakoagenda.eus\/wp-content\/uploads\/sites\/132\/2016\/05\/ETXEKOAK-kartela-200x300.jpg","type":"","width":"","height":""}],"twitter_card":"summary_large_image","twitter_misc":{"Escrito por":"","Tiempo de lectura":"2 minutos"},"schema":{"@context":"https:\/\/schema.org","@graph":[{"@type":"Article","@id":"http:\/\/www.berakoagenda.eus\/es\/antzerkia-etxekoak-artedrama-eta-huts-teatroa\/#article","isPartOf":{"@id":"http:\/\/www.berakoagenda.eus\/es\/antzerkia-etxekoak-artedrama-eta-huts-teatroa\/"},"author":{"name":"","@id":""},"headline":"TEATRO: Etxekoak (Artedrama y Huts Teatroa)","datePublished":"2016-05-05T15:58:01+00:00","dateModified":"2016-05-09T09:51:54+00:00","mainEntityOfPage":{"@id":"http:\/\/www.berakoagenda.eus\/es\/antzerkia-etxekoak-artedrama-eta-huts-teatroa\/"},"wordCount":339,"commentCount":0,"image":{"@id":"http:\/\/www.berakoagenda.eus\/es\/antzerkia-etxekoak-artedrama-eta-huts-teatroa\/#primaryimage"},"thumbnailUrl":"http:\/\/www.berakoagenda.eus\/wp-content\/uploads\/sites\/132\/2016\/05\/ETXEKOAK-kartela-200x300.jpg","articleSection":["Noticias"],"inLanguage":"es"},{"@type":"WebPage","@id":"http:\/\/www.berakoagenda.eus\/es\/antzerkia-etxekoak-artedrama-eta-huts-teatroa\/","url":"http:\/\/www.berakoagenda.eus\/es\/antzerkia-etxekoak-artedrama-eta-huts-teatroa\/","name":"ANTZERKIA: Etxekoak (Artedrama eta Huts Teatroa)TEATRO: Etxekoak (Artedrama y Huts Teatroa) - Berako Agenda","isPartOf":{"@id":"http:\/\/www.berakoagenda.eus\/es\/#website"},"primaryImageOfPage":{"@id":"http:\/\/www.berakoagenda.eus\/es\/antzerkia-etxekoak-artedrama-eta-huts-teatroa\/#primaryimage"},"image":{"@id":"http:\/\/www.berakoagenda.eus\/es\/antzerkia-etxekoak-artedrama-eta-huts-teatroa\/#primaryimage"},"thumbnailUrl":"http:\/\/www.berakoagenda.eus\/wp-content\/uploads\/sites\/132\/2016\/05\/ETXEKOAK-kartela-200x300.jpg","datePublished":"2016-05-05T15:58:01+00:00","dateModified":"2016-05-09T09:51:54+00:00","author":{"@id":""},"breadcrumb":{"@id":"http:\/\/www.berakoagenda.eus\/es\/antzerkia-etxekoak-artedrama-eta-huts-teatroa\/#breadcrumb"},"inLanguage":"es","potentialAction":[{"@type":"ReadAction","target":[["http:\/\/www.berakoagenda.eus\/es\/antzerkia-etxekoak-artedrama-eta-huts-teatroa\/"]]}]},{"@type":"ImageObject","inLanguage":"es","@id":"http:\/\/www.berakoagenda.eus\/es\/antzerkia-etxekoak-artedrama-eta-huts-teatroa\/#primaryimage","url":"http:\/\/www.berakoagenda.eus\/wp-content\/uploads\/sites\/132\/2016\/05\/ETXEKOAK-kartela-200x300.jpg","contentUrl":"http:\/\/www.berakoagenda.eus\/wp-content\/uploads\/sites\/132\/2016\/05\/ETXEKOAK-kartela-200x300.jpg"},{"@type":"BreadcrumbList","@id":"http:\/\/www.berakoagenda.eus\/es\/antzerkia-etxekoak-artedrama-eta-huts-teatroa\/#breadcrumb","itemListElement":[{"@type":"ListItem","position":1,"name":"Portada","item":"http:\/\/www.berakoagenda.eus\/es\/"},{"@type":"ListItem","position":2,"name":"TEATRO: Etxekoak (Artedrama y Huts Teatroa)"}]},{"@type":"WebSite","@id":"http:\/\/www.berakoagenda.eus\/es\/#website","url":"http:\/\/www.berakoagenda.eus\/es\/","name":"Berako Agenda","description":"","potentialAction":[{"@type":"SearchAction","target":{"@type":"EntryPoint","urlTemplate":"http:\/\/www.berakoagenda.eus\/es\/?s={search_term_string}"},"query-input":{"@type":"PropertyValueSpecification","valueRequired":true,"valueName":"search_term_string"}}],"inLanguage":"es"},{"@type":"Person","@id":"","url":"http:\/\/www.berakoagenda.eus\/es\/author\/"}]}},"_links":{"self":[{"href":"http:\/\/www.berakoagenda.eus\/es\/wp-json\/wp\/v2\/posts\/1225","targetHints":{"allow":["GET"]}}],"collection":[{"href":"http:\/\/www.berakoagenda.eus\/es\/wp-json\/wp\/v2\/posts"}],"about":[{"href":"http:\/\/www.berakoagenda.eus\/es\/wp-json\/wp\/v2\/types\/post"}],"author":[{"embeddable":true,"href":"http:\/\/www.berakoagenda.eus\/es\/wp-json\/wp\/v2\/users\/82"}],"replies":[{"embeddable":true,"href":"http:\/\/www.berakoagenda.eus\/es\/wp-json\/wp\/v2\/comments?post=1225"}],"version-history":[{"count":1,"href":"http:\/\/www.berakoagenda.eus\/es\/wp-json\/wp\/v2\/posts\/1225\/revisions"}],"predecessor-version":[{"id":1227,"href":"http:\/\/www.berakoagenda.eus\/es\/wp-json\/wp\/v2\/posts\/1225\/revisions\/1227"}],"wp:attachment":[{"href":"http:\/\/www.berakoagenda.eus\/es\/wp-json\/wp\/v2\/media?parent=1225"}],"wp:term":[{"taxonomy":"category","embeddable":true,"href":"http:\/\/www.berakoagenda.eus\/es\/wp-json\/wp\/v2\/categories?post=1225"},{"taxonomy":"post_tag","embeddable":true,"href":"http:\/\/www.berakoagenda.eus\/es\/wp-json\/wp\/v2\/tags?post=1225"}],"curies":[{"name":"wp","href":"https:\/\/api.w.org\/{rel}","templated":true}]}}