{"id":1249,"date":"2016-06-13T11:05:12","date_gmt":"2016-06-13T09:05:12","guid":{"rendered":"http:\/\/www.berakoagenda.eus\/?p=1249"},"modified":"2016-06-13T11:05:12","modified_gmt":"2016-06-13T09:05:12","slug":"berako-bestetako-herri-danborradan-parte-hartzeko-deialdia-zabaldu-du-besta-batzordeak","status":"publish","type":"post","link":"http:\/\/www.berakoagenda.eus\/es\/berako-bestetako-herri-danborradan-parte-hartzeko-deialdia-zabaldu-du-besta-batzordeak\/","title":{"rendered":"La Comisi\u00f3n de Fiesta convoca a una reuni\u00f3n para participar en la tamborrada de Fiestas de Bera"},"content":{"rendered":"<p><!--StartFragment--><\/p>\n<p><strong>Al igual que el a\u00f1o pasado, este a\u00f1o, la Comisi\u00f3n de Fiestas tiene la intenci\u00f3n de organizar una tamborrada en Fiestas de Bera<br \/>\n<\/strong><\/p>\n<p>Tendr\u00eda lugar el 4 de agosto a las 12:00 y se realizar\u00eda un pasacalles desde la Plaza del Ayuntamiento hasta la Plaza de Altzate.<\/p>\n<p>En caso de querer participar, venid a la siguiente reuni\u00f3n:<\/p>\n<p><strong>D\u00eda<\/strong>: jueves, 16 de junio<br \/>\n<strong>Hora<\/strong>: 18:30<br \/>\n<strong>Lugar<\/strong>: Beralandeta<\/p>\n<p>Para llevar a cabo la tamborrada deber\u00e1 aegurarse un n\u00famero m\u00ednimo de participantes.<\/p>\n<p>\u00a1\u00a1\u00a1AN\u00cdMATE Y PARTICIPA!!!<\/p>\n<p><!--EndFragment--><\/p>","protected":false},"excerpt":{"rendered":"<p>Al igual que el a\u00f1o pasado, este a\u00f1o, la Comisi\u00f3n de Fiestas tiene la intenci\u00f3n de organizar una tamborrada en Fiestas de Bera Tendr\u00eda lugar el 4 de agosto a las 12:00 y se realizar\u00eda un pasacalles desde la Plaza&hellip; <\/p>\n","protected":false},"author":82,"featured_media":0,"comment_status":"open","ping_status":"open","sticky":false,"template":"","format":"standard","meta":{"_monsterinsights_skip_tracking":false,"_monsterinsights_sitenote_active":false,"_monsterinsights_sitenote_note":"","_monsterinsights_sitenote_category":0,"footnotes":""},"categories":[12],"tags":[],"class_list":["post-1249","post","type-post","status-publish","format-standard","hentry","category-albisteak"],"yoast_head":"<!-- This site is optimized with the Yoast SEO plugin v26.8 - https:\/\/yoast.com\/product\/yoast-seo-wordpress\/ -->\r\n<title>Berako Bestetako herri danborradan parte hartzeko deialdia zabaldu du Besta BatzordeakLa Comisi\u00f3n de Fiesta convoca a una reuni\u00f3n para participar en la tamborrada de Fiestas de Bera - Berako Agenda<\/title>\r\n<meta name=\"robots\" content=\"index, follow, max-snippet:-1, max-image-preview:large, max-video-preview:-1\" \/>\r\n<link rel=\"canonical\" href=\"http:\/\/www.berakoagenda.eus\/es\/berako-bestetako-herri-danborradan-parte-hartzeko-deialdia-zabaldu-du-besta-batzordeak\/\" \/>\r\n<meta property=\"og:locale\" content=\"es_ES\" \/>\r\n<meta property=\"og:type\" content=\"article\" \/>\r\n<meta property=\"og:title\" content=\"Berako Bestetako herri danborradan parte hartzeko deialdia zabaldu du Besta BatzordeakLa Comisi\u00f3n de Fiesta convoca a una reuni\u00f3n para participar en la tamborrada de Fiestas de Bera - Berako Agenda\" \/>\r\n<meta property=\"og:description\" content=\"Al igual que el a\u00f1o pasado, este a\u00f1o, la Comisi\u00f3n de Fiestas tiene la intenci\u00f3n de organizar una tamborrada en Fiestas de Bera Tendr\u00eda lugar el 4 de agosto a las 12:00 y se realizar\u00eda un pasacalles desde la Plaza&hellip;\" \/>\r\n<meta property=\"og:url\" content=\"http:\/\/www.berakoagenda.eus\/es\/berako-bestetako-herri-danborradan-parte-hartzeko-deialdia-zabaldu-du-besta-batzordeak\/\" \/>\r\n<meta property=\"og:site_name\" content=\"Berako Agenda\" \/>\r\n<meta property=\"article:published_time\" content=\"2016-06-13T09:05:12+00:00\" \/>\r\n<meta name=\"twitter:card\" content=\"summary_large_image\" \/>\r\n<meta name=\"twitter:label1\" content=\"Escrito por\" \/>\n\t<meta name=\"twitter:data1\" content=\"\" \/>\n\t<meta name=\"twitter:label2\" content=\"Tiempo de lectura\" \/>\n\t<meta name=\"twitter:data2\" content=\"1 minuto\" \/>\r\n<script type=\"application\/ld+json\" class=\"yoast-schema-graph\">{\"@context\":\"https:\/\/schema.org\",\"@graph\":[{\"@type\":\"Article\",\"@id\":\"http:\/\/www.berakoagenda.eus\/es\/berako-bestetako-herri-danborradan-parte-hartzeko-deialdia-zabaldu-du-besta-batzordeak\/#article\",\"isPartOf\":{\"@id\":\"http:\/\/www.berakoagenda.eus\/es\/berako-bestetako-herri-danborradan-parte-hartzeko-deialdia-zabaldu-du-besta-batzordeak\/\"},\"author\":{\"name\":\"\",\"@id\":\"\"},\"headline\":\"La Comisi\u00f3n de Fiesta convoca a una reuni\u00f3n para participar en la tamborrada de Fiestas de Bera\",\"datePublished\":\"2016-06-13T09:05:12+00:00\",\"mainEntityOfPage\":{\"@id\":\"http:\/\/www.berakoagenda.eus\/es\/berako-bestetako-herri-danborradan-parte-hartzeko-deialdia-zabaldu-du-besta-batzordeak\/\"},\"wordCount\":181,\"commentCount\":0,\"articleSection\":[\"Noticias\"],\"inLanguage\":\"es\"},{\"@type\":\"WebPage\",\"@id\":\"http:\/\/www.berakoagenda.eus\/es\/berako-bestetako-herri-danborradan-parte-hartzeko-deialdia-zabaldu-du-besta-batzordeak\/\",\"url\":\"http:\/\/www.berakoagenda.eus\/es\/berako-bestetako-herri-danborradan-parte-hartzeko-deialdia-zabaldu-du-besta-batzordeak\/\",\"name\":\"Berako Bestetako herri danborradan parte hartzeko deialdia zabaldu du Besta BatzordeakLa Comisi\u00f3n de Fiesta convoca a una reuni\u00f3n para participar en la tamborrada de Fiestas de Bera - Berako Agenda\",\"isPartOf\":{\"@id\":\"http:\/\/www.berakoagenda.eus\/es\/#website\"},\"datePublished\":\"2016-06-13T09:05:12+00:00\",\"author\":{\"@id\":\"\"},\"breadcrumb\":{\"@id\":\"http:\/\/www.berakoagenda.eus\/es\/berako-bestetako-herri-danborradan-parte-hartzeko-deialdia-zabaldu-du-besta-batzordeak\/#breadcrumb\"},\"inLanguage\":\"es\",\"potentialAction\":[{\"@type\":\"ReadAction\",\"target\":[[\"http:\/\/www.berakoagenda.eus\/es\/berako-bestetako-herri-danborradan-parte-hartzeko-deialdia-zabaldu-du-besta-batzordeak\/\"]]}]},{\"@type\":\"BreadcrumbList\",\"@id\":\"http:\/\/www.berakoagenda.eus\/es\/berako-bestetako-herri-danborradan-parte-hartzeko-deialdia-zabaldu-du-besta-batzordeak\/#breadcrumb\",\"itemListElement\":[{\"@type\":\"ListItem\",\"position\":1,\"name\":\"Portada\",\"item\":\"http:\/\/www.berakoagenda.eus\/es\/\"},{\"@type\":\"ListItem\",\"position\":2,\"name\":\"La Comisi\u00f3n de Fiesta convoca a una reuni\u00f3n para participar en la tamborrada de Fiestas de Bera\"}]},{\"@type\":\"WebSite\",\"@id\":\"http:\/\/www.berakoagenda.eus\/es\/#website\",\"url\":\"http:\/\/www.berakoagenda.eus\/es\/\",\"name\":\"Berako Agenda\",\"description\":\"\",\"potentialAction\":[{\"@type\":\"SearchAction\",\"target\":{\"@type\":\"EntryPoint\",\"urlTemplate\":\"http:\/\/www.berakoagenda.eus\/es\/?s={search_term_string}\"},\"query-input\":{\"@type\":\"PropertyValueSpecification\",\"valueRequired\":true,\"valueName\":\"search_term_string\"}}],\"inLanguage\":\"es\"},{\"@type\":\"Person\",\"@id\":\"\",\"url\":\"http:\/\/www.berakoagenda.eus\/es\/author\/\"}]}<\/script>\r\n<!-- \/ Yoast SEO plugin. -->","yoast_head_json":{"title":"Berako Bestetako herri danborradan parte hartzeko deialdia zabaldu du Besta BatzordeakLa Comisi\u00f3n de Fiesta convoca a una reuni\u00f3n para participar en la tamborrada de Fiestas de Bera - Berako Agenda","robots":{"index":"index","follow":"follow","max-snippet":"max-snippet:-1","max-image-preview":"max-image-preview:large","max-video-preview":"max-video-preview:-1"},"canonical":"http:\/\/www.berakoagenda.eus\/es\/berako-bestetako-herri-danborradan-parte-hartzeko-deialdia-zabaldu-du-besta-batzordeak\/","og_locale":"es_ES","og_type":"article","og_title":"Berako Bestetako herri danborradan parte hartzeko deialdia zabaldu du Besta BatzordeakLa Comisi\u00f3n de Fiesta convoca a una reuni\u00f3n para participar en la tamborrada de Fiestas de Bera - Berako Agenda","og_description":"Al igual que el a\u00f1o pasado, este a\u00f1o, la Comisi\u00f3n de Fiestas tiene la intenci\u00f3n de organizar una tamborrada en Fiestas de Bera Tendr\u00eda lugar el 4 de agosto a las 12:00 y se realizar\u00eda un pasacalles desde la Plaza&hellip;","og_url":"http:\/\/www.berakoagenda.eus\/es\/berako-bestetako-herri-danborradan-parte-hartzeko-deialdia-zabaldu-du-besta-batzordeak\/","og_site_name":"Berako Agenda","article_published_time":"2016-06-13T09:05:12+00:00","twitter_card":"summary_large_image","twitter_misc":{"Escrito por":"","Tiempo de lectura":"1 minuto"},"schema":{"@context":"https:\/\/schema.org","@graph":[{"@type":"Article","@id":"http:\/\/www.berakoagenda.eus\/es\/berako-bestetako-herri-danborradan-parte-hartzeko-deialdia-zabaldu-du-besta-batzordeak\/#article","isPartOf":{"@id":"http:\/\/www.berakoagenda.eus\/es\/berako-bestetako-herri-danborradan-parte-hartzeko-deialdia-zabaldu-du-besta-batzordeak\/"},"author":{"name":"","@id":""},"headline":"La Comisi\u00f3n de Fiesta convoca a una reuni\u00f3n para participar en la tamborrada de Fiestas de Bera","datePublished":"2016-06-13T09:05:12+00:00","mainEntityOfPage":{"@id":"http:\/\/www.berakoagenda.eus\/es\/berako-bestetako-herri-danborradan-parte-hartzeko-deialdia-zabaldu-du-besta-batzordeak\/"},"wordCount":181,"commentCount":0,"articleSection":["Noticias"],"inLanguage":"es"},{"@type":"WebPage","@id":"http:\/\/www.berakoagenda.eus\/es\/berako-bestetako-herri-danborradan-parte-hartzeko-deialdia-zabaldu-du-besta-batzordeak\/","url":"http:\/\/www.berakoagenda.eus\/es\/berako-bestetako-herri-danborradan-parte-hartzeko-deialdia-zabaldu-du-besta-batzordeak\/","name":"Berako Bestetako herri danborradan parte hartzeko deialdia zabaldu du Besta BatzordeakLa Comisi\u00f3n de Fiesta convoca a una reuni\u00f3n para participar en la tamborrada de Fiestas de Bera - Berako Agenda","isPartOf":{"@id":"http:\/\/www.berakoagenda.eus\/es\/#website"},"datePublished":"2016-06-13T09:05:12+00:00","author":{"@id":""},"breadcrumb":{"@id":"http:\/\/www.berakoagenda.eus\/es\/berako-bestetako-herri-danborradan-parte-hartzeko-deialdia-zabaldu-du-besta-batzordeak\/#breadcrumb"},"inLanguage":"es","potentialAction":[{"@type":"ReadAction","target":[["http:\/\/www.berakoagenda.eus\/es\/berako-bestetako-herri-danborradan-parte-hartzeko-deialdia-zabaldu-du-besta-batzordeak\/"]]}]},{"@type":"BreadcrumbList","@id":"http:\/\/www.berakoagenda.eus\/es\/berako-bestetako-herri-danborradan-parte-hartzeko-deialdia-zabaldu-du-besta-batzordeak\/#breadcrumb","itemListElement":[{"@type":"ListItem","position":1,"name":"Portada","item":"http:\/\/www.berakoagenda.eus\/es\/"},{"@type":"ListItem","position":2,"name":"La Comisi\u00f3n de Fiesta convoca a una reuni\u00f3n para participar en la tamborrada de Fiestas de Bera"}]},{"@type":"WebSite","@id":"http:\/\/www.berakoagenda.eus\/es\/#website","url":"http:\/\/www.berakoagenda.eus\/es\/","name":"Berako Agenda","description":"","potentialAction":[{"@type":"SearchAction","target":{"@type":"EntryPoint","urlTemplate":"http:\/\/www.berakoagenda.eus\/es\/?s={search_term_string}"},"query-input":{"@type":"PropertyValueSpecification","valueRequired":true,"valueName":"search_term_string"}}],"inLanguage":"es"},{"@type":"Person","@id":"","url":"http:\/\/www.berakoagenda.eus\/es\/author\/"}]}},"_links":{"self":[{"href":"http:\/\/www.berakoagenda.eus\/es\/wp-json\/wp\/v2\/posts\/1249","targetHints":{"allow":["GET"]}}],"collection":[{"href":"http:\/\/www.berakoagenda.eus\/es\/wp-json\/wp\/v2\/posts"}],"about":[{"href":"http:\/\/www.berakoagenda.eus\/es\/wp-json\/wp\/v2\/types\/post"}],"author":[{"embeddable":true,"href":"http:\/\/www.berakoagenda.eus\/es\/wp-json\/wp\/v2\/users\/82"}],"replies":[{"embeddable":true,"href":"http:\/\/www.berakoagenda.eus\/es\/wp-json\/wp\/v2\/comments?post=1249"}],"version-history":[{"count":0,"href":"http:\/\/www.berakoagenda.eus\/es\/wp-json\/wp\/v2\/posts\/1249\/revisions"}],"wp:attachment":[{"href":"http:\/\/www.berakoagenda.eus\/es\/wp-json\/wp\/v2\/media?parent=1249"}],"wp:term":[{"taxonomy":"category","embeddable":true,"href":"http:\/\/www.berakoagenda.eus\/es\/wp-json\/wp\/v2\/categories?post=1249"},{"taxonomy":"post_tag","embeddable":true,"href":"http:\/\/www.berakoagenda.eus\/es\/wp-json\/wp\/v2\/tags?post=1249"}],"curies":[{"name":"wp","href":"https:\/\/api.w.org\/{rel}","templated":true}]}}