{"id":1280,"date":"2016-07-27T17:50:18","date_gmt":"2016-07-27T15:50:18","guid":{"rendered":"http:\/\/www.berakoagenda.eus\/?p=1280"},"modified":"2016-07-27T17:50:18","modified_gmt":"2016-07-27T15:50:18","slug":"korrontzi-dantzan-emanaldia-izanen-da-uztailaren-30ean-beran","status":"publish","type":"post","link":"http:\/\/www.berakoagenda.eus\/es\/korrontzi-dantzan-emanaldia-izanen-da-uztailaren-30ean-beran\/","title":{"rendered":"El 30 de julio espect\u00e1culo \u00abKorrontzi dantzan\u00bb, en Bera"},"content":{"rendered":"<p><!--StartFragment--><img loading=\"lazy\" decoding=\"async\" class=\"aligncenter size-medium wp-image-1281\" src=\"http:\/\/www.berakoagenda.eus\/wp-content\/uploads\/sites\/132\/2016\/07\/korrontzi01-300x200.jpg\" alt=\"korrontzi01\" width=\"300\" height=\"200\" srcset=\"http:\/\/www.berakoagenda.eus\/wp-content\/uploads\/sites\/132\/2016\/07\/korrontzi01-300x200.jpg 300w, http:\/\/www.berakoagenda.eus\/wp-content\/uploads\/sites\/132\/2016\/07\/korrontzi01-1024x682.jpg 1024w, http:\/\/www.berakoagenda.eus\/wp-content\/uploads\/sites\/132\/2016\/07\/korrontzi01-600x400.jpg 600w, http:\/\/www.berakoagenda.eus\/wp-content\/uploads\/sites\/132\/2016\/07\/korrontzi01.jpg 1500w\" sizes=\"auto, (max-width: 300px) 100vw, 300px\" \/><\/p>\n<p><strong>El grupo de folk actuar\u00e1 junto a los grupos de danza del Gure Txokoa y Oinkari el pr\u00f3ximo 30 de julio<\/strong><\/p>\n<p><strong>D\u00eda<\/strong>: s\u00e1bado, 30 de julio<br \/>\n<strong>Lugar<\/strong>: front\u00f3n Eztegara<br \/>\n<strong>Hora<\/strong>: 22:00<br \/>\n<strong>Entrada<\/strong>: 10 \u20ac (a la venta en Agara prentsa); gratuita, hasta los 10 a\u00f1os<br \/>\n<strong>Organiza<\/strong>: Gure Txokoa Elkartea<\/p>\n<p>Asimismo, el grupo <em>Korrontzi<\/em> ha invitado a los dantzaris de Bera a actuar con ellos en la Ciudadela de Pamplona el pr\u00f3ximo 10 de agosto.<\/p>","protected":false},"excerpt":{"rendered":"<p>El grupo de folk actuar\u00e1 junto a los grupos de danza del Gure Txokoa y Oinkari el pr\u00f3ximo 30 de julio D\u00eda: s\u00e1bado, 30 de julio Lugar: front\u00f3n Eztegara Hora: 22:00 Entrada: 10 \u20ac (a la venta en Agara prentsa);&hellip; <\/p>\n","protected":false},"author":82,"featured_media":0,"comment_status":"open","ping_status":"open","sticky":false,"template":"","format":"standard","meta":{"_monsterinsights_skip_tracking":false,"_monsterinsights_sitenote_active":false,"_monsterinsights_sitenote_note":"","_monsterinsights_sitenote_category":0,"footnotes":""},"categories":[12],"tags":[],"class_list":["post-1280","post","type-post","status-publish","format-standard","hentry","category-albisteak"],"yoast_head":"<!-- This site is optimized with the Yoast SEO plugin v26.8 - https:\/\/yoast.com\/product\/yoast-seo-wordpress\/ -->\r\n<title>&quot;Korrontzi dantzan&quot; emanaldia izanen da uztailaren 30ean, BeranEl 30 de julio espect\u00e1culo &quot;Korrontzi dantzan&quot;, en Bera - Berako Agenda<\/title>\r\n<meta name=\"robots\" content=\"index, follow, max-snippet:-1, max-image-preview:large, max-video-preview:-1\" \/>\r\n<link rel=\"canonical\" href=\"http:\/\/www.berakoagenda.eus\/es\/korrontzi-dantzan-emanaldia-izanen-da-uztailaren-30ean-beran\/\" \/>\r\n<meta property=\"og:locale\" content=\"es_ES\" \/>\r\n<meta property=\"og:type\" content=\"article\" \/>\r\n<meta property=\"og:title\" content=\"&quot;Korrontzi dantzan&quot; emanaldia izanen da uztailaren 30ean, BeranEl 30 de julio espect\u00e1culo &quot;Korrontzi dantzan&quot;, en Bera - Berako Agenda\" \/>\r\n<meta property=\"og:description\" content=\"El grupo de folk actuar\u00e1 junto a los grupos de danza del Gure Txokoa y Oinkari el pr\u00f3ximo 30 de julio D\u00eda: s\u00e1bado, 30 de julio Lugar: front\u00f3n Eztegara Hora: 22:00 Entrada: 10 \u20ac (a la venta en Agara prentsa);&hellip;\" \/>\r\n<meta property=\"og:url\" content=\"http:\/\/www.berakoagenda.eus\/es\/korrontzi-dantzan-emanaldia-izanen-da-uztailaren-30ean-beran\/\" \/>\r\n<meta property=\"og:site_name\" content=\"Berako Agenda\" \/>\r\n<meta property=\"article:published_time\" content=\"2016-07-27T15:50:18+00:00\" \/>\r\n<meta property=\"og:image\" content=\"http:\/\/www.berakoagenda.eus\/wp-content\/uploads\/sites\/132\/2016\/07\/korrontzi01-300x200.jpg\" \/>\r\n<meta name=\"twitter:card\" content=\"summary_large_image\" \/>\r\n<meta name=\"twitter:label1\" content=\"Escrito por\" \/>\n\t<meta name=\"twitter:data1\" content=\"\" \/>\n\t<meta name=\"twitter:label2\" content=\"Tiempo de lectura\" \/>\n\t<meta name=\"twitter:data2\" content=\"1 minuto\" \/>\r\n<script type=\"application\/ld+json\" class=\"yoast-schema-graph\">{\"@context\":\"https:\/\/schema.org\",\"@graph\":[{\"@type\":\"Article\",\"@id\":\"http:\/\/www.berakoagenda.eus\/es\/korrontzi-dantzan-emanaldia-izanen-da-uztailaren-30ean-beran\/#article\",\"isPartOf\":{\"@id\":\"http:\/\/www.berakoagenda.eus\/es\/korrontzi-dantzan-emanaldia-izanen-da-uztailaren-30ean-beran\/\"},\"author\":{\"name\":\"\",\"@id\":\"\"},\"headline\":\"El 30 de julio espect\u00e1culo \u00abKorrontzi dantzan\u00bb, en Bera\",\"datePublished\":\"2016-07-27T15:50:18+00:00\",\"mainEntityOfPage\":{\"@id\":\"http:\/\/www.berakoagenda.eus\/es\/korrontzi-dantzan-emanaldia-izanen-da-uztailaren-30ean-beran\/\"},\"wordCount\":136,\"commentCount\":0,\"image\":{\"@id\":\"http:\/\/www.berakoagenda.eus\/es\/korrontzi-dantzan-emanaldia-izanen-da-uztailaren-30ean-beran\/#primaryimage\"},\"thumbnailUrl\":\"http:\/\/www.berakoagenda.eus\/wp-content\/uploads\/sites\/132\/2016\/07\/korrontzi01-300x200.jpg\",\"articleSection\":[\"Noticias\"],\"inLanguage\":\"es\"},{\"@type\":\"WebPage\",\"@id\":\"http:\/\/www.berakoagenda.eus\/es\/korrontzi-dantzan-emanaldia-izanen-da-uztailaren-30ean-beran\/\",\"url\":\"http:\/\/www.berakoagenda.eus\/es\/korrontzi-dantzan-emanaldia-izanen-da-uztailaren-30ean-beran\/\",\"name\":\"\\\"Korrontzi dantzan\\\" emanaldia izanen da uztailaren 30ean, BeranEl 30 de julio espect\u00e1culo \\\"Korrontzi dantzan\\\", en Bera - Berako Agenda\",\"isPartOf\":{\"@id\":\"http:\/\/www.berakoagenda.eus\/es\/#website\"},\"primaryImageOfPage\":{\"@id\":\"http:\/\/www.berakoagenda.eus\/es\/korrontzi-dantzan-emanaldia-izanen-da-uztailaren-30ean-beran\/#primaryimage\"},\"image\":{\"@id\":\"http:\/\/www.berakoagenda.eus\/es\/korrontzi-dantzan-emanaldia-izanen-da-uztailaren-30ean-beran\/#primaryimage\"},\"thumbnailUrl\":\"http:\/\/www.berakoagenda.eus\/wp-content\/uploads\/sites\/132\/2016\/07\/korrontzi01-300x200.jpg\",\"datePublished\":\"2016-07-27T15:50:18+00:00\",\"author\":{\"@id\":\"\"},\"breadcrumb\":{\"@id\":\"http:\/\/www.berakoagenda.eus\/es\/korrontzi-dantzan-emanaldia-izanen-da-uztailaren-30ean-beran\/#breadcrumb\"},\"inLanguage\":\"es\",\"potentialAction\":[{\"@type\":\"ReadAction\",\"target\":[[\"http:\/\/www.berakoagenda.eus\/es\/korrontzi-dantzan-emanaldia-izanen-da-uztailaren-30ean-beran\/\"]]}]},{\"@type\":\"ImageObject\",\"inLanguage\":\"es\",\"@id\":\"http:\/\/www.berakoagenda.eus\/es\/korrontzi-dantzan-emanaldia-izanen-da-uztailaren-30ean-beran\/#primaryimage\",\"url\":\"http:\/\/www.berakoagenda.eus\/wp-content\/uploads\/sites\/132\/2016\/07\/korrontzi01-300x200.jpg\",\"contentUrl\":\"http:\/\/www.berakoagenda.eus\/wp-content\/uploads\/sites\/132\/2016\/07\/korrontzi01-300x200.jpg\"},{\"@type\":\"BreadcrumbList\",\"@id\":\"http:\/\/www.berakoagenda.eus\/es\/korrontzi-dantzan-emanaldia-izanen-da-uztailaren-30ean-beran\/#breadcrumb\",\"itemListElement\":[{\"@type\":\"ListItem\",\"position\":1,\"name\":\"Portada\",\"item\":\"http:\/\/www.berakoagenda.eus\/es\/\"},{\"@type\":\"ListItem\",\"position\":2,\"name\":\"El 30 de julio espect\u00e1culo \u00abKorrontzi dantzan\u00bb, en Bera\"}]},{\"@type\":\"WebSite\",\"@id\":\"http:\/\/www.berakoagenda.eus\/es\/#website\",\"url\":\"http:\/\/www.berakoagenda.eus\/es\/\",\"name\":\"Berako Agenda\",\"description\":\"\",\"potentialAction\":[{\"@type\":\"SearchAction\",\"target\":{\"@type\":\"EntryPoint\",\"urlTemplate\":\"http:\/\/www.berakoagenda.eus\/es\/?s={search_term_string}\"},\"query-input\":{\"@type\":\"PropertyValueSpecification\",\"valueRequired\":true,\"valueName\":\"search_term_string\"}}],\"inLanguage\":\"es\"},{\"@type\":\"Person\",\"@id\":\"\",\"url\":\"http:\/\/www.berakoagenda.eus\/es\/author\/\"}]}<\/script>\r\n<!-- \/ Yoast SEO plugin. -->","yoast_head_json":{"title":"\"Korrontzi dantzan\" emanaldia izanen da uztailaren 30ean, BeranEl 30 de julio espect\u00e1culo \"Korrontzi dantzan\", en Bera - Berako Agenda","robots":{"index":"index","follow":"follow","max-snippet":"max-snippet:-1","max-image-preview":"max-image-preview:large","max-video-preview":"max-video-preview:-1"},"canonical":"http:\/\/www.berakoagenda.eus\/es\/korrontzi-dantzan-emanaldia-izanen-da-uztailaren-30ean-beran\/","og_locale":"es_ES","og_type":"article","og_title":"\"Korrontzi dantzan\" emanaldia izanen da uztailaren 30ean, BeranEl 30 de julio espect\u00e1culo \"Korrontzi dantzan\", en Bera - Berako Agenda","og_description":"El grupo de folk actuar\u00e1 junto a los grupos de danza del Gure Txokoa y Oinkari el pr\u00f3ximo 30 de julio D\u00eda: s\u00e1bado, 30 de julio Lugar: front\u00f3n Eztegara Hora: 22:00 Entrada: 10 \u20ac (a la venta en Agara prentsa);&hellip;","og_url":"http:\/\/www.berakoagenda.eus\/es\/korrontzi-dantzan-emanaldia-izanen-da-uztailaren-30ean-beran\/","og_site_name":"Berako Agenda","article_published_time":"2016-07-27T15:50:18+00:00","og_image":[{"url":"http:\/\/www.berakoagenda.eus\/wp-content\/uploads\/sites\/132\/2016\/07\/korrontzi01-300x200.jpg","type":"","width":"","height":""}],"twitter_card":"summary_large_image","twitter_misc":{"Escrito por":"","Tiempo de lectura":"1 minuto"},"schema":{"@context":"https:\/\/schema.org","@graph":[{"@type":"Article","@id":"http:\/\/www.berakoagenda.eus\/es\/korrontzi-dantzan-emanaldia-izanen-da-uztailaren-30ean-beran\/#article","isPartOf":{"@id":"http:\/\/www.berakoagenda.eus\/es\/korrontzi-dantzan-emanaldia-izanen-da-uztailaren-30ean-beran\/"},"author":{"name":"","@id":""},"headline":"El 30 de julio espect\u00e1culo \u00abKorrontzi dantzan\u00bb, en Bera","datePublished":"2016-07-27T15:50:18+00:00","mainEntityOfPage":{"@id":"http:\/\/www.berakoagenda.eus\/es\/korrontzi-dantzan-emanaldia-izanen-da-uztailaren-30ean-beran\/"},"wordCount":136,"commentCount":0,"image":{"@id":"http:\/\/www.berakoagenda.eus\/es\/korrontzi-dantzan-emanaldia-izanen-da-uztailaren-30ean-beran\/#primaryimage"},"thumbnailUrl":"http:\/\/www.berakoagenda.eus\/wp-content\/uploads\/sites\/132\/2016\/07\/korrontzi01-300x200.jpg","articleSection":["Noticias"],"inLanguage":"es"},{"@type":"WebPage","@id":"http:\/\/www.berakoagenda.eus\/es\/korrontzi-dantzan-emanaldia-izanen-da-uztailaren-30ean-beran\/","url":"http:\/\/www.berakoagenda.eus\/es\/korrontzi-dantzan-emanaldia-izanen-da-uztailaren-30ean-beran\/","name":"\"Korrontzi dantzan\" emanaldia izanen da uztailaren 30ean, BeranEl 30 de julio espect\u00e1culo \"Korrontzi dantzan\", en Bera - Berako Agenda","isPartOf":{"@id":"http:\/\/www.berakoagenda.eus\/es\/#website"},"primaryImageOfPage":{"@id":"http:\/\/www.berakoagenda.eus\/es\/korrontzi-dantzan-emanaldia-izanen-da-uztailaren-30ean-beran\/#primaryimage"},"image":{"@id":"http:\/\/www.berakoagenda.eus\/es\/korrontzi-dantzan-emanaldia-izanen-da-uztailaren-30ean-beran\/#primaryimage"},"thumbnailUrl":"http:\/\/www.berakoagenda.eus\/wp-content\/uploads\/sites\/132\/2016\/07\/korrontzi01-300x200.jpg","datePublished":"2016-07-27T15:50:18+00:00","author":{"@id":""},"breadcrumb":{"@id":"http:\/\/www.berakoagenda.eus\/es\/korrontzi-dantzan-emanaldia-izanen-da-uztailaren-30ean-beran\/#breadcrumb"},"inLanguage":"es","potentialAction":[{"@type":"ReadAction","target":[["http:\/\/www.berakoagenda.eus\/es\/korrontzi-dantzan-emanaldia-izanen-da-uztailaren-30ean-beran\/"]]}]},{"@type":"ImageObject","inLanguage":"es","@id":"http:\/\/www.berakoagenda.eus\/es\/korrontzi-dantzan-emanaldia-izanen-da-uztailaren-30ean-beran\/#primaryimage","url":"http:\/\/www.berakoagenda.eus\/wp-content\/uploads\/sites\/132\/2016\/07\/korrontzi01-300x200.jpg","contentUrl":"http:\/\/www.berakoagenda.eus\/wp-content\/uploads\/sites\/132\/2016\/07\/korrontzi01-300x200.jpg"},{"@type":"BreadcrumbList","@id":"http:\/\/www.berakoagenda.eus\/es\/korrontzi-dantzan-emanaldia-izanen-da-uztailaren-30ean-beran\/#breadcrumb","itemListElement":[{"@type":"ListItem","position":1,"name":"Portada","item":"http:\/\/www.berakoagenda.eus\/es\/"},{"@type":"ListItem","position":2,"name":"El 30 de julio espect\u00e1culo \u00abKorrontzi dantzan\u00bb, en Bera"}]},{"@type":"WebSite","@id":"http:\/\/www.berakoagenda.eus\/es\/#website","url":"http:\/\/www.berakoagenda.eus\/es\/","name":"Berako Agenda","description":"","potentialAction":[{"@type":"SearchAction","target":{"@type":"EntryPoint","urlTemplate":"http:\/\/www.berakoagenda.eus\/es\/?s={search_term_string}"},"query-input":{"@type":"PropertyValueSpecification","valueRequired":true,"valueName":"search_term_string"}}],"inLanguage":"es"},{"@type":"Person","@id":"","url":"http:\/\/www.berakoagenda.eus\/es\/author\/"}]}},"_links":{"self":[{"href":"http:\/\/www.berakoagenda.eus\/es\/wp-json\/wp\/v2\/posts\/1280","targetHints":{"allow":["GET"]}}],"collection":[{"href":"http:\/\/www.berakoagenda.eus\/es\/wp-json\/wp\/v2\/posts"}],"about":[{"href":"http:\/\/www.berakoagenda.eus\/es\/wp-json\/wp\/v2\/types\/post"}],"author":[{"embeddable":true,"href":"http:\/\/www.berakoagenda.eus\/es\/wp-json\/wp\/v2\/users\/82"}],"replies":[{"embeddable":true,"href":"http:\/\/www.berakoagenda.eus\/es\/wp-json\/wp\/v2\/comments?post=1280"}],"version-history":[{"count":0,"href":"http:\/\/www.berakoagenda.eus\/es\/wp-json\/wp\/v2\/posts\/1280\/revisions"}],"wp:attachment":[{"href":"http:\/\/www.berakoagenda.eus\/es\/wp-json\/wp\/v2\/media?parent=1280"}],"wp:term":[{"taxonomy":"category","embeddable":true,"href":"http:\/\/www.berakoagenda.eus\/es\/wp-json\/wp\/v2\/categories?post=1280"},{"taxonomy":"post_tag","embeddable":true,"href":"http:\/\/www.berakoagenda.eus\/es\/wp-json\/wp\/v2\/tags?post=1280"}],"curies":[{"name":"wp","href":"https:\/\/api.w.org\/{rel}","templated":true}]}}