{"id":1284,"date":"2016-08-04T13:43:24","date_gmt":"2016-08-04T11:43:24","guid":{"rendered":"http:\/\/www.berakoagenda.eus\/?p=1284"},"modified":"2016-08-08T13:57:58","modified_gmt":"2016-08-08T11:57:58","slug":"erakusketa-helburua-bigarren-elementua-jose-antonio-olaiz","status":"publish","type":"post","link":"http:\/\/www.berakoagenda.eus\/es\/erakusketa-helburua-bigarren-elementua-jose-antonio-olaiz\/","title":{"rendered":"EXPOSICI\u00d3N FOTOGR\u00c1FICA: \u00abObjetivo: El segundo elemento\u00bb (Jose Antonio Olaiz Urriza)"},"content":{"rendered":"<p><!--StartFragment--><!--StartFragment--><img loading=\"lazy\" decoding=\"async\" class=\"irc_mi i8pmkDl466WU-pQOPx8XEepE\" style=\"margin-top: 57px\" src=\"http:\/\/infoenpunto.com\/upload\/img\/periodico\/img_20595.jpg\" alt=\"\" width=\"440\" height=\"281\" \/><!--EndFragment--><\/p>\n<p><!--StartFragment--><em>Tras pasar por Pamplona, Villava y Estella tendremos la ocasi\u00f3n de disfrutar en Bera de esta exposici\u00f3n fotogr\u00e1fica en torno al agua<\/em><!--EndFragment--><\/p>\n<p><strong>EXPOSICI\u00d3N: FOTOGRAF\u00cdA EXPERIMENTAL<br \/>\n<\/strong><\/p>\n<p><strong>D\u00eda<\/strong>: 2 al 21 de agosto<br \/>\n<strong>Lugar<\/strong>: Casa de Cultura de Bera<br \/>\n<strong>Horario<\/strong>: 10:00-14:00 y 15:00-18:00<br \/>\nAbierto de martes a domingo<br \/>\nLos domingos abierto s\u00f3lo por la ma\u00f1ana<br \/>\nLunes cerrado<br \/>\n<strong>Organiza<\/strong>: <a title=\"Berako Udaleko web orria\" href=\"http:\/\/www.berakoagenda.eus\/archivos\/1252\" target=\"_blank\">Ayuntamiento de Bera<\/a><\/p>\n<p><!--StartFragment--><\/p>\n<p>\u00abEl Segundo Elemento\u00bb, del pamplon\u00e9s Jos\u00e9 Antonio Olaiz Urriza. El t\u00edtulo hace referencia a la clasificaci\u00f3n de la materia realizada por los fil\u00f3sofos de la antig\u00fcedad y quiere ser una reflexi\u00f3n, desde la fotograf\u00eda, sobre el agua.<\/p>\n<p><!--StartFragment-->Es el reflejo de lo que ve y siente en plena naturaleza, nos muestra diferentes visiones del agua con series fotogr\u00e1ficas sin tratamiento digital, sin filtros en el objetivo y sin disparo en r\u00e1faga.<\/p>\n<p><!--EndFragment--><!--EndFragment--><\/p>\n<p><!--EndFragment--><\/p>","protected":false},"excerpt":{"rendered":"<p>Tras pasar por Pamplona, Villava y Estella tendremos la ocasi\u00f3n de disfrutar en Bera de esta exposici\u00f3n fotogr\u00e1fica en torno al agua EXPOSICI\u00d3N: FOTOGRAF\u00cdA EXPERIMENTAL D\u00eda: 2 al 21 de agosto Lugar: Casa de Cultura de Bera Horario: 10:00-14:00 y&hellip; <\/p>\n","protected":false},"author":82,"featured_media":0,"comment_status":"open","ping_status":"open","sticky":false,"template":"","format":"standard","meta":{"_monsterinsights_skip_tracking":false,"_monsterinsights_sitenote_active":false,"_monsterinsights_sitenote_note":"","_monsterinsights_sitenote_category":0,"footnotes":""},"categories":[12],"tags":[],"class_list":["post-1284","post","type-post","status-publish","format-standard","hentry","category-albisteak"],"yoast_head":"<!-- This site is optimized with the Yoast SEO plugin v26.8 - https:\/\/yoast.com\/product\/yoast-seo-wordpress\/ -->\r\n<title>ARGAZKI ERAKUSKETA: &quot;Helburua: Bigarren elementua&quot; (Jose Antonio Olaiz)EXPOSICI\u00d3N FOTOGR\u00c1FICA: &quot;Objetivo: El segundo elemento&quot; (Jose Antonio Olaiz Urriza) - Berako Agenda<\/title>\r\n<meta name=\"robots\" content=\"index, follow, max-snippet:-1, max-image-preview:large, max-video-preview:-1\" \/>\r\n<link rel=\"canonical\" href=\"http:\/\/www.berakoagenda.eus\/es\/erakusketa-helburua-bigarren-elementua-jose-antonio-olaiz\/\" \/>\r\n<meta property=\"og:locale\" content=\"es_ES\" \/>\r\n<meta property=\"og:type\" content=\"article\" \/>\r\n<meta property=\"og:title\" content=\"ARGAZKI ERAKUSKETA: &quot;Helburua: Bigarren elementua&quot; (Jose Antonio Olaiz)EXPOSICI\u00d3N FOTOGR\u00c1FICA: &quot;Objetivo: El segundo elemento&quot; (Jose Antonio Olaiz Urriza) - Berako Agenda\" \/>\r\n<meta property=\"og:description\" content=\"Tras pasar por Pamplona, Villava y Estella tendremos la ocasi\u00f3n de disfrutar en Bera de esta exposici\u00f3n fotogr\u00e1fica en torno al agua EXPOSICI\u00d3N: FOTOGRAF\u00cdA EXPERIMENTAL D\u00eda: 2 al 21 de agosto Lugar: Casa de Cultura de Bera Horario: 10:00-14:00 y&hellip;\" \/>\r\n<meta property=\"og:url\" content=\"http:\/\/www.berakoagenda.eus\/es\/erakusketa-helburua-bigarren-elementua-jose-antonio-olaiz\/\" \/>\r\n<meta property=\"og:site_name\" content=\"Berako Agenda\" \/>\r\n<meta property=\"article:published_time\" content=\"2016-08-04T11:43:24+00:00\" \/>\r\n<meta property=\"article:modified_time\" content=\"2016-08-08T11:57:58+00:00\" \/>\r\n<meta property=\"og:image\" content=\"http:\/\/infoenpunto.com\/upload\/img\/periodico\/img_20595.jpg\" \/>\r\n<meta name=\"twitter:card\" content=\"summary_large_image\" \/>\r\n<meta name=\"twitter:label1\" content=\"Escrito por\" \/>\n\t<meta name=\"twitter:data1\" content=\"\" \/>\n\t<meta name=\"twitter:label2\" content=\"Tiempo de lectura\" \/>\n\t<meta name=\"twitter:data2\" content=\"1 minuto\" \/>\r\n<script type=\"application\/ld+json\" class=\"yoast-schema-graph\">{\"@context\":\"https:\/\/schema.org\",\"@graph\":[{\"@type\":\"Article\",\"@id\":\"http:\/\/www.berakoagenda.eus\/es\/erakusketa-helburua-bigarren-elementua-jose-antonio-olaiz\/#article\",\"isPartOf\":{\"@id\":\"http:\/\/www.berakoagenda.eus\/es\/erakusketa-helburua-bigarren-elementua-jose-antonio-olaiz\/\"},\"author\":{\"name\":\"\",\"@id\":\"\"},\"headline\":\"EXPOSICI\u00d3N FOTOGR\u00c1FICA: \u00abObjetivo: El segundo elemento\u00bb (Jose Antonio Olaiz Urriza)\",\"datePublished\":\"2016-08-04T11:43:24+00:00\",\"dateModified\":\"2016-08-08T11:57:58+00:00\",\"mainEntityOfPage\":{\"@id\":\"http:\/\/www.berakoagenda.eus\/es\/erakusketa-helburua-bigarren-elementua-jose-antonio-olaiz\/\"},\"wordCount\":262,\"commentCount\":0,\"image\":{\"@id\":\"http:\/\/www.berakoagenda.eus\/es\/erakusketa-helburua-bigarren-elementua-jose-antonio-olaiz\/#primaryimage\"},\"thumbnailUrl\":\"http:\/\/infoenpunto.com\/upload\/img\/periodico\/img_20595.jpg\",\"articleSection\":[\"Noticias\"],\"inLanguage\":\"es\"},{\"@type\":\"WebPage\",\"@id\":\"http:\/\/www.berakoagenda.eus\/es\/erakusketa-helburua-bigarren-elementua-jose-antonio-olaiz\/\",\"url\":\"http:\/\/www.berakoagenda.eus\/es\/erakusketa-helburua-bigarren-elementua-jose-antonio-olaiz\/\",\"name\":\"ARGAZKI ERAKUSKETA: \\\"Helburua: Bigarren elementua\\\" (Jose Antonio Olaiz)EXPOSICI\u00d3N FOTOGR\u00c1FICA: \\\"Objetivo: El segundo elemento\\\" (Jose Antonio Olaiz Urriza) - Berako Agenda\",\"isPartOf\":{\"@id\":\"http:\/\/www.berakoagenda.eus\/es\/#website\"},\"primaryImageOfPage\":{\"@id\":\"http:\/\/www.berakoagenda.eus\/es\/erakusketa-helburua-bigarren-elementua-jose-antonio-olaiz\/#primaryimage\"},\"image\":{\"@id\":\"http:\/\/www.berakoagenda.eus\/es\/erakusketa-helburua-bigarren-elementua-jose-antonio-olaiz\/#primaryimage\"},\"thumbnailUrl\":\"http:\/\/infoenpunto.com\/upload\/img\/periodico\/img_20595.jpg\",\"datePublished\":\"2016-08-04T11:43:24+00:00\",\"dateModified\":\"2016-08-08T11:57:58+00:00\",\"author\":{\"@id\":\"\"},\"breadcrumb\":{\"@id\":\"http:\/\/www.berakoagenda.eus\/es\/erakusketa-helburua-bigarren-elementua-jose-antonio-olaiz\/#breadcrumb\"},\"inLanguage\":\"es\",\"potentialAction\":[{\"@type\":\"ReadAction\",\"target\":[[\"http:\/\/www.berakoagenda.eus\/es\/erakusketa-helburua-bigarren-elementua-jose-antonio-olaiz\/\"]]}]},{\"@type\":\"ImageObject\",\"inLanguage\":\"es\",\"@id\":\"http:\/\/www.berakoagenda.eus\/es\/erakusketa-helburua-bigarren-elementua-jose-antonio-olaiz\/#primaryimage\",\"url\":\"http:\/\/infoenpunto.com\/upload\/img\/periodico\/img_20595.jpg\",\"contentUrl\":\"http:\/\/infoenpunto.com\/upload\/img\/periodico\/img_20595.jpg\"},{\"@type\":\"BreadcrumbList\",\"@id\":\"http:\/\/www.berakoagenda.eus\/es\/erakusketa-helburua-bigarren-elementua-jose-antonio-olaiz\/#breadcrumb\",\"itemListElement\":[{\"@type\":\"ListItem\",\"position\":1,\"name\":\"Portada\",\"item\":\"http:\/\/www.berakoagenda.eus\/es\/\"},{\"@type\":\"ListItem\",\"position\":2,\"name\":\"EXPOSICI\u00d3N FOTOGR\u00c1FICA: \u00abObjetivo: El segundo elemento\u00bb (Jose Antonio Olaiz Urriza)\"}]},{\"@type\":\"WebSite\",\"@id\":\"http:\/\/www.berakoagenda.eus\/es\/#website\",\"url\":\"http:\/\/www.berakoagenda.eus\/es\/\",\"name\":\"Berako Agenda\",\"description\":\"\",\"potentialAction\":[{\"@type\":\"SearchAction\",\"target\":{\"@type\":\"EntryPoint\",\"urlTemplate\":\"http:\/\/www.berakoagenda.eus\/es\/?s={search_term_string}\"},\"query-input\":{\"@type\":\"PropertyValueSpecification\",\"valueRequired\":true,\"valueName\":\"search_term_string\"}}],\"inLanguage\":\"es\"},{\"@type\":\"Person\",\"@id\":\"\",\"url\":\"http:\/\/www.berakoagenda.eus\/es\/author\/\"}]}<\/script>\r\n<!-- \/ Yoast SEO plugin. -->","yoast_head_json":{"title":"ARGAZKI ERAKUSKETA: \"Helburua: Bigarren elementua\" (Jose Antonio Olaiz)EXPOSICI\u00d3N FOTOGR\u00c1FICA: \"Objetivo: El segundo elemento\" (Jose Antonio Olaiz Urriza) - Berako Agenda","robots":{"index":"index","follow":"follow","max-snippet":"max-snippet:-1","max-image-preview":"max-image-preview:large","max-video-preview":"max-video-preview:-1"},"canonical":"http:\/\/www.berakoagenda.eus\/es\/erakusketa-helburua-bigarren-elementua-jose-antonio-olaiz\/","og_locale":"es_ES","og_type":"article","og_title":"ARGAZKI ERAKUSKETA: \"Helburua: Bigarren elementua\" (Jose Antonio Olaiz)EXPOSICI\u00d3N FOTOGR\u00c1FICA: \"Objetivo: El segundo elemento\" (Jose Antonio Olaiz Urriza) - Berako Agenda","og_description":"Tras pasar por Pamplona, Villava y Estella tendremos la ocasi\u00f3n de disfrutar en Bera de esta exposici\u00f3n fotogr\u00e1fica en torno al agua EXPOSICI\u00d3N: FOTOGRAF\u00cdA EXPERIMENTAL D\u00eda: 2 al 21 de agosto Lugar: Casa de Cultura de Bera Horario: 10:00-14:00 y&hellip;","og_url":"http:\/\/www.berakoagenda.eus\/es\/erakusketa-helburua-bigarren-elementua-jose-antonio-olaiz\/","og_site_name":"Berako Agenda","article_published_time":"2016-08-04T11:43:24+00:00","article_modified_time":"2016-08-08T11:57:58+00:00","og_image":[{"url":"http:\/\/infoenpunto.com\/upload\/img\/periodico\/img_20595.jpg","type":"","width":"","height":""}],"twitter_card":"summary_large_image","twitter_misc":{"Escrito por":"","Tiempo de lectura":"1 minuto"},"schema":{"@context":"https:\/\/schema.org","@graph":[{"@type":"Article","@id":"http:\/\/www.berakoagenda.eus\/es\/erakusketa-helburua-bigarren-elementua-jose-antonio-olaiz\/#article","isPartOf":{"@id":"http:\/\/www.berakoagenda.eus\/es\/erakusketa-helburua-bigarren-elementua-jose-antonio-olaiz\/"},"author":{"name":"","@id":""},"headline":"EXPOSICI\u00d3N FOTOGR\u00c1FICA: \u00abObjetivo: El segundo elemento\u00bb (Jose Antonio Olaiz Urriza)","datePublished":"2016-08-04T11:43:24+00:00","dateModified":"2016-08-08T11:57:58+00:00","mainEntityOfPage":{"@id":"http:\/\/www.berakoagenda.eus\/es\/erakusketa-helburua-bigarren-elementua-jose-antonio-olaiz\/"},"wordCount":262,"commentCount":0,"image":{"@id":"http:\/\/www.berakoagenda.eus\/es\/erakusketa-helburua-bigarren-elementua-jose-antonio-olaiz\/#primaryimage"},"thumbnailUrl":"http:\/\/infoenpunto.com\/upload\/img\/periodico\/img_20595.jpg","articleSection":["Noticias"],"inLanguage":"es"},{"@type":"WebPage","@id":"http:\/\/www.berakoagenda.eus\/es\/erakusketa-helburua-bigarren-elementua-jose-antonio-olaiz\/","url":"http:\/\/www.berakoagenda.eus\/es\/erakusketa-helburua-bigarren-elementua-jose-antonio-olaiz\/","name":"ARGAZKI ERAKUSKETA: \"Helburua: Bigarren elementua\" (Jose Antonio Olaiz)EXPOSICI\u00d3N FOTOGR\u00c1FICA: \"Objetivo: El segundo elemento\" (Jose Antonio Olaiz Urriza) - Berako Agenda","isPartOf":{"@id":"http:\/\/www.berakoagenda.eus\/es\/#website"},"primaryImageOfPage":{"@id":"http:\/\/www.berakoagenda.eus\/es\/erakusketa-helburua-bigarren-elementua-jose-antonio-olaiz\/#primaryimage"},"image":{"@id":"http:\/\/www.berakoagenda.eus\/es\/erakusketa-helburua-bigarren-elementua-jose-antonio-olaiz\/#primaryimage"},"thumbnailUrl":"http:\/\/infoenpunto.com\/upload\/img\/periodico\/img_20595.jpg","datePublished":"2016-08-04T11:43:24+00:00","dateModified":"2016-08-08T11:57:58+00:00","author":{"@id":""},"breadcrumb":{"@id":"http:\/\/www.berakoagenda.eus\/es\/erakusketa-helburua-bigarren-elementua-jose-antonio-olaiz\/#breadcrumb"},"inLanguage":"es","potentialAction":[{"@type":"ReadAction","target":[["http:\/\/www.berakoagenda.eus\/es\/erakusketa-helburua-bigarren-elementua-jose-antonio-olaiz\/"]]}]},{"@type":"ImageObject","inLanguage":"es","@id":"http:\/\/www.berakoagenda.eus\/es\/erakusketa-helburua-bigarren-elementua-jose-antonio-olaiz\/#primaryimage","url":"http:\/\/infoenpunto.com\/upload\/img\/periodico\/img_20595.jpg","contentUrl":"http:\/\/infoenpunto.com\/upload\/img\/periodico\/img_20595.jpg"},{"@type":"BreadcrumbList","@id":"http:\/\/www.berakoagenda.eus\/es\/erakusketa-helburua-bigarren-elementua-jose-antonio-olaiz\/#breadcrumb","itemListElement":[{"@type":"ListItem","position":1,"name":"Portada","item":"http:\/\/www.berakoagenda.eus\/es\/"},{"@type":"ListItem","position":2,"name":"EXPOSICI\u00d3N FOTOGR\u00c1FICA: \u00abObjetivo: El segundo elemento\u00bb (Jose Antonio Olaiz Urriza)"}]},{"@type":"WebSite","@id":"http:\/\/www.berakoagenda.eus\/es\/#website","url":"http:\/\/www.berakoagenda.eus\/es\/","name":"Berako Agenda","description":"","potentialAction":[{"@type":"SearchAction","target":{"@type":"EntryPoint","urlTemplate":"http:\/\/www.berakoagenda.eus\/es\/?s={search_term_string}"},"query-input":{"@type":"PropertyValueSpecification","valueRequired":true,"valueName":"search_term_string"}}],"inLanguage":"es"},{"@type":"Person","@id":"","url":"http:\/\/www.berakoagenda.eus\/es\/author\/"}]}},"_links":{"self":[{"href":"http:\/\/www.berakoagenda.eus\/es\/wp-json\/wp\/v2\/posts\/1284","targetHints":{"allow":["GET"]}}],"collection":[{"href":"http:\/\/www.berakoagenda.eus\/es\/wp-json\/wp\/v2\/posts"}],"about":[{"href":"http:\/\/www.berakoagenda.eus\/es\/wp-json\/wp\/v2\/types\/post"}],"author":[{"embeddable":true,"href":"http:\/\/www.berakoagenda.eus\/es\/wp-json\/wp\/v2\/users\/82"}],"replies":[{"embeddable":true,"href":"http:\/\/www.berakoagenda.eus\/es\/wp-json\/wp\/v2\/comments?post=1284"}],"version-history":[{"count":1,"href":"http:\/\/www.berakoagenda.eus\/es\/wp-json\/wp\/v2\/posts\/1284\/revisions"}],"predecessor-version":[{"id":1286,"href":"http:\/\/www.berakoagenda.eus\/es\/wp-json\/wp\/v2\/posts\/1284\/revisions\/1286"}],"wp:attachment":[{"href":"http:\/\/www.berakoagenda.eus\/es\/wp-json\/wp\/v2\/media?parent=1284"}],"wp:term":[{"taxonomy":"category","embeddable":true,"href":"http:\/\/www.berakoagenda.eus\/es\/wp-json\/wp\/v2\/categories?post=1284"},{"taxonomy":"post_tag","embeddable":true,"href":"http:\/\/www.berakoagenda.eus\/es\/wp-json\/wp\/v2\/tags?post=1284"}],"curies":[{"name":"wp","href":"https:\/\/api.w.org\/{rel}","templated":true}]}}