{"id":1336,"date":"2016-12-13T12:44:50","date_gmt":"2016-12-13T11:44:50","guid":{"rendered":"http:\/\/www.berakoagenda.eus\/?p=1336"},"modified":"2016-12-13T12:50:12","modified_gmt":"2016-12-13T11:50:12","slug":"baga-biga-higa-emanaldia-mikel-markez-eta-enaut-elorrieta","status":"publish","type":"post","link":"http:\/\/www.berakoagenda.eus\/es\/baga-biga-higa-emanaldia-mikel-markez-eta-enaut-elorrieta\/","title":{"rendered":"Baga, Biga, Higa (actuaci\u00f3n de Mikel Markez y E\u00f1aut Elorrieta)"},"content":{"rendered":"<p><a href=\"http:\/\/www.berakoagenda.eus\/wp-content\/uploads\/sites\/132\/2016\/12\/mikelmarkez_e\u00f1autelorrieta.jpg\"><img loading=\"lazy\" decoding=\"async\" class=\"aligncenter size-medium wp-image-1337\" src=\"http:\/\/www.berakoagenda.eus\/wp-content\/uploads\/sites\/132\/2016\/12\/mikelmarkez_e\u00f1autelorrieta-300x225.jpg\" alt=\"mikelmarkez_e\u00f1autelorrieta\" width=\"300\" height=\"225\" srcset=\"http:\/\/www.berakoagenda.eus\/wp-content\/uploads\/sites\/132\/2016\/12\/mikelmarkez_e\u00f1autelorrieta-300x225.jpg 300w, http:\/\/www.berakoagenda.eus\/wp-content\/uploads\/sites\/132\/2016\/12\/mikelmarkez_e\u00f1autelorrieta-600x450.jpg 600w, http:\/\/www.berakoagenda.eus\/wp-content\/uploads\/sites\/132\/2016\/12\/mikelmarkez_e\u00f1autelorrieta.jpg 1024w\" sizes=\"auto, (max-width: 300px) 100vw, 300px\" \/><\/a><\/p>\n<p><strong>Eguna<\/strong>: viernes, 16 de diciembre<br \/>\n<strong>Lugar<\/strong>: Sala de exposiciones de la Casa de Cultura<br \/>\n<strong>Hora<\/strong>: 18:00<br \/>\n<strong>Actuaci\u00f3n gratuita<\/strong><br \/>\n<strong>Organiza<\/strong>: Asociaci\u00f3n de padres y madres del Instituto Toki Ona<br \/>\n<strong>Colaboran<\/strong>: Comisi\u00f3n de Cultura de Bera y <a title=\"Ayuntamiento de Bera\" href=\"http:\/\/www.bera.eus\" target=\"_blank\">Ayuntamiento de Bera<\/a><\/p>\n<p>Baga Biga Higa es un proyecto de los cantantes y compositores Mikel Markez y E\u00f1aut Elorrieta. Este proyecto tiene como objetivo la transmisi\u00f3n y fomento de la m\u00fasica en euskera. Es una iniciativa que pretende dar a conocer y apoyar la historia de nuestra m\u00fasica, dar a conocer los referentes y potenciar el inter\u00e9s sobre ella. Para que las nuevas generaciones conozcan, elijan y amen m\u00e1s profundamente nuestra m\u00fasica.<\/p>\n<p>Mikel y E\u00f1aut nos ofrecer\u00e1n una charla-concierto de formato multimedia y ellos ser\u00e1n los cantantes y ponentes. Nos presentar\u00e1n una visi\u00f3n global sobre la m\u00fasica en euskera, comenzando en la d\u00e9cada de los 60 y llegando hasta nuestros d\u00edas.<\/p>\n<p>Se trata de una charla-concierto participativa y l\u00fadica, lejos de pretender ser una clase magistral, y con la intenci\u00f3n de ofrecer una mirada propia a este mundo que viven con pasi\u00f3n y con ganas de compartirlo con los participantes.<\/p>","protected":false},"excerpt":{"rendered":"<p>Eguna: viernes, 16 de diciembre Lugar: Sala de exposiciones de la Casa de Cultura Hora: 18:00 Actuaci\u00f3n gratuita Organiza: Asociaci\u00f3n de padres y madres del Instituto Toki Ona Colaboran: Comisi\u00f3n de Cultura de Bera y Ayuntamiento de Bera Baga Biga&hellip; <\/p>\n","protected":false},"author":82,"featured_media":0,"comment_status":"open","ping_status":"open","sticky":false,"template":"","format":"standard","meta":{"_monsterinsights_skip_tracking":false,"_monsterinsights_sitenote_active":false,"_monsterinsights_sitenote_note":"","_monsterinsights_sitenote_category":0,"footnotes":""},"categories":[12],"tags":[],"class_list":["post-1336","post","type-post","status-publish","format-standard","hentry","category-albisteak"],"yoast_head":"<!-- This site is optimized with the Yoast SEO plugin v26.8 - https:\/\/yoast.com\/product\/yoast-seo-wordpress\/ -->\r\n<title>Baga, Biga, Higa emanaldia (Mikel Markez eta E\u00f1aut Elorrieta)Baga, Biga, Higa (actuaci\u00f3n de Mikel Markez y E\u00f1aut Elorrieta) - Berako Agenda<\/title>\r\n<meta name=\"robots\" content=\"index, follow, max-snippet:-1, max-image-preview:large, max-video-preview:-1\" \/>\r\n<link rel=\"canonical\" href=\"http:\/\/www.berakoagenda.eus\/es\/baga-biga-higa-emanaldia-mikel-markez-eta-enaut-elorrieta\/\" \/>\r\n<meta property=\"og:locale\" content=\"es_ES\" \/>\r\n<meta property=\"og:type\" content=\"article\" \/>\r\n<meta property=\"og:title\" content=\"Baga, Biga, Higa emanaldia (Mikel Markez eta E\u00f1aut Elorrieta)Baga, Biga, Higa (actuaci\u00f3n de Mikel Markez y E\u00f1aut Elorrieta) - Berako Agenda\" \/>\r\n<meta property=\"og:description\" content=\"Eguna: viernes, 16 de diciembre Lugar: Sala de exposiciones de la Casa de Cultura Hora: 18:00 Actuaci\u00f3n gratuita Organiza: Asociaci\u00f3n de padres y madres del Instituto Toki Ona Colaboran: Comisi\u00f3n de Cultura de Bera y Ayuntamiento de Bera Baga Biga&hellip;\" \/>\r\n<meta property=\"og:url\" content=\"http:\/\/www.berakoagenda.eus\/es\/baga-biga-higa-emanaldia-mikel-markez-eta-enaut-elorrieta\/\" \/>\r\n<meta property=\"og:site_name\" content=\"Berako Agenda\" \/>\r\n<meta property=\"article:published_time\" content=\"2016-12-13T11:44:50+00:00\" \/>\r\n<meta property=\"article:modified_time\" content=\"2016-12-13T11:50:12+00:00\" \/>\r\n<meta name=\"twitter:card\" content=\"summary_large_image\" \/>\r\n<meta name=\"twitter:label1\" content=\"Escrito por\" \/>\n\t<meta name=\"twitter:data1\" content=\"\" \/>\n\t<meta name=\"twitter:label2\" content=\"Tiempo de lectura\" \/>\n\t<meta name=\"twitter:data2\" content=\"2 minutos\" \/>\r\n<script type=\"application\/ld+json\" class=\"yoast-schema-graph\">{\"@context\":\"https:\/\/schema.org\",\"@graph\":[{\"@type\":\"Article\",\"@id\":\"http:\/\/www.berakoagenda.eus\/es\/baga-biga-higa-emanaldia-mikel-markez-eta-enaut-elorrieta\/#article\",\"isPartOf\":{\"@id\":\"http:\/\/www.berakoagenda.eus\/es\/baga-biga-higa-emanaldia-mikel-markez-eta-enaut-elorrieta\/\"},\"author\":{\"name\":\"\",\"@id\":\"\"},\"headline\":\"Baga, Biga, Higa (actuaci\u00f3n de Mikel Markez y E\u00f1aut Elorrieta)\",\"datePublished\":\"2016-12-13T11:44:50+00:00\",\"dateModified\":\"2016-12-13T11:50:12+00:00\",\"mainEntityOfPage\":{\"@id\":\"http:\/\/www.berakoagenda.eus\/es\/baga-biga-higa-emanaldia-mikel-markez-eta-enaut-elorrieta\/\"},\"wordCount\":344,\"commentCount\":0,\"articleSection\":[\"Noticias\"],\"inLanguage\":\"es\"},{\"@type\":\"WebPage\",\"@id\":\"http:\/\/www.berakoagenda.eus\/es\/baga-biga-higa-emanaldia-mikel-markez-eta-enaut-elorrieta\/\",\"url\":\"http:\/\/www.berakoagenda.eus\/es\/baga-biga-higa-emanaldia-mikel-markez-eta-enaut-elorrieta\/\",\"name\":\"Baga, Biga, Higa emanaldia (Mikel Markez eta E\u00f1aut Elorrieta)Baga, Biga, Higa (actuaci\u00f3n de Mikel Markez y E\u00f1aut Elorrieta) - Berako Agenda\",\"isPartOf\":{\"@id\":\"http:\/\/www.berakoagenda.eus\/es\/#website\"},\"datePublished\":\"2016-12-13T11:44:50+00:00\",\"dateModified\":\"2016-12-13T11:50:12+00:00\",\"author\":{\"@id\":\"\"},\"breadcrumb\":{\"@id\":\"http:\/\/www.berakoagenda.eus\/es\/baga-biga-higa-emanaldia-mikel-markez-eta-enaut-elorrieta\/#breadcrumb\"},\"inLanguage\":\"es\",\"potentialAction\":[{\"@type\":\"ReadAction\",\"target\":[[\"http:\/\/www.berakoagenda.eus\/es\/baga-biga-higa-emanaldia-mikel-markez-eta-enaut-elorrieta\/\"]]}]},{\"@type\":\"BreadcrumbList\",\"@id\":\"http:\/\/www.berakoagenda.eus\/es\/baga-biga-higa-emanaldia-mikel-markez-eta-enaut-elorrieta\/#breadcrumb\",\"itemListElement\":[{\"@type\":\"ListItem\",\"position\":1,\"name\":\"Portada\",\"item\":\"http:\/\/www.berakoagenda.eus\/es\/\"},{\"@type\":\"ListItem\",\"position\":2,\"name\":\"Baga, Biga, Higa (actuaci\u00f3n de Mikel Markez y E\u00f1aut Elorrieta)\"}]},{\"@type\":\"WebSite\",\"@id\":\"http:\/\/www.berakoagenda.eus\/es\/#website\",\"url\":\"http:\/\/www.berakoagenda.eus\/es\/\",\"name\":\"Berako Agenda\",\"description\":\"\",\"potentialAction\":[{\"@type\":\"SearchAction\",\"target\":{\"@type\":\"EntryPoint\",\"urlTemplate\":\"http:\/\/www.berakoagenda.eus\/es\/?s={search_term_string}\"},\"query-input\":{\"@type\":\"PropertyValueSpecification\",\"valueRequired\":true,\"valueName\":\"search_term_string\"}}],\"inLanguage\":\"es\"},{\"@type\":\"Person\",\"@id\":\"\",\"url\":\"http:\/\/www.berakoagenda.eus\/es\/author\/\"}]}<\/script>\r\n<!-- \/ Yoast SEO plugin. -->","yoast_head_json":{"title":"Baga, Biga, Higa emanaldia (Mikel Markez eta E\u00f1aut Elorrieta)Baga, Biga, Higa (actuaci\u00f3n de Mikel Markez y E\u00f1aut Elorrieta) - Berako Agenda","robots":{"index":"index","follow":"follow","max-snippet":"max-snippet:-1","max-image-preview":"max-image-preview:large","max-video-preview":"max-video-preview:-1"},"canonical":"http:\/\/www.berakoagenda.eus\/es\/baga-biga-higa-emanaldia-mikel-markez-eta-enaut-elorrieta\/","og_locale":"es_ES","og_type":"article","og_title":"Baga, Biga, Higa emanaldia (Mikel Markez eta E\u00f1aut Elorrieta)Baga, Biga, Higa (actuaci\u00f3n de Mikel Markez y E\u00f1aut Elorrieta) - Berako Agenda","og_description":"Eguna: viernes, 16 de diciembre Lugar: Sala de exposiciones de la Casa de Cultura Hora: 18:00 Actuaci\u00f3n gratuita Organiza: Asociaci\u00f3n de padres y madres del Instituto Toki Ona Colaboran: Comisi\u00f3n de Cultura de Bera y Ayuntamiento de Bera Baga Biga&hellip;","og_url":"http:\/\/www.berakoagenda.eus\/es\/baga-biga-higa-emanaldia-mikel-markez-eta-enaut-elorrieta\/","og_site_name":"Berako Agenda","article_published_time":"2016-12-13T11:44:50+00:00","article_modified_time":"2016-12-13T11:50:12+00:00","twitter_card":"summary_large_image","twitter_misc":{"Escrito por":"","Tiempo de lectura":"2 minutos"},"schema":{"@context":"https:\/\/schema.org","@graph":[{"@type":"Article","@id":"http:\/\/www.berakoagenda.eus\/es\/baga-biga-higa-emanaldia-mikel-markez-eta-enaut-elorrieta\/#article","isPartOf":{"@id":"http:\/\/www.berakoagenda.eus\/es\/baga-biga-higa-emanaldia-mikel-markez-eta-enaut-elorrieta\/"},"author":{"name":"","@id":""},"headline":"Baga, Biga, Higa (actuaci\u00f3n de Mikel Markez y E\u00f1aut Elorrieta)","datePublished":"2016-12-13T11:44:50+00:00","dateModified":"2016-12-13T11:50:12+00:00","mainEntityOfPage":{"@id":"http:\/\/www.berakoagenda.eus\/es\/baga-biga-higa-emanaldia-mikel-markez-eta-enaut-elorrieta\/"},"wordCount":344,"commentCount":0,"articleSection":["Noticias"],"inLanguage":"es"},{"@type":"WebPage","@id":"http:\/\/www.berakoagenda.eus\/es\/baga-biga-higa-emanaldia-mikel-markez-eta-enaut-elorrieta\/","url":"http:\/\/www.berakoagenda.eus\/es\/baga-biga-higa-emanaldia-mikel-markez-eta-enaut-elorrieta\/","name":"Baga, Biga, Higa emanaldia (Mikel Markez eta E\u00f1aut Elorrieta)Baga, Biga, Higa (actuaci\u00f3n de Mikel Markez y E\u00f1aut Elorrieta) - Berako Agenda","isPartOf":{"@id":"http:\/\/www.berakoagenda.eus\/es\/#website"},"datePublished":"2016-12-13T11:44:50+00:00","dateModified":"2016-12-13T11:50:12+00:00","author":{"@id":""},"breadcrumb":{"@id":"http:\/\/www.berakoagenda.eus\/es\/baga-biga-higa-emanaldia-mikel-markez-eta-enaut-elorrieta\/#breadcrumb"},"inLanguage":"es","potentialAction":[{"@type":"ReadAction","target":[["http:\/\/www.berakoagenda.eus\/es\/baga-biga-higa-emanaldia-mikel-markez-eta-enaut-elorrieta\/"]]}]},{"@type":"BreadcrumbList","@id":"http:\/\/www.berakoagenda.eus\/es\/baga-biga-higa-emanaldia-mikel-markez-eta-enaut-elorrieta\/#breadcrumb","itemListElement":[{"@type":"ListItem","position":1,"name":"Portada","item":"http:\/\/www.berakoagenda.eus\/es\/"},{"@type":"ListItem","position":2,"name":"Baga, Biga, Higa (actuaci\u00f3n de Mikel Markez y E\u00f1aut Elorrieta)"}]},{"@type":"WebSite","@id":"http:\/\/www.berakoagenda.eus\/es\/#website","url":"http:\/\/www.berakoagenda.eus\/es\/","name":"Berako Agenda","description":"","potentialAction":[{"@type":"SearchAction","target":{"@type":"EntryPoint","urlTemplate":"http:\/\/www.berakoagenda.eus\/es\/?s={search_term_string}"},"query-input":{"@type":"PropertyValueSpecification","valueRequired":true,"valueName":"search_term_string"}}],"inLanguage":"es"},{"@type":"Person","@id":"","url":"http:\/\/www.berakoagenda.eus\/es\/author\/"}]}},"_links":{"self":[{"href":"http:\/\/www.berakoagenda.eus\/es\/wp-json\/wp\/v2\/posts\/1336","targetHints":{"allow":["GET"]}}],"collection":[{"href":"http:\/\/www.berakoagenda.eus\/es\/wp-json\/wp\/v2\/posts"}],"about":[{"href":"http:\/\/www.berakoagenda.eus\/es\/wp-json\/wp\/v2\/types\/post"}],"author":[{"embeddable":true,"href":"http:\/\/www.berakoagenda.eus\/es\/wp-json\/wp\/v2\/users\/82"}],"replies":[{"embeddable":true,"href":"http:\/\/www.berakoagenda.eus\/es\/wp-json\/wp\/v2\/comments?post=1336"}],"version-history":[{"count":0,"href":"http:\/\/www.berakoagenda.eus\/es\/wp-json\/wp\/v2\/posts\/1336\/revisions"}],"wp:attachment":[{"href":"http:\/\/www.berakoagenda.eus\/es\/wp-json\/wp\/v2\/media?parent=1336"}],"wp:term":[{"taxonomy":"category","embeddable":true,"href":"http:\/\/www.berakoagenda.eus\/es\/wp-json\/wp\/v2\/categories?post=1336"},{"taxonomy":"post_tag","embeddable":true,"href":"http:\/\/www.berakoagenda.eus\/es\/wp-json\/wp\/v2\/tags?post=1336"}],"curies":[{"name":"wp","href":"https:\/\/api.w.org\/{rel}","templated":true}]}}