{"id":1421,"date":"2017-04-26T17:29:23","date_gmt":"2017-04-26T15:29:23","guid":{"rendered":"http:\/\/www.berakoagenda.eus\/?p=1421"},"modified":"2017-04-26T17:30:54","modified_gmt":"2017-04-26T15:30:54","slug":"berako-ii-azienda-erakusketa-feria","status":"publish","type":"post","link":"http:\/\/www.berakoagenda.eus\/es\/berako-ii-azienda-erakusketa-feria\/","title":{"rendered":"Berako II. Azienda Erakusketa Feria"},"content":{"rendered":"<p><a href=\"http:\/\/www.berakoagenda.eus\/wp-content\/uploads\/sites\/132\/2017\/04\/aziendeaferia.jpg\"><img loading=\"lazy\" decoding=\"async\" class=\"aligncenter size-medium wp-image-1422\" src=\"http:\/\/www.berakoagenda.eus\/wp-content\/uploads\/sites\/132\/2017\/04\/aziendeaferia-300x211.jpg\" alt=\"aziendeaferia\" width=\"300\" height=\"211\" srcset=\"http:\/\/www.berakoagenda.eus\/wp-content\/uploads\/sites\/132\/2017\/04\/aziendeaferia-300x211.jpg 300w, http:\/\/www.berakoagenda.eus\/wp-content\/uploads\/sites\/132\/2017\/04\/aziendeaferia-1024x721.jpg 1024w, http:\/\/www.berakoagenda.eus\/wp-content\/uploads\/sites\/132\/2017\/04\/aziendeaferia-600x422.jpg 600w, http:\/\/www.berakoagenda.eus\/wp-content\/uploads\/sites\/132\/2017\/04\/aziendeaferia-100x70.jpg 100w, http:\/\/www.berakoagenda.eus\/wp-content\/uploads\/sites\/132\/2017\/04\/aziendeaferia.jpg 1175w\" sizes=\"auto, (max-width: 300px) 100vw, 300px\" \/><\/a><\/p>\n<p><em>Habr\u00e1 ganado y puestos de productores de la zona<\/em><\/p>\n<div id=\"maincontainer\">\n<div class=\"container-fluid\">\n<div class=\"row-fluid\">\n<div class=\"span8 content\">\n<div class=\"item article display\">\n<div class=\"summary\"><strong>D\u00eda<\/strong>: s\u00e1bado, 29 de abril<\/div>\n<div class=\"summary\"><strong>Lugar<\/strong>: Patio del Toki Ona<br \/>\n<strong>Horario<\/strong>: por la ma\u00f1ana<\/div>\n<div class=\"summary\"><\/div>\n<div class=\"summary\"><strong>PROGRAMA<\/strong><\/div>\n<div class=\"summary\"><\/div>\n<div class=\"summary\"><strong>Exhibici\u00f3n de ganado<\/strong>: este a\u00f1o tambi\u00e9n habr\u00e1 exhibici\u00f3n de razas locales: pottokas, betizus (raza salvaje pirenaica), cerdo vasco&#8230;.<br \/>\n<strong>Exhibici\u00f3n de bueyes<\/strong><br \/>\n<strong>Venta de productos locales<\/strong>: verduras, pan, queso, carne,&#8230; Como el a\u00f1o pasado, habr\u00e1 la oportunidad de probar sidra y queso de caser\u00edos de Bera. Durante el d\u00eda, se sortear\u00e1n 3 cabritos.<br \/>\n<strong>Comida<\/strong><\/div>\n<\/div>\n<\/div>\n<\/div>\n<\/div>\n<\/div>\n<p><!--EndFragment--><\/p>","protected":false},"excerpt":{"rendered":"<p>Habr\u00e1 ganado y puestos de productores de la zona D\u00eda: s\u00e1bado, 29 de abril Lugar: Patio del Toki Ona Horario: por la ma\u00f1ana PROGRAMA Exhibici\u00f3n de ganado: este a\u00f1o tambi\u00e9n habr\u00e1 exhibici\u00f3n de razas locales: pottokas, betizus (raza salvaje pirenaica),&hellip; <\/p>\n","protected":false},"author":82,"featured_media":0,"comment_status":"open","ping_status":"open","sticky":false,"template":"","format":"standard","meta":{"_monsterinsights_skip_tracking":false,"_monsterinsights_sitenote_active":false,"_monsterinsights_sitenote_note":"","_monsterinsights_sitenote_category":0,"footnotes":""},"categories":[12],"tags":[],"class_list":["post-1421","post","type-post","status-publish","format-standard","hentry","category-albisteak"],"yoast_head":"<!-- This site is optimized with the Yoast SEO plugin v26.8 - https:\/\/yoast.com\/product\/yoast-seo-wordpress\/ -->\r\n<title>Berako II. Azienda Erakusketa FeriaBerako II. Azienda Erakusketa Feria - Berako Agenda<\/title>\r\n<meta name=\"robots\" content=\"index, follow, max-snippet:-1, max-image-preview:large, max-video-preview:-1\" \/>\r\n<link rel=\"canonical\" href=\"http:\/\/www.berakoagenda.eus\/es\/berako-ii-azienda-erakusketa-feria\/\" \/>\r\n<meta property=\"og:locale\" content=\"es_ES\" \/>\r\n<meta property=\"og:type\" content=\"article\" \/>\r\n<meta property=\"og:title\" content=\"Berako II. Azienda Erakusketa FeriaBerako II. Azienda Erakusketa Feria - Berako Agenda\" \/>\r\n<meta property=\"og:description\" content=\"Habr\u00e1 ganado y puestos de productores de la zona D\u00eda: s\u00e1bado, 29 de abril Lugar: Patio del Toki Ona Horario: por la ma\u00f1ana PROGRAMA Exhibici\u00f3n de ganado: este a\u00f1o tambi\u00e9n habr\u00e1 exhibici\u00f3n de razas locales: pottokas, betizus (raza salvaje pirenaica),&hellip;\" \/>\r\n<meta property=\"og:url\" content=\"http:\/\/www.berakoagenda.eus\/es\/berako-ii-azienda-erakusketa-feria\/\" \/>\r\n<meta property=\"og:site_name\" content=\"Berako Agenda\" \/>\r\n<meta property=\"article:published_time\" content=\"2017-04-26T15:29:23+00:00\" \/>\r\n<meta property=\"article:modified_time\" content=\"2017-04-26T15:30:54+00:00\" \/>\r\n<meta property=\"og:image\" content=\"http:\/\/www.berakoagenda.eus\/wp-content\/uploads\/sites\/132\/2017\/04\/aziendeaferia-300x211.jpg\" \/>\r\n<meta name=\"twitter:card\" content=\"summary_large_image\" \/>\r\n<meta name=\"twitter:label1\" content=\"Escrito por\" \/>\n\t<meta name=\"twitter:data1\" content=\"\" \/>\n\t<meta name=\"twitter:label2\" content=\"Tiempo de lectura\" \/>\n\t<meta name=\"twitter:data2\" content=\"1 minuto\" \/>\r\n<script type=\"application\/ld+json\" class=\"yoast-schema-graph\">{\"@context\":\"https:\/\/schema.org\",\"@graph\":[{\"@type\":\"Article\",\"@id\":\"http:\/\/www.berakoagenda.eus\/es\/berako-ii-azienda-erakusketa-feria\/#article\",\"isPartOf\":{\"@id\":\"http:\/\/www.berakoagenda.eus\/es\/berako-ii-azienda-erakusketa-feria\/\"},\"author\":{\"name\":\"\",\"@id\":\"\"},\"headline\":\"Berako II. Azienda Erakusketa Feria\",\"datePublished\":\"2017-04-26T15:29:23+00:00\",\"dateModified\":\"2017-04-26T15:30:54+00:00\",\"mainEntityOfPage\":{\"@id\":\"http:\/\/www.berakoagenda.eus\/es\/berako-ii-azienda-erakusketa-feria\/\"},\"wordCount\":168,\"commentCount\":0,\"image\":{\"@id\":\"http:\/\/www.berakoagenda.eus\/es\/berako-ii-azienda-erakusketa-feria\/#primaryimage\"},\"thumbnailUrl\":\"http:\/\/www.berakoagenda.eus\/wp-content\/uploads\/sites\/132\/2017\/04\/aziendeaferia-300x211.jpg\",\"articleSection\":[\"Noticias\"],\"inLanguage\":\"es\"},{\"@type\":\"WebPage\",\"@id\":\"http:\/\/www.berakoagenda.eus\/es\/berako-ii-azienda-erakusketa-feria\/\",\"url\":\"http:\/\/www.berakoagenda.eus\/es\/berako-ii-azienda-erakusketa-feria\/\",\"name\":\"Berako II. Azienda Erakusketa FeriaBerako II. Azienda Erakusketa Feria - Berako Agenda\",\"isPartOf\":{\"@id\":\"http:\/\/www.berakoagenda.eus\/es\/#website\"},\"primaryImageOfPage\":{\"@id\":\"http:\/\/www.berakoagenda.eus\/es\/berako-ii-azienda-erakusketa-feria\/#primaryimage\"},\"image\":{\"@id\":\"http:\/\/www.berakoagenda.eus\/es\/berako-ii-azienda-erakusketa-feria\/#primaryimage\"},\"thumbnailUrl\":\"http:\/\/www.berakoagenda.eus\/wp-content\/uploads\/sites\/132\/2017\/04\/aziendeaferia-300x211.jpg\",\"datePublished\":\"2017-04-26T15:29:23+00:00\",\"dateModified\":\"2017-04-26T15:30:54+00:00\",\"author\":{\"@id\":\"\"},\"breadcrumb\":{\"@id\":\"http:\/\/www.berakoagenda.eus\/es\/berako-ii-azienda-erakusketa-feria\/#breadcrumb\"},\"inLanguage\":\"es\",\"potentialAction\":[{\"@type\":\"ReadAction\",\"target\":[[\"http:\/\/www.berakoagenda.eus\/es\/berako-ii-azienda-erakusketa-feria\/\"]]}]},{\"@type\":\"ImageObject\",\"inLanguage\":\"es\",\"@id\":\"http:\/\/www.berakoagenda.eus\/es\/berako-ii-azienda-erakusketa-feria\/#primaryimage\",\"url\":\"http:\/\/www.berakoagenda.eus\/wp-content\/uploads\/sites\/132\/2017\/04\/aziendeaferia-300x211.jpg\",\"contentUrl\":\"http:\/\/www.berakoagenda.eus\/wp-content\/uploads\/sites\/132\/2017\/04\/aziendeaferia-300x211.jpg\"},{\"@type\":\"BreadcrumbList\",\"@id\":\"http:\/\/www.berakoagenda.eus\/es\/berako-ii-azienda-erakusketa-feria\/#breadcrumb\",\"itemListElement\":[{\"@type\":\"ListItem\",\"position\":1,\"name\":\"Portada\",\"item\":\"http:\/\/www.berakoagenda.eus\/es\/\"},{\"@type\":\"ListItem\",\"position\":2,\"name\":\"Berako II. Azienda Erakusketa Feria\"}]},{\"@type\":\"WebSite\",\"@id\":\"http:\/\/www.berakoagenda.eus\/es\/#website\",\"url\":\"http:\/\/www.berakoagenda.eus\/es\/\",\"name\":\"Berako Agenda\",\"description\":\"\",\"potentialAction\":[{\"@type\":\"SearchAction\",\"target\":{\"@type\":\"EntryPoint\",\"urlTemplate\":\"http:\/\/www.berakoagenda.eus\/es\/?s={search_term_string}\"},\"query-input\":{\"@type\":\"PropertyValueSpecification\",\"valueRequired\":true,\"valueName\":\"search_term_string\"}}],\"inLanguage\":\"es\"},{\"@type\":\"Person\",\"@id\":\"\",\"url\":\"http:\/\/www.berakoagenda.eus\/es\/author\/\"}]}<\/script>\r\n<!-- \/ Yoast SEO plugin. -->","yoast_head_json":{"title":"Berako II. Azienda Erakusketa FeriaBerako II. Azienda Erakusketa Feria - Berako Agenda","robots":{"index":"index","follow":"follow","max-snippet":"max-snippet:-1","max-image-preview":"max-image-preview:large","max-video-preview":"max-video-preview:-1"},"canonical":"http:\/\/www.berakoagenda.eus\/es\/berako-ii-azienda-erakusketa-feria\/","og_locale":"es_ES","og_type":"article","og_title":"Berako II. Azienda Erakusketa FeriaBerako II. Azienda Erakusketa Feria - Berako Agenda","og_description":"Habr\u00e1 ganado y puestos de productores de la zona D\u00eda: s\u00e1bado, 29 de abril Lugar: Patio del Toki Ona Horario: por la ma\u00f1ana PROGRAMA Exhibici\u00f3n de ganado: este a\u00f1o tambi\u00e9n habr\u00e1 exhibici\u00f3n de razas locales: pottokas, betizus (raza salvaje pirenaica),&hellip;","og_url":"http:\/\/www.berakoagenda.eus\/es\/berako-ii-azienda-erakusketa-feria\/","og_site_name":"Berako Agenda","article_published_time":"2017-04-26T15:29:23+00:00","article_modified_time":"2017-04-26T15:30:54+00:00","og_image":[{"url":"http:\/\/www.berakoagenda.eus\/wp-content\/uploads\/sites\/132\/2017\/04\/aziendeaferia-300x211.jpg","type":"","width":"","height":""}],"twitter_card":"summary_large_image","twitter_misc":{"Escrito por":"","Tiempo de lectura":"1 minuto"},"schema":{"@context":"https:\/\/schema.org","@graph":[{"@type":"Article","@id":"http:\/\/www.berakoagenda.eus\/es\/berako-ii-azienda-erakusketa-feria\/#article","isPartOf":{"@id":"http:\/\/www.berakoagenda.eus\/es\/berako-ii-azienda-erakusketa-feria\/"},"author":{"name":"","@id":""},"headline":"Berako II. Azienda Erakusketa Feria","datePublished":"2017-04-26T15:29:23+00:00","dateModified":"2017-04-26T15:30:54+00:00","mainEntityOfPage":{"@id":"http:\/\/www.berakoagenda.eus\/es\/berako-ii-azienda-erakusketa-feria\/"},"wordCount":168,"commentCount":0,"image":{"@id":"http:\/\/www.berakoagenda.eus\/es\/berako-ii-azienda-erakusketa-feria\/#primaryimage"},"thumbnailUrl":"http:\/\/www.berakoagenda.eus\/wp-content\/uploads\/sites\/132\/2017\/04\/aziendeaferia-300x211.jpg","articleSection":["Noticias"],"inLanguage":"es"},{"@type":"WebPage","@id":"http:\/\/www.berakoagenda.eus\/es\/berako-ii-azienda-erakusketa-feria\/","url":"http:\/\/www.berakoagenda.eus\/es\/berako-ii-azienda-erakusketa-feria\/","name":"Berako II. Azienda Erakusketa FeriaBerako II. Azienda Erakusketa Feria - Berako Agenda","isPartOf":{"@id":"http:\/\/www.berakoagenda.eus\/es\/#website"},"primaryImageOfPage":{"@id":"http:\/\/www.berakoagenda.eus\/es\/berako-ii-azienda-erakusketa-feria\/#primaryimage"},"image":{"@id":"http:\/\/www.berakoagenda.eus\/es\/berako-ii-azienda-erakusketa-feria\/#primaryimage"},"thumbnailUrl":"http:\/\/www.berakoagenda.eus\/wp-content\/uploads\/sites\/132\/2017\/04\/aziendeaferia-300x211.jpg","datePublished":"2017-04-26T15:29:23+00:00","dateModified":"2017-04-26T15:30:54+00:00","author":{"@id":""},"breadcrumb":{"@id":"http:\/\/www.berakoagenda.eus\/es\/berako-ii-azienda-erakusketa-feria\/#breadcrumb"},"inLanguage":"es","potentialAction":[{"@type":"ReadAction","target":[["http:\/\/www.berakoagenda.eus\/es\/berako-ii-azienda-erakusketa-feria\/"]]}]},{"@type":"ImageObject","inLanguage":"es","@id":"http:\/\/www.berakoagenda.eus\/es\/berako-ii-azienda-erakusketa-feria\/#primaryimage","url":"http:\/\/www.berakoagenda.eus\/wp-content\/uploads\/sites\/132\/2017\/04\/aziendeaferia-300x211.jpg","contentUrl":"http:\/\/www.berakoagenda.eus\/wp-content\/uploads\/sites\/132\/2017\/04\/aziendeaferia-300x211.jpg"},{"@type":"BreadcrumbList","@id":"http:\/\/www.berakoagenda.eus\/es\/berako-ii-azienda-erakusketa-feria\/#breadcrumb","itemListElement":[{"@type":"ListItem","position":1,"name":"Portada","item":"http:\/\/www.berakoagenda.eus\/es\/"},{"@type":"ListItem","position":2,"name":"Berako II. Azienda Erakusketa Feria"}]},{"@type":"WebSite","@id":"http:\/\/www.berakoagenda.eus\/es\/#website","url":"http:\/\/www.berakoagenda.eus\/es\/","name":"Berako Agenda","description":"","potentialAction":[{"@type":"SearchAction","target":{"@type":"EntryPoint","urlTemplate":"http:\/\/www.berakoagenda.eus\/es\/?s={search_term_string}"},"query-input":{"@type":"PropertyValueSpecification","valueRequired":true,"valueName":"search_term_string"}}],"inLanguage":"es"},{"@type":"Person","@id":"","url":"http:\/\/www.berakoagenda.eus\/es\/author\/"}]}},"_links":{"self":[{"href":"http:\/\/www.berakoagenda.eus\/es\/wp-json\/wp\/v2\/posts\/1421","targetHints":{"allow":["GET"]}}],"collection":[{"href":"http:\/\/www.berakoagenda.eus\/es\/wp-json\/wp\/v2\/posts"}],"about":[{"href":"http:\/\/www.berakoagenda.eus\/es\/wp-json\/wp\/v2\/types\/post"}],"author":[{"embeddable":true,"href":"http:\/\/www.berakoagenda.eus\/es\/wp-json\/wp\/v2\/users\/82"}],"replies":[{"embeddable":true,"href":"http:\/\/www.berakoagenda.eus\/es\/wp-json\/wp\/v2\/comments?post=1421"}],"version-history":[{"count":0,"href":"http:\/\/www.berakoagenda.eus\/es\/wp-json\/wp\/v2\/posts\/1421\/revisions"}],"wp:attachment":[{"href":"http:\/\/www.berakoagenda.eus\/es\/wp-json\/wp\/v2\/media?parent=1421"}],"wp:term":[{"taxonomy":"category","embeddable":true,"href":"http:\/\/www.berakoagenda.eus\/es\/wp-json\/wp\/v2\/categories?post=1421"},{"taxonomy":"post_tag","embeddable":true,"href":"http:\/\/www.berakoagenda.eus\/es\/wp-json\/wp\/v2\/tags?post=1421"}],"curies":[{"name":"wp","href":"https:\/\/api.w.org\/{rel}","templated":true}]}}