{"id":1897,"date":"2019-01-08T18:15:23","date_gmt":"2019-01-08T17:15:23","guid":{"rendered":"http:\/\/www.berakoagenda.eus\/?p=1897"},"modified":"2019-01-08T18:15:23","modified_gmt":"2019-01-08T17:15:23","slug":"xii-mendi-eguna","status":"publish","type":"post","link":"http:\/\/www.berakoagenda.eus\/es\/xii-mendi-eguna\/","title":{"rendered":"XII Mendi Eguna"},"content":{"rendered":"<p><a href=\"http:\/\/www.berakoagenda.eus\/wp-content\/uploads\/sites\/132\/2019\/01\/mendieguna2019.jpg\"><img loading=\"lazy\" decoding=\"async\" class=\"size-medium wp-image-1898 aligncenter\" src=\"http:\/\/www.berakoagenda.eus\/wp-content\/uploads\/sites\/132\/2019\/01\/mendieguna2019-150x300.jpg\" alt=\"\" width=\"150\" height=\"300\" srcset=\"http:\/\/www.berakoagenda.eus\/wp-content\/uploads\/sites\/132\/2019\/01\/mendieguna2019-150x300.jpg 150w, http:\/\/www.berakoagenda.eus\/wp-content\/uploads\/sites\/132\/2019\/01\/mendieguna2019-512x1024.jpg 512w, http:\/\/www.berakoagenda.eus\/wp-content\/uploads\/sites\/132\/2019\/01\/mendieguna2019.jpg 1772w\" sizes=\"auto, (max-width: 150px) 100vw, 150px\" \/><\/a><strong>D\u00eda<\/strong>: s\u00e1bado, 12 de enero<br \/>\n<strong>M\u00e1s informaci\u00f3n<\/strong>: <a href=\"http:\/\/www.manttale.com\"><em>www.manttale.com<\/em><\/a><br \/>\n<strong>Organiza<\/strong>: <em>Manttale<\/em> Mendi Lasterketa Taldea<\/p>\n<p><strong>PROGRAMA<\/strong><\/p>\n<p><strong>10:00-12:30 Taller de Escalada<\/strong>. Para ni\u00f1os y j\u00f3venes. Polideportivo Toki Ona.<\/p>\n<p><strong>14:15-15:00 Inscripciones y reparto de dorsale<\/strong>s. Arkupes de Rikardo Baroja eskola.<\/p>\n<p><strong>15:00 Salida guiada a Santa B\u00e1rbara<\/strong>. <em>Recorrido<\/em>: 5,5 km. Polideportivo-Santa B\u00e1rbara-Polideportivo<\/p>\n<p><strong>15:00 Carreras para ni\u00f1os<\/strong> (hasta 12 a\u00f1os)<\/p>\n<p><strong>15:30 Cronoescalada por parejas<\/strong>. Menores de 16 a\u00f1os acompa\u00f1ados por un adulto.<\/p>\n<p><strong>18:00 Lunch y sorteos<\/strong> en Rikardo Baroja Eskola, entre los participantes en la marcha y en la cronoescalada.<\/p>\n<p><strong>19:30 Proyecciones<\/strong>. Casa de Cultura.<\/p>\n<p><em>De los Prepirineos a la cima de Europa<\/em>, de Ugaitz Ado, Ibai Iturria, Xabi Etxegarai e Imanol Moreno.<\/p>\n<p><em>Manaslu o elegir entre valores<\/em>, de Julen Errandonea y Alberto Urtasun.<\/p>\n<p>El pr\u00f3ximo s\u00e1bado 12 de enero se celebrar\u00e1 en Bera la decimosegunda edici\u00f3n del Mendi Eguna en recuerdo de Loro Pikabea, Xabier Zubieta y Xabier Saralegi, fallecidos el 13 de enero de 2007 en el monte Taillon. El programa preparado por Larun Mendi Taldea y Manttale Mendi Lasterketa Taldea arrancar\u00e1 a las 10:00 horas con un taller de escalada que se llevar\u00e1 a cabo en el polideportivo Toki Ona y que estar\u00e1 dirigido tanto a ni\u00f1os como adolescentes.<\/p>\n<p>A las 14:15 horas se abrir\u00e1 en los arkupes de Rikardo Baroja Eskola la inscripci\u00f3n para participar en la salida monta\u00f1era a Santa B\u00e1rbara y en la cronoescalada por parejas al mismo monte. Tanto la cronoescalada como la excursi\u00f3n saldr\u00e1n de la explanada del polideportivo y, tras pasar por la cima del monte, regresar\u00e1n al punto de partida hasta totalizar un recorrido de unos 5,5 kil\u00f3metros. La excursi\u00f3n comenzar\u00e1 a las 15:00 horas, y la cronoescalada, a las 15:30 horas. A las 15:00 horas se celebrar\u00e1n carreras para ni\u00f1os hasta 12 a\u00f1os.<\/p>\n<p>La cronoescalada est\u00e1 abierta a todo tipo de participantes, si bien los menores de 16 a\u00f1os tienen la obligaci\u00f3n de estar acompa\u00f1ados por un adulto. Las inscripciones para la marcha y la contrarreloj se podr\u00e1n hacer tambi\u00e9n los d\u00edas previos en los bares Errekalde y Xuga y la carnicer\u00eda Pikabea.<\/p>\n<p>Una vez acaba la marcha monta\u00f1era y la cronoescalada por parejas, se llevar\u00e1 a cabo un lunch en el comedor de Rikardo Baroja Eskola. Al t\u00e9rmino de la merienda se celebrar\u00e1 un sorteo entre todos los participantes que se hayan apuntado a la contrarreloj y a la caminata.<\/p>\n<p>Posteriormente, a las 19:30 horas, la casa de cultura acoger\u00e1 dos proyecciones de monta\u00f1a protagonizadas, entre otros, por miembros de Manttale. En primer lugar se proyectar\u00e1 <em>Desde los Prepirineos a la cima de Europa<\/em>, un documental en el que se cuenta el ascenso al monte Elbrus, el techo de Europa, que llevaron a cabo el pasado verano los beratarras Ibai Iturria, Imanol Moreno y Ugaitz Ado, y el lesakarra Xabi Etxegarai. La cinta relata c\u00f3mo el cuarteto coron\u00f3 el Elbrus tras iniciarse a\u00f1os antes en los Pirineos.<\/p>\n<p>Posteriormente se proyectar\u00e1 el documental <em>Manaslu o elegir entre valores<\/em>, del beratarra Julen Errandonea y el pamplon\u00e9s Alberto Urtasun. En el documental relatan c\u00f3mo tuvieron que auxiliar a un alpinista cuando se encontraban cerca de la cima de este ochomil, lo que les oblig\u00f3 a renunciar a la cumbre.<\/p>","protected":false},"excerpt":{"rendered":"<p>D\u00eda: s\u00e1bado, 12 de enero M\u00e1s informaci\u00f3n: www.manttale.com Organiza: Manttale Mendi Lasterketa Taldea PROGRAMA 10:00-12:30 Taller de Escalada. Para ni\u00f1os y j\u00f3venes. Polideportivo Toki Ona. 14:15-15:00 Inscripciones y reparto de dorsales. Arkupes de Rikardo Baroja eskola. 15:00 Salida guiada a&hellip; <\/p>\n","protected":false},"author":131,"featured_media":0,"comment_status":"closed","ping_status":"closed","sticky":false,"template":"","format":"standard","meta":{"_monsterinsights_skip_tracking":false,"_monsterinsights_sitenote_active":false,"_monsterinsights_sitenote_note":"","_monsterinsights_sitenote_category":0,"footnotes":""},"categories":[12],"tags":[],"class_list":["post-1897","post","type-post","status-publish","format-standard","hentry","category-albisteak"],"yoast_head":"<!-- This site is optimized with the Yoast SEO plugin v26.8 - https:\/\/yoast.com\/product\/yoast-seo-wordpress\/ -->\r\n<title>XII Mendi Eguna - Berako Agenda<\/title>\r\n<meta name=\"robots\" content=\"index, follow, max-snippet:-1, max-image-preview:large, max-video-preview:-1\" \/>\r\n<link rel=\"canonical\" href=\"http:\/\/www.berakoagenda.eus\/es\/xii-mendi-eguna\/\" \/>\r\n<meta property=\"og:locale\" content=\"es_ES\" \/>\r\n<meta property=\"og:type\" content=\"article\" \/>\r\n<meta property=\"og:title\" content=\"XII Mendi Eguna - Berako Agenda\" \/>\r\n<meta property=\"og:description\" content=\"D\u00eda: s\u00e1bado, 12 de enero M\u00e1s informaci\u00f3n: www.manttale.com Organiza: Manttale Mendi Lasterketa Taldea PROGRAMA 10:00-12:30 Taller de Escalada. Para ni\u00f1os y j\u00f3venes. Polideportivo Toki Ona. 14:15-15:00 Inscripciones y reparto de dorsales. Arkupes de Rikardo Baroja eskola. 15:00 Salida guiada a&hellip;\" \/>\r\n<meta property=\"og:url\" content=\"http:\/\/www.berakoagenda.eus\/es\/xii-mendi-eguna\/\" \/>\r\n<meta property=\"og:site_name\" content=\"Berako Agenda\" \/>\r\n<meta property=\"article:published_time\" content=\"2019-01-08T17:15:23+00:00\" \/>\r\n<meta property=\"og:image\" content=\"http:\/\/www.berakoagenda.eus\/wp-content\/uploads\/sites\/132\/2019\/01\/mendieguna2019-150x300.jpg\" \/>\r\n<meta name=\"author\" content=\"berakoagenda\" \/>\r\n<meta name=\"twitter:card\" content=\"summary_large_image\" \/>\r\n<meta name=\"twitter:label1\" content=\"Escrito por\" \/>\n\t<meta name=\"twitter:data1\" content=\"berakoagenda\" \/>\n\t<meta name=\"twitter:label2\" content=\"Tiempo de lectura\" \/>\n\t<meta name=\"twitter:data2\" content=\"4 minutos\" \/>\r\n<script type=\"application\/ld+json\" class=\"yoast-schema-graph\">{\"@context\":\"https:\/\/schema.org\",\"@graph\":[{\"@type\":\"Article\",\"@id\":\"http:\/\/www.berakoagenda.eus\/es\/xii-mendi-eguna\/#article\",\"isPartOf\":{\"@id\":\"http:\/\/www.berakoagenda.eus\/es\/xii-mendi-eguna\/\"},\"author\":{\"name\":\"berakoagenda\",\"@id\":\"http:\/\/www.berakoagenda.eus\/es\/#\/schema\/person\/6bf85232a4c9ae5acb81113e794d4d77\"},\"headline\":\"XII Mendi Eguna\",\"datePublished\":\"2019-01-08T17:15:23+00:00\",\"mainEntityOfPage\":{\"@id\":\"http:\/\/www.berakoagenda.eus\/es\/xii-mendi-eguna\/\"},\"wordCount\":891,\"image\":{\"@id\":\"http:\/\/www.berakoagenda.eus\/es\/xii-mendi-eguna\/#primaryimage\"},\"thumbnailUrl\":\"http:\/\/www.berakoagenda.eus\/wp-content\/uploads\/sites\/132\/2019\/01\/mendieguna2019-150x300.jpg\",\"articleSection\":[\"Noticias\"],\"inLanguage\":\"es\"},{\"@type\":\"WebPage\",\"@id\":\"http:\/\/www.berakoagenda.eus\/es\/xii-mendi-eguna\/\",\"url\":\"http:\/\/www.berakoagenda.eus\/es\/xii-mendi-eguna\/\",\"name\":\"XII Mendi Eguna - Berako Agenda\",\"isPartOf\":{\"@id\":\"http:\/\/www.berakoagenda.eus\/es\/#website\"},\"primaryImageOfPage\":{\"@id\":\"http:\/\/www.berakoagenda.eus\/es\/xii-mendi-eguna\/#primaryimage\"},\"image\":{\"@id\":\"http:\/\/www.berakoagenda.eus\/es\/xii-mendi-eguna\/#primaryimage\"},\"thumbnailUrl\":\"http:\/\/www.berakoagenda.eus\/wp-content\/uploads\/sites\/132\/2019\/01\/mendieguna2019-150x300.jpg\",\"datePublished\":\"2019-01-08T17:15:23+00:00\",\"author\":{\"@id\":\"http:\/\/www.berakoagenda.eus\/es\/#\/schema\/person\/6bf85232a4c9ae5acb81113e794d4d77\"},\"breadcrumb\":{\"@id\":\"http:\/\/www.berakoagenda.eus\/es\/xii-mendi-eguna\/#breadcrumb\"},\"inLanguage\":\"es\",\"potentialAction\":[{\"@type\":\"ReadAction\",\"target\":[[\"http:\/\/www.berakoagenda.eus\/es\/xii-mendi-eguna\/\"]]}]},{\"@type\":\"ImageObject\",\"inLanguage\":\"es\",\"@id\":\"http:\/\/www.berakoagenda.eus\/es\/xii-mendi-eguna\/#primaryimage\",\"url\":\"http:\/\/www.berakoagenda.eus\/wp-content\/uploads\/sites\/132\/2019\/01\/mendieguna2019-150x300.jpg\",\"contentUrl\":\"http:\/\/www.berakoagenda.eus\/wp-content\/uploads\/sites\/132\/2019\/01\/mendieguna2019-150x300.jpg\"},{\"@type\":\"BreadcrumbList\",\"@id\":\"http:\/\/www.berakoagenda.eus\/es\/xii-mendi-eguna\/#breadcrumb\",\"itemListElement\":[{\"@type\":\"ListItem\",\"position\":1,\"name\":\"Portada\",\"item\":\"http:\/\/www.berakoagenda.eus\/es\/\"},{\"@type\":\"ListItem\",\"position\":2,\"name\":\"XII Mendi Eguna\"}]},{\"@type\":\"WebSite\",\"@id\":\"http:\/\/www.berakoagenda.eus\/es\/#website\",\"url\":\"http:\/\/www.berakoagenda.eus\/es\/\",\"name\":\"Berako Agenda\",\"description\":\"\",\"potentialAction\":[{\"@type\":\"SearchAction\",\"target\":{\"@type\":\"EntryPoint\",\"urlTemplate\":\"http:\/\/www.berakoagenda.eus\/es\/?s={search_term_string}\"},\"query-input\":{\"@type\":\"PropertyValueSpecification\",\"valueRequired\":true,\"valueName\":\"search_term_string\"}}],\"inLanguage\":\"es\"},{\"@type\":\"Person\",\"@id\":\"http:\/\/www.berakoagenda.eus\/es\/#\/schema\/person\/6bf85232a4c9ae5acb81113e794d4d77\",\"name\":\"berakoagenda\",\"url\":\"http:\/\/www.berakoagenda.eus\/es\/author\/berakoagenda\/\"}]}<\/script>\r\n<!-- \/ Yoast SEO plugin. -->","yoast_head_json":{"title":"XII Mendi Eguna - Berako Agenda","robots":{"index":"index","follow":"follow","max-snippet":"max-snippet:-1","max-image-preview":"max-image-preview:large","max-video-preview":"max-video-preview:-1"},"canonical":"http:\/\/www.berakoagenda.eus\/es\/xii-mendi-eguna\/","og_locale":"es_ES","og_type":"article","og_title":"XII Mendi Eguna - Berako Agenda","og_description":"D\u00eda: s\u00e1bado, 12 de enero M\u00e1s informaci\u00f3n: www.manttale.com Organiza: Manttale Mendi Lasterketa Taldea PROGRAMA 10:00-12:30 Taller de Escalada. Para ni\u00f1os y j\u00f3venes. Polideportivo Toki Ona. 14:15-15:00 Inscripciones y reparto de dorsales. Arkupes de Rikardo Baroja eskola. 15:00 Salida guiada a&hellip;","og_url":"http:\/\/www.berakoagenda.eus\/es\/xii-mendi-eguna\/","og_site_name":"Berako Agenda","article_published_time":"2019-01-08T17:15:23+00:00","og_image":[{"url":"http:\/\/www.berakoagenda.eus\/wp-content\/uploads\/sites\/132\/2019\/01\/mendieguna2019-150x300.jpg","type":"","width":"","height":""}],"author":"berakoagenda","twitter_card":"summary_large_image","twitter_misc":{"Escrito por":"berakoagenda","Tiempo de lectura":"4 minutos"},"schema":{"@context":"https:\/\/schema.org","@graph":[{"@type":"Article","@id":"http:\/\/www.berakoagenda.eus\/es\/xii-mendi-eguna\/#article","isPartOf":{"@id":"http:\/\/www.berakoagenda.eus\/es\/xii-mendi-eguna\/"},"author":{"name":"berakoagenda","@id":"http:\/\/www.berakoagenda.eus\/es\/#\/schema\/person\/6bf85232a4c9ae5acb81113e794d4d77"},"headline":"XII Mendi Eguna","datePublished":"2019-01-08T17:15:23+00:00","mainEntityOfPage":{"@id":"http:\/\/www.berakoagenda.eus\/es\/xii-mendi-eguna\/"},"wordCount":891,"image":{"@id":"http:\/\/www.berakoagenda.eus\/es\/xii-mendi-eguna\/#primaryimage"},"thumbnailUrl":"http:\/\/www.berakoagenda.eus\/wp-content\/uploads\/sites\/132\/2019\/01\/mendieguna2019-150x300.jpg","articleSection":["Noticias"],"inLanguage":"es"},{"@type":"WebPage","@id":"http:\/\/www.berakoagenda.eus\/es\/xii-mendi-eguna\/","url":"http:\/\/www.berakoagenda.eus\/es\/xii-mendi-eguna\/","name":"XII Mendi Eguna - Berako Agenda","isPartOf":{"@id":"http:\/\/www.berakoagenda.eus\/es\/#website"},"primaryImageOfPage":{"@id":"http:\/\/www.berakoagenda.eus\/es\/xii-mendi-eguna\/#primaryimage"},"image":{"@id":"http:\/\/www.berakoagenda.eus\/es\/xii-mendi-eguna\/#primaryimage"},"thumbnailUrl":"http:\/\/www.berakoagenda.eus\/wp-content\/uploads\/sites\/132\/2019\/01\/mendieguna2019-150x300.jpg","datePublished":"2019-01-08T17:15:23+00:00","author":{"@id":"http:\/\/www.berakoagenda.eus\/es\/#\/schema\/person\/6bf85232a4c9ae5acb81113e794d4d77"},"breadcrumb":{"@id":"http:\/\/www.berakoagenda.eus\/es\/xii-mendi-eguna\/#breadcrumb"},"inLanguage":"es","potentialAction":[{"@type":"ReadAction","target":[["http:\/\/www.berakoagenda.eus\/es\/xii-mendi-eguna\/"]]}]},{"@type":"ImageObject","inLanguage":"es","@id":"http:\/\/www.berakoagenda.eus\/es\/xii-mendi-eguna\/#primaryimage","url":"http:\/\/www.berakoagenda.eus\/wp-content\/uploads\/sites\/132\/2019\/01\/mendieguna2019-150x300.jpg","contentUrl":"http:\/\/www.berakoagenda.eus\/wp-content\/uploads\/sites\/132\/2019\/01\/mendieguna2019-150x300.jpg"},{"@type":"BreadcrumbList","@id":"http:\/\/www.berakoagenda.eus\/es\/xii-mendi-eguna\/#breadcrumb","itemListElement":[{"@type":"ListItem","position":1,"name":"Portada","item":"http:\/\/www.berakoagenda.eus\/es\/"},{"@type":"ListItem","position":2,"name":"XII Mendi Eguna"}]},{"@type":"WebSite","@id":"http:\/\/www.berakoagenda.eus\/es\/#website","url":"http:\/\/www.berakoagenda.eus\/es\/","name":"Berako Agenda","description":"","potentialAction":[{"@type":"SearchAction","target":{"@type":"EntryPoint","urlTemplate":"http:\/\/www.berakoagenda.eus\/es\/?s={search_term_string}"},"query-input":{"@type":"PropertyValueSpecification","valueRequired":true,"valueName":"search_term_string"}}],"inLanguage":"es"},{"@type":"Person","@id":"http:\/\/www.berakoagenda.eus\/es\/#\/schema\/person\/6bf85232a4c9ae5acb81113e794d4d77","name":"berakoagenda","url":"http:\/\/www.berakoagenda.eus\/es\/author\/berakoagenda\/"}]}},"_links":{"self":[{"href":"http:\/\/www.berakoagenda.eus\/es\/wp-json\/wp\/v2\/posts\/1897","targetHints":{"allow":["GET"]}}],"collection":[{"href":"http:\/\/www.berakoagenda.eus\/es\/wp-json\/wp\/v2\/posts"}],"about":[{"href":"http:\/\/www.berakoagenda.eus\/es\/wp-json\/wp\/v2\/types\/post"}],"author":[{"embeddable":true,"href":"http:\/\/www.berakoagenda.eus\/es\/wp-json\/wp\/v2\/users\/131"}],"replies":[{"embeddable":true,"href":"http:\/\/www.berakoagenda.eus\/es\/wp-json\/wp\/v2\/comments?post=1897"}],"version-history":[{"count":2,"href":"http:\/\/www.berakoagenda.eus\/es\/wp-json\/wp\/v2\/posts\/1897\/revisions"}],"predecessor-version":[{"id":1900,"href":"http:\/\/www.berakoagenda.eus\/es\/wp-json\/wp\/v2\/posts\/1897\/revisions\/1900"}],"wp:attachment":[{"href":"http:\/\/www.berakoagenda.eus\/es\/wp-json\/wp\/v2\/media?parent=1897"}],"wp:term":[{"taxonomy":"category","embeddable":true,"href":"http:\/\/www.berakoagenda.eus\/es\/wp-json\/wp\/v2\/categories?post=1897"},{"taxonomy":"post_tag","embeddable":true,"href":"http:\/\/www.berakoagenda.eus\/es\/wp-json\/wp\/v2\/tags?post=1897"}],"curies":[{"name":"wp","href":"https:\/\/api.w.org\/{rel}","templated":true}]}}