{"id":2914,"date":"2021-01-02T18:18:10","date_gmt":"2021-01-02T17:18:10","guid":{"rendered":"http:\/\/www.berakoagenda.eus\/?p=2914"},"modified":"2021-01-04T10:12:11","modified_gmt":"2021-01-04T09:12:11","slug":"liburu-aurkezpena-bortzirietako-nobiliarioa-inaki-garrido-yerobi-eta-carlos-rilova-jerico","status":"publish","type":"post","link":"http:\/\/www.berakoagenda.eus\/es\/liburu-aurkezpena-bortzirietako-nobiliarioa-inaki-garrido-yerobi-eta-carlos-rilova-jerico\/","title":{"rendered":"Presentaci\u00f3n de libro: Nobiliario de Bortziriak (I\u00f1aki Garido Yerobi y Carlos Rilova Jeric\u00f3)"},"content":{"rendered":"<p><a href=\"http:\/\/www.berakoagenda.eus\/wp-content\/uploads\/sites\/132\/2020\/12\/irudia_nobiliario.jpg\"><img loading=\"lazy\" decoding=\"async\" class=\"size-medium wp-image-2915 aligncenter\" src=\"http:\/\/www.berakoagenda.eus\/wp-content\/uploads\/sites\/132\/2020\/12\/irudia_nobiliario-214x300.jpg\" alt=\"\" width=\"214\" height=\"300\" srcset=\"http:\/\/www.berakoagenda.eus\/wp-content\/uploads\/sites\/132\/2020\/12\/irudia_nobiliario-214x300.jpg 214w, http:\/\/www.berakoagenda.eus\/wp-content\/uploads\/sites\/132\/2020\/12\/irudia_nobiliario.jpg 223w\" sizes=\"auto, (max-width: 214px) 100vw, 214px\" \/><\/a><strong>D\u00eda<\/strong>: jueves, 14 de enero<br \/>\n<strong>Lugar<\/strong>: Casa de Cultura<br \/>\n<strong>Hora<\/strong>: 18:00<br \/>\n<strong>Duraci\u00f3n<\/strong>: 60 min<br \/>\n<strong>Organiza<\/strong>: Comisi\u00f3n de Cultura de Bera<\/p>\n<p>El <em>Nobiliario de Bortziriak. Probanzas de nobleza, hidalgu\u00eda y limpieza de sangre (siglos XVI-XIX)<\/em>.\u00a0 trata de devolver a los descendientes de los apellidos arraigados en las Cinco Villas del viejo Reino de Navarra noticias ciertas del momento en el que aparecen all\u00ed, de la fecha en la que colocan sobre los dinteles de su casa un escudo de armas que deja constancia de la nobleza de su linaje, y, sin \u00e1nimo de agotar la lista de todo lo que puede dar de s\u00ed un libro como este, las vicisitudes de sus antepasados, portadores de esos apellidos y escudos. Marx y Engels, seguros del triunfo de la revoluci\u00f3n comunista por ellos teorizada, auguraban, a mediados del siglo xix, que esa nueva sociedad har\u00eda in\u00fatil el trabajo de la her\u00e1ldica y la genealog\u00eda. Casi dos siglos despu\u00e9s ese inter\u00e9s por nuestro pasado geneal\u00f3gico y la interpretaci\u00f3n de las armas familiares, sigue m\u00e1s vivo que nunca.<\/p>\n<p>El Nobiliario analiza el per\u00edodo que va desde finales de la Edad Media, con sus convulsas guerras de bandos, hasta la primera guerra carlista, en la que esos escudos de armas se convirtieron, principalmente, en un lujoso objeto decorativo y todos los apellidos empezaron a ser considerados iguales, a trav\u00e9s de la mal llamada \u00abConfusi\u00f3n de Estados\u00bb. Las fuentes (archivos concejiles, agn, ahn, agi, etc.), nos ayudan a conocer Bortziriak a trav\u00e9s del complejo mundo de sus 350 hidalgu\u00edas y sus filiaciones de sangre localizadas. Un recorrido hist\u00f3rico, siempre lleno de sorpresas, como la presencia de mujeres votando en concejo o la de testigos agotes de Bozate en un pleito de hidalgu\u00eda en 1619. La historia, como siempre, viva y llena de sorpresas.<\/p>","protected":false},"excerpt":{"rendered":"<p>D\u00eda: jueves, 14 de enero Lugar: Casa de Cultura Hora: 18:00 Duraci\u00f3n: 60 min Organiza: Comisi\u00f3n de Cultura de Bera El Nobiliario de Bortziriak. Probanzas de nobleza, hidalgu\u00eda y limpieza de sangre (siglos XVI-XIX).\u00a0 trata de devolver a los descendientes&hellip; <\/p>\n","protected":false},"author":131,"featured_media":0,"comment_status":"closed","ping_status":"closed","sticky":false,"template":"","format":"standard","meta":{"_monsterinsights_skip_tracking":false,"_monsterinsights_sitenote_active":false,"_monsterinsights_sitenote_note":"","_monsterinsights_sitenote_category":0,"footnotes":""},"categories":[12],"tags":[],"class_list":["post-2914","post","type-post","status-publish","format-standard","hentry","category-albisteak"],"yoast_head":"<!-- This site is optimized with the Yoast SEO plugin v26.8 - https:\/\/yoast.com\/product\/yoast-seo-wordpress\/ -->\r\n<title>Presentaci\u00f3n de libro: Nobiliario de Bortziriak (I\u00f1aki Garido Yerobi y Carlos Rilova Jeric\u00f3) - Berako Agenda<\/title>\r\n<meta name=\"robots\" content=\"index, follow, max-snippet:-1, max-image-preview:large, max-video-preview:-1\" \/>\r\n<link rel=\"canonical\" href=\"http:\/\/www.berakoagenda.eus\/es\/liburu-aurkezpena-bortzirietako-nobiliarioa-inaki-garrido-yerobi-eta-carlos-rilova-jerico\/\" \/>\r\n<meta property=\"og:locale\" content=\"es_ES\" \/>\r\n<meta property=\"og:type\" content=\"article\" \/>\r\n<meta property=\"og:title\" content=\"Presentaci\u00f3n de libro: Nobiliario de Bortziriak (I\u00f1aki Garido Yerobi y Carlos Rilova Jeric\u00f3) - Berako Agenda\" \/>\r\n<meta property=\"og:description\" content=\"D\u00eda: jueves, 14 de enero Lugar: Casa de Cultura Hora: 18:00 Duraci\u00f3n: 60 min Organiza: Comisi\u00f3n de Cultura de Bera El Nobiliario de Bortziriak. Probanzas de nobleza, hidalgu\u00eda y limpieza de sangre (siglos XVI-XIX).\u00a0 trata de devolver a los descendientes&hellip;\" \/>\r\n<meta property=\"og:url\" content=\"http:\/\/www.berakoagenda.eus\/es\/liburu-aurkezpena-bortzirietako-nobiliarioa-inaki-garrido-yerobi-eta-carlos-rilova-jerico\/\" \/>\r\n<meta property=\"og:site_name\" content=\"Berako Agenda\" \/>\r\n<meta property=\"article:published_time\" content=\"2021-01-02T17:18:10+00:00\" \/>\r\n<meta property=\"article:modified_time\" content=\"2021-01-04T09:12:11+00:00\" \/>\r\n<meta property=\"og:image\" content=\"http:\/\/www.berakoagenda.eus\/wp-content\/uploads\/sites\/132\/2020\/12\/irudia_nobiliario-214x300.jpg\" \/>\r\n<meta name=\"author\" content=\"berakoagenda\" \/>\r\n<meta name=\"twitter:card\" content=\"summary_large_image\" \/>\r\n<meta name=\"twitter:label1\" content=\"Escrito por\" \/>\n\t<meta name=\"twitter:data1\" content=\"berakoagenda\" \/>\n\t<meta name=\"twitter:label2\" content=\"Tiempo de lectura\" \/>\n\t<meta name=\"twitter:data2\" content=\"3 minutos\" \/>\r\n<script type=\"application\/ld+json\" class=\"yoast-schema-graph\">{\"@context\":\"https:\/\/schema.org\",\"@graph\":[{\"@type\":\"Article\",\"@id\":\"http:\/\/www.berakoagenda.eus\/es\/liburu-aurkezpena-bortzirietako-nobiliarioa-inaki-garrido-yerobi-eta-carlos-rilova-jerico\/#article\",\"isPartOf\":{\"@id\":\"http:\/\/www.berakoagenda.eus\/es\/liburu-aurkezpena-bortzirietako-nobiliarioa-inaki-garrido-yerobi-eta-carlos-rilova-jerico\/\"},\"author\":{\"name\":\"berakoagenda\",\"@id\":\"http:\/\/www.berakoagenda.eus\/es\/#\/schema\/person\/6bf85232a4c9ae5acb81113e794d4d77\"},\"headline\":\"Presentaci\u00f3n de libro: Nobiliario de Bortziriak (I\u00f1aki Garido Yerobi y Carlos Rilova Jeric\u00f3)\",\"datePublished\":\"2021-01-02T17:18:10+00:00\",\"dateModified\":\"2021-01-04T09:12:11+00:00\",\"mainEntityOfPage\":{\"@id\":\"http:\/\/www.berakoagenda.eus\/es\/liburu-aurkezpena-bortzirietako-nobiliarioa-inaki-garrido-yerobi-eta-carlos-rilova-jerico\/\"},\"wordCount\":557,\"image\":{\"@id\":\"http:\/\/www.berakoagenda.eus\/es\/liburu-aurkezpena-bortzirietako-nobiliarioa-inaki-garrido-yerobi-eta-carlos-rilova-jerico\/#primaryimage\"},\"thumbnailUrl\":\"http:\/\/www.berakoagenda.eus\/wp-content\/uploads\/sites\/132\/2020\/12\/irudia_nobiliario-214x300.jpg\",\"articleSection\":[\"Noticias\"],\"inLanguage\":\"es\"},{\"@type\":\"WebPage\",\"@id\":\"http:\/\/www.berakoagenda.eus\/es\/liburu-aurkezpena-bortzirietako-nobiliarioa-inaki-garrido-yerobi-eta-carlos-rilova-jerico\/\",\"url\":\"http:\/\/www.berakoagenda.eus\/es\/liburu-aurkezpena-bortzirietako-nobiliarioa-inaki-garrido-yerobi-eta-carlos-rilova-jerico\/\",\"name\":\"Presentaci\u00f3n de libro: Nobiliario de Bortziriak (I\u00f1aki Garido Yerobi y Carlos Rilova Jeric\u00f3) - Berako Agenda\",\"isPartOf\":{\"@id\":\"http:\/\/www.berakoagenda.eus\/es\/#website\"},\"primaryImageOfPage\":{\"@id\":\"http:\/\/www.berakoagenda.eus\/es\/liburu-aurkezpena-bortzirietako-nobiliarioa-inaki-garrido-yerobi-eta-carlos-rilova-jerico\/#primaryimage\"},\"image\":{\"@id\":\"http:\/\/www.berakoagenda.eus\/es\/liburu-aurkezpena-bortzirietako-nobiliarioa-inaki-garrido-yerobi-eta-carlos-rilova-jerico\/#primaryimage\"},\"thumbnailUrl\":\"http:\/\/www.berakoagenda.eus\/wp-content\/uploads\/sites\/132\/2020\/12\/irudia_nobiliario-214x300.jpg\",\"datePublished\":\"2021-01-02T17:18:10+00:00\",\"dateModified\":\"2021-01-04T09:12:11+00:00\",\"author\":{\"@id\":\"http:\/\/www.berakoagenda.eus\/es\/#\/schema\/person\/6bf85232a4c9ae5acb81113e794d4d77\"},\"breadcrumb\":{\"@id\":\"http:\/\/www.berakoagenda.eus\/es\/liburu-aurkezpena-bortzirietako-nobiliarioa-inaki-garrido-yerobi-eta-carlos-rilova-jerico\/#breadcrumb\"},\"inLanguage\":\"es\",\"potentialAction\":[{\"@type\":\"ReadAction\",\"target\":[[\"http:\/\/www.berakoagenda.eus\/es\/liburu-aurkezpena-bortzirietako-nobiliarioa-inaki-garrido-yerobi-eta-carlos-rilova-jerico\/\"]]}]},{\"@type\":\"ImageObject\",\"inLanguage\":\"es\",\"@id\":\"http:\/\/www.berakoagenda.eus\/es\/liburu-aurkezpena-bortzirietako-nobiliarioa-inaki-garrido-yerobi-eta-carlos-rilova-jerico\/#primaryimage\",\"url\":\"http:\/\/www.berakoagenda.eus\/wp-content\/uploads\/sites\/132\/2020\/12\/irudia_nobiliario-214x300.jpg\",\"contentUrl\":\"http:\/\/www.berakoagenda.eus\/wp-content\/uploads\/sites\/132\/2020\/12\/irudia_nobiliario-214x300.jpg\"},{\"@type\":\"BreadcrumbList\",\"@id\":\"http:\/\/www.berakoagenda.eus\/es\/liburu-aurkezpena-bortzirietako-nobiliarioa-inaki-garrido-yerobi-eta-carlos-rilova-jerico\/#breadcrumb\",\"itemListElement\":[{\"@type\":\"ListItem\",\"position\":1,\"name\":\"Portada\",\"item\":\"http:\/\/www.berakoagenda.eus\/es\/\"},{\"@type\":\"ListItem\",\"position\":2,\"name\":\"Presentaci\u00f3n de libro: Nobiliario de Bortziriak (I\u00f1aki Garido Yerobi y Carlos Rilova Jeric\u00f3)\"}]},{\"@type\":\"WebSite\",\"@id\":\"http:\/\/www.berakoagenda.eus\/es\/#website\",\"url\":\"http:\/\/www.berakoagenda.eus\/es\/\",\"name\":\"Berako Agenda\",\"description\":\"\",\"potentialAction\":[{\"@type\":\"SearchAction\",\"target\":{\"@type\":\"EntryPoint\",\"urlTemplate\":\"http:\/\/www.berakoagenda.eus\/es\/?s={search_term_string}\"},\"query-input\":{\"@type\":\"PropertyValueSpecification\",\"valueRequired\":true,\"valueName\":\"search_term_string\"}}],\"inLanguage\":\"es\"},{\"@type\":\"Person\",\"@id\":\"http:\/\/www.berakoagenda.eus\/es\/#\/schema\/person\/6bf85232a4c9ae5acb81113e794d4d77\",\"name\":\"berakoagenda\",\"url\":\"http:\/\/www.berakoagenda.eus\/es\/author\/berakoagenda\/\"}]}<\/script>\r\n<!-- \/ Yoast SEO plugin. -->","yoast_head_json":{"title":"Presentaci\u00f3n de libro: Nobiliario de Bortziriak (I\u00f1aki Garido Yerobi y Carlos Rilova Jeric\u00f3) - Berako Agenda","robots":{"index":"index","follow":"follow","max-snippet":"max-snippet:-1","max-image-preview":"max-image-preview:large","max-video-preview":"max-video-preview:-1"},"canonical":"http:\/\/www.berakoagenda.eus\/es\/liburu-aurkezpena-bortzirietako-nobiliarioa-inaki-garrido-yerobi-eta-carlos-rilova-jerico\/","og_locale":"es_ES","og_type":"article","og_title":"Presentaci\u00f3n de libro: Nobiliario de Bortziriak (I\u00f1aki Garido Yerobi y Carlos Rilova Jeric\u00f3) - Berako Agenda","og_description":"D\u00eda: jueves, 14 de enero Lugar: Casa de Cultura Hora: 18:00 Duraci\u00f3n: 60 min Organiza: Comisi\u00f3n de Cultura de Bera El Nobiliario de Bortziriak. Probanzas de nobleza, hidalgu\u00eda y limpieza de sangre (siglos XVI-XIX).\u00a0 trata de devolver a los descendientes&hellip;","og_url":"http:\/\/www.berakoagenda.eus\/es\/liburu-aurkezpena-bortzirietako-nobiliarioa-inaki-garrido-yerobi-eta-carlos-rilova-jerico\/","og_site_name":"Berako Agenda","article_published_time":"2021-01-02T17:18:10+00:00","article_modified_time":"2021-01-04T09:12:11+00:00","og_image":[{"url":"http:\/\/www.berakoagenda.eus\/wp-content\/uploads\/sites\/132\/2020\/12\/irudia_nobiliario-214x300.jpg","type":"","width":"","height":""}],"author":"berakoagenda","twitter_card":"summary_large_image","twitter_misc":{"Escrito por":"berakoagenda","Tiempo de lectura":"3 minutos"},"schema":{"@context":"https:\/\/schema.org","@graph":[{"@type":"Article","@id":"http:\/\/www.berakoagenda.eus\/es\/liburu-aurkezpena-bortzirietako-nobiliarioa-inaki-garrido-yerobi-eta-carlos-rilova-jerico\/#article","isPartOf":{"@id":"http:\/\/www.berakoagenda.eus\/es\/liburu-aurkezpena-bortzirietako-nobiliarioa-inaki-garrido-yerobi-eta-carlos-rilova-jerico\/"},"author":{"name":"berakoagenda","@id":"http:\/\/www.berakoagenda.eus\/es\/#\/schema\/person\/6bf85232a4c9ae5acb81113e794d4d77"},"headline":"Presentaci\u00f3n de libro: Nobiliario de Bortziriak (I\u00f1aki Garido Yerobi y Carlos Rilova Jeric\u00f3)","datePublished":"2021-01-02T17:18:10+00:00","dateModified":"2021-01-04T09:12:11+00:00","mainEntityOfPage":{"@id":"http:\/\/www.berakoagenda.eus\/es\/liburu-aurkezpena-bortzirietako-nobiliarioa-inaki-garrido-yerobi-eta-carlos-rilova-jerico\/"},"wordCount":557,"image":{"@id":"http:\/\/www.berakoagenda.eus\/es\/liburu-aurkezpena-bortzirietako-nobiliarioa-inaki-garrido-yerobi-eta-carlos-rilova-jerico\/#primaryimage"},"thumbnailUrl":"http:\/\/www.berakoagenda.eus\/wp-content\/uploads\/sites\/132\/2020\/12\/irudia_nobiliario-214x300.jpg","articleSection":["Noticias"],"inLanguage":"es"},{"@type":"WebPage","@id":"http:\/\/www.berakoagenda.eus\/es\/liburu-aurkezpena-bortzirietako-nobiliarioa-inaki-garrido-yerobi-eta-carlos-rilova-jerico\/","url":"http:\/\/www.berakoagenda.eus\/es\/liburu-aurkezpena-bortzirietako-nobiliarioa-inaki-garrido-yerobi-eta-carlos-rilova-jerico\/","name":"Presentaci\u00f3n de libro: Nobiliario de Bortziriak (I\u00f1aki Garido Yerobi y Carlos Rilova Jeric\u00f3) - Berako Agenda","isPartOf":{"@id":"http:\/\/www.berakoagenda.eus\/es\/#website"},"primaryImageOfPage":{"@id":"http:\/\/www.berakoagenda.eus\/es\/liburu-aurkezpena-bortzirietako-nobiliarioa-inaki-garrido-yerobi-eta-carlos-rilova-jerico\/#primaryimage"},"image":{"@id":"http:\/\/www.berakoagenda.eus\/es\/liburu-aurkezpena-bortzirietako-nobiliarioa-inaki-garrido-yerobi-eta-carlos-rilova-jerico\/#primaryimage"},"thumbnailUrl":"http:\/\/www.berakoagenda.eus\/wp-content\/uploads\/sites\/132\/2020\/12\/irudia_nobiliario-214x300.jpg","datePublished":"2021-01-02T17:18:10+00:00","dateModified":"2021-01-04T09:12:11+00:00","author":{"@id":"http:\/\/www.berakoagenda.eus\/es\/#\/schema\/person\/6bf85232a4c9ae5acb81113e794d4d77"},"breadcrumb":{"@id":"http:\/\/www.berakoagenda.eus\/es\/liburu-aurkezpena-bortzirietako-nobiliarioa-inaki-garrido-yerobi-eta-carlos-rilova-jerico\/#breadcrumb"},"inLanguage":"es","potentialAction":[{"@type":"ReadAction","target":[["http:\/\/www.berakoagenda.eus\/es\/liburu-aurkezpena-bortzirietako-nobiliarioa-inaki-garrido-yerobi-eta-carlos-rilova-jerico\/"]]}]},{"@type":"ImageObject","inLanguage":"es","@id":"http:\/\/www.berakoagenda.eus\/es\/liburu-aurkezpena-bortzirietako-nobiliarioa-inaki-garrido-yerobi-eta-carlos-rilova-jerico\/#primaryimage","url":"http:\/\/www.berakoagenda.eus\/wp-content\/uploads\/sites\/132\/2020\/12\/irudia_nobiliario-214x300.jpg","contentUrl":"http:\/\/www.berakoagenda.eus\/wp-content\/uploads\/sites\/132\/2020\/12\/irudia_nobiliario-214x300.jpg"},{"@type":"BreadcrumbList","@id":"http:\/\/www.berakoagenda.eus\/es\/liburu-aurkezpena-bortzirietako-nobiliarioa-inaki-garrido-yerobi-eta-carlos-rilova-jerico\/#breadcrumb","itemListElement":[{"@type":"ListItem","position":1,"name":"Portada","item":"http:\/\/www.berakoagenda.eus\/es\/"},{"@type":"ListItem","position":2,"name":"Presentaci\u00f3n de libro: Nobiliario de Bortziriak (I\u00f1aki Garido Yerobi y Carlos Rilova Jeric\u00f3)"}]},{"@type":"WebSite","@id":"http:\/\/www.berakoagenda.eus\/es\/#website","url":"http:\/\/www.berakoagenda.eus\/es\/","name":"Berako Agenda","description":"","potentialAction":[{"@type":"SearchAction","target":{"@type":"EntryPoint","urlTemplate":"http:\/\/www.berakoagenda.eus\/es\/?s={search_term_string}"},"query-input":{"@type":"PropertyValueSpecification","valueRequired":true,"valueName":"search_term_string"}}],"inLanguage":"es"},{"@type":"Person","@id":"http:\/\/www.berakoagenda.eus\/es\/#\/schema\/person\/6bf85232a4c9ae5acb81113e794d4d77","name":"berakoagenda","url":"http:\/\/www.berakoagenda.eus\/es\/author\/berakoagenda\/"}]}},"_links":{"self":[{"href":"http:\/\/www.berakoagenda.eus\/es\/wp-json\/wp\/v2\/posts\/2914","targetHints":{"allow":["GET"]}}],"collection":[{"href":"http:\/\/www.berakoagenda.eus\/es\/wp-json\/wp\/v2\/posts"}],"about":[{"href":"http:\/\/www.berakoagenda.eus\/es\/wp-json\/wp\/v2\/types\/post"}],"author":[{"embeddable":true,"href":"http:\/\/www.berakoagenda.eus\/es\/wp-json\/wp\/v2\/users\/131"}],"replies":[{"embeddable":true,"href":"http:\/\/www.berakoagenda.eus\/es\/wp-json\/wp\/v2\/comments?post=2914"}],"version-history":[{"count":5,"href":"http:\/\/www.berakoagenda.eus\/es\/wp-json\/wp\/v2\/posts\/2914\/revisions"}],"predecessor-version":[{"id":2923,"href":"http:\/\/www.berakoagenda.eus\/es\/wp-json\/wp\/v2\/posts\/2914\/revisions\/2923"}],"wp:attachment":[{"href":"http:\/\/www.berakoagenda.eus\/es\/wp-json\/wp\/v2\/media?parent=2914"}],"wp:term":[{"taxonomy":"category","embeddable":true,"href":"http:\/\/www.berakoagenda.eus\/es\/wp-json\/wp\/v2\/categories?post=2914"},{"taxonomy":"post_tag","embeddable":true,"href":"http:\/\/www.berakoagenda.eus\/es\/wp-json\/wp\/v2\/tags?post=2914"}],"curies":[{"name":"wp","href":"https:\/\/api.w.org\/{rel}","templated":true}]}}