{"id":2924,"date":"2021-01-04T10:33:26","date_gmt":"2021-01-04T09:33:26","guid":{"rendered":"http:\/\/www.berakoagenda.eus\/?p=2924"},"modified":"2021-01-14T13:44:17","modified_gmt":"2021-01-14T12:44:17","slug":"organo-eta-oboe-kontzertua-haizearen-oihartzunak-anai-telletxea-martin-zulaika-inigo-morentin","status":"publish","type":"post","link":"http:\/\/www.berakoagenda.eus\/es\/organo-eta-oboe-kontzertua-haizearen-oihartzunak-anai-telletxea-martin-zulaika-inigo-morentin\/","title":{"rendered":"Concierto de \u00f3rgano y oboe: Ecos del viento (Anai Telletxea, Martin Zulaika &amp; I\u00f1igo Morent\u00edn)"},"content":{"rendered":"<p><\/p>\n<p style=\"text-align: center\"><a href=\"http:\/\/www.berakoagenda.eus\/wp-content\/uploads\/sites\/132\/2021\/01\/organoa01.jpg\"><img loading=\"lazy\" decoding=\"async\" class=\"alignnone size-medium wp-image-2925\" src=\"http:\/\/www.berakoagenda.eus\/wp-content\/uploads\/sites\/132\/2021\/01\/organoa01-300x225.jpg\" alt=\"\" width=\"300\" height=\"225\" srcset=\"http:\/\/www.berakoagenda.eus\/wp-content\/uploads\/sites\/132\/2021\/01\/organoa01-300x225.jpg 300w, http:\/\/www.berakoagenda.eus\/wp-content\/uploads\/sites\/132\/2021\/01\/organoa01-1024x768.jpg 1024w, http:\/\/www.berakoagenda.eus\/wp-content\/uploads\/sites\/132\/2021\/01\/organoa01.jpg 1600w\" sizes=\"auto, (max-width: 300px) 100vw, 300px\" \/><\/a><\/p>\n<p><em>Di\u00e1logos musicales para oboes y \u00f3rgano<\/em><\/p>\n<p><strong>D\u00eda<\/strong>: s\u00e1bado, 16 de enero<br \/>\n<strong>Lugar<\/strong>: Iglesia de Sanesteban<br \/>\n<strong>Hora<\/strong>: 19:00<br \/>\n<strong>Duraci\u00f3n<\/strong>: 60 min<br \/>\n<strong>Organizan<\/strong>: Comisi\u00f3n de Cultura de Bera y <a href=\"http:\/\/www.bera.eus\">Ayuntamiento de Bera<\/a><\/p>\n<p>En 2016 ofrecieron por primera vez un concierto de forma conjunta, para la asignatura de m\u00fasica de c\u00e1mara de ciclo medio. Han ofrecido conciertos en diferentes lugares como la iglesia de Santo Domingo, Parroquia de la Virgen de la Asunci\u00f3n\u00a0 y Carmelitas Descalzos (Pamplona); y en la iglesia de Carcar. En 2018 se presentaron al Concurso de Fernando Remacha.<\/p>\n<p><strong>PROGRAMA<\/strong><\/p>\n<p><strong>Barroco<br \/>\n<\/strong><\/p>\n<p><strong>D. Gallo<\/strong> \u2013 <em>Sonata I.<\/em> Moderato<br \/>\n<strong>A. Vivaldi<\/strong> \u2013 <em>Concerto in D minor (P. 302) para dos oboes, cuerda y bajo continuo<\/em><br \/>\nI. Largo \u2013 Allegro<br \/>\nII. Largo<br \/>\nIII. Allegro molto<br \/>\n<strong>J. S. Bach<\/strong> \u2013 Aria <em>\u201cSchafe k\u00f6nnen sicher wieden\u201d (BWV 208)<\/em><br \/>\n<strong>J. Stanley<\/strong> \u2013 <em>Voluntary I (op. 6)<\/em><br \/>\nSiciliano<br \/>\nAndante<\/p>\n<p><strong>Clasicismo<\/strong><\/p>\n<p><strong>W. A. Mozart<\/strong> \u2013 <em>17 d\u00faos de la Flauta m\u00e1gica<\/em><br \/>\nII. Der Vogelf\u00e4nger bin ich ja<br \/>\nX. Alles f\u00fchlt der Liebe Freuden<\/p>\n<p><strong>Romanticismo<\/strong><\/p>\n<p><strong>G. B\u00e9lier<\/strong> \u2013 <em>Toccata en re<\/em><br \/>\n<strong>J. Rheinberger<\/strong> \u2013 <em>Improvisation (op. 174)<\/em><br \/>\n<strong>J. Rheinberger<\/strong> \u2013 <em>Cantil\u00e8ne (op. 148)<\/em><br \/>\n<strong>C. Frank<\/strong> \u2013 <em>Pr\u00e9lude (6 pi\u00e8ces d\u2019orgue, n 3)<\/em><br \/>\n<strong>F. Mendelssohn<\/strong> \u2013 <em>Lieder ohne Worte (op. 30, n. 3)<\/em>. <em>Arr<\/em>: J. L. Echechip\u00eda<\/p>\n<p><strong>Oboes<\/strong>: Martin Zulaika Diarte &#8211; Anai Telletxea Aguilera<br \/>\n<strong>\u00d3rgano<\/strong>: \u00cd\u00f1igo Morentin de Carlos<\/p>","protected":false},"excerpt":{"rendered":"<p>Di\u00e1logos musicales para oboes y \u00f3rgano D\u00eda: s\u00e1bado, 16 de enero Lugar: Iglesia de Sanesteban Hora: 19:00 Duraci\u00f3n: 60 min Organizan: Comisi\u00f3n de Cultura de Bera y Ayuntamiento de Bera En 2016 ofrecieron por primera vez un concierto de forma&hellip; <\/p>\n","protected":false},"author":131,"featured_media":0,"comment_status":"closed","ping_status":"closed","sticky":false,"template":"","format":"standard","meta":{"_monsterinsights_skip_tracking":false,"_monsterinsights_sitenote_active":false,"_monsterinsights_sitenote_note":"","_monsterinsights_sitenote_category":0,"footnotes":""},"categories":[12],"tags":[],"class_list":["post-2924","post","type-post","status-publish","format-standard","hentry","category-albisteak"],"yoast_head":"<!-- This site is optimized with the Yoast SEO plugin v26.8 - https:\/\/yoast.com\/product\/yoast-seo-wordpress\/ -->\r\n<title>Concierto de \u00f3rgano y oboe: Ecos del viento (Anai Telletxea, Martin Zulaika &amp; I\u00f1igo Morent\u00edn) - Berako Agenda<\/title>\r\n<meta name=\"robots\" content=\"index, follow, max-snippet:-1, max-image-preview:large, max-video-preview:-1\" \/>\r\n<link rel=\"canonical\" href=\"http:\/\/www.berakoagenda.eus\/es\/organo-eta-oboe-kontzertua-haizearen-oihartzunak-anai-telletxea-martin-zulaika-inigo-morentin\/\" \/>\r\n<meta property=\"og:locale\" content=\"es_ES\" \/>\r\n<meta property=\"og:type\" content=\"article\" \/>\r\n<meta property=\"og:title\" content=\"Concierto de \u00f3rgano y oboe: Ecos del viento (Anai Telletxea, Martin Zulaika &amp; I\u00f1igo Morent\u00edn) - Berako Agenda\" \/>\r\n<meta property=\"og:description\" content=\"Di\u00e1logos musicales para oboes y \u00f3rgano D\u00eda: s\u00e1bado, 16 de enero Lugar: Iglesia de Sanesteban Hora: 19:00 Duraci\u00f3n: 60 min Organizan: Comisi\u00f3n de Cultura de Bera y Ayuntamiento de Bera En 2016 ofrecieron por primera vez un concierto de forma&hellip;\" \/>\r\n<meta property=\"og:url\" content=\"http:\/\/www.berakoagenda.eus\/es\/organo-eta-oboe-kontzertua-haizearen-oihartzunak-anai-telletxea-martin-zulaika-inigo-morentin\/\" \/>\r\n<meta property=\"og:site_name\" content=\"Berako Agenda\" \/>\r\n<meta property=\"article:published_time\" content=\"2021-01-04T09:33:26+00:00\" \/>\r\n<meta property=\"article:modified_time\" content=\"2021-01-14T12:44:17+00:00\" \/>\r\n<meta property=\"og:image\" content=\"http:\/\/www.berakoagenda.eus\/wp-content\/uploads\/sites\/132\/2021\/01\/organoa01-300x225.jpg\" \/>\r\n<meta name=\"author\" content=\"berakoagenda\" \/>\r\n<meta name=\"twitter:card\" content=\"summary_large_image\" \/>\r\n<meta name=\"twitter:label1\" content=\"Escrito por\" \/>\n\t<meta name=\"twitter:data1\" content=\"berakoagenda\" \/>\n\t<meta name=\"twitter:label2\" content=\"Tiempo de lectura\" \/>\n\t<meta name=\"twitter:data2\" content=\"2 minutos\" \/>\r\n<script type=\"application\/ld+json\" class=\"yoast-schema-graph\">{\"@context\":\"https:\/\/schema.org\",\"@graph\":[{\"@type\":\"Article\",\"@id\":\"http:\/\/www.berakoagenda.eus\/es\/organo-eta-oboe-kontzertua-haizearen-oihartzunak-anai-telletxea-martin-zulaika-inigo-morentin\/#article\",\"isPartOf\":{\"@id\":\"http:\/\/www.berakoagenda.eus\/es\/organo-eta-oboe-kontzertua-haizearen-oihartzunak-anai-telletxea-martin-zulaika-inigo-morentin\/\"},\"author\":{\"name\":\"berakoagenda\",\"@id\":\"http:\/\/www.berakoagenda.eus\/es\/#\/schema\/person\/6bf85232a4c9ae5acb81113e794d4d77\"},\"headline\":\"Concierto de \u00f3rgano y oboe: Ecos del viento (Anai Telletxea, Martin Zulaika &amp; I\u00f1igo Morent\u00edn)\",\"datePublished\":\"2021-01-04T09:33:26+00:00\",\"dateModified\":\"2021-01-14T12:44:17+00:00\",\"mainEntityOfPage\":{\"@id\":\"http:\/\/www.berakoagenda.eus\/es\/organo-eta-oboe-kontzertua-haizearen-oihartzunak-anai-telletxea-martin-zulaika-inigo-morentin\/\"},\"wordCount\":419,\"image\":{\"@id\":\"http:\/\/www.berakoagenda.eus\/es\/organo-eta-oboe-kontzertua-haizearen-oihartzunak-anai-telletxea-martin-zulaika-inigo-morentin\/#primaryimage\"},\"thumbnailUrl\":\"http:\/\/www.berakoagenda.eus\/wp-content\/uploads\/sites\/132\/2021\/01\/organoa01-300x225.jpg\",\"articleSection\":[\"Noticias\"],\"inLanguage\":\"es\"},{\"@type\":\"WebPage\",\"@id\":\"http:\/\/www.berakoagenda.eus\/es\/organo-eta-oboe-kontzertua-haizearen-oihartzunak-anai-telletxea-martin-zulaika-inigo-morentin\/\",\"url\":\"http:\/\/www.berakoagenda.eus\/es\/organo-eta-oboe-kontzertua-haizearen-oihartzunak-anai-telletxea-martin-zulaika-inigo-morentin\/\",\"name\":\"Concierto de \u00f3rgano y oboe: Ecos del viento (Anai Telletxea, Martin Zulaika &amp; I\u00f1igo Morent\u00edn) - Berako Agenda\",\"isPartOf\":{\"@id\":\"http:\/\/www.berakoagenda.eus\/es\/#website\"},\"primaryImageOfPage\":{\"@id\":\"http:\/\/www.berakoagenda.eus\/es\/organo-eta-oboe-kontzertua-haizearen-oihartzunak-anai-telletxea-martin-zulaika-inigo-morentin\/#primaryimage\"},\"image\":{\"@id\":\"http:\/\/www.berakoagenda.eus\/es\/organo-eta-oboe-kontzertua-haizearen-oihartzunak-anai-telletxea-martin-zulaika-inigo-morentin\/#primaryimage\"},\"thumbnailUrl\":\"http:\/\/www.berakoagenda.eus\/wp-content\/uploads\/sites\/132\/2021\/01\/organoa01-300x225.jpg\",\"datePublished\":\"2021-01-04T09:33:26+00:00\",\"dateModified\":\"2021-01-14T12:44:17+00:00\",\"author\":{\"@id\":\"http:\/\/www.berakoagenda.eus\/es\/#\/schema\/person\/6bf85232a4c9ae5acb81113e794d4d77\"},\"breadcrumb\":{\"@id\":\"http:\/\/www.berakoagenda.eus\/es\/organo-eta-oboe-kontzertua-haizearen-oihartzunak-anai-telletxea-martin-zulaika-inigo-morentin\/#breadcrumb\"},\"inLanguage\":\"es\",\"potentialAction\":[{\"@type\":\"ReadAction\",\"target\":[[\"http:\/\/www.berakoagenda.eus\/es\/organo-eta-oboe-kontzertua-haizearen-oihartzunak-anai-telletxea-martin-zulaika-inigo-morentin\/\"]]}]},{\"@type\":\"ImageObject\",\"inLanguage\":\"es\",\"@id\":\"http:\/\/www.berakoagenda.eus\/es\/organo-eta-oboe-kontzertua-haizearen-oihartzunak-anai-telletxea-martin-zulaika-inigo-morentin\/#primaryimage\",\"url\":\"http:\/\/www.berakoagenda.eus\/wp-content\/uploads\/sites\/132\/2021\/01\/organoa01-300x225.jpg\",\"contentUrl\":\"http:\/\/www.berakoagenda.eus\/wp-content\/uploads\/sites\/132\/2021\/01\/organoa01-300x225.jpg\"},{\"@type\":\"BreadcrumbList\",\"@id\":\"http:\/\/www.berakoagenda.eus\/es\/organo-eta-oboe-kontzertua-haizearen-oihartzunak-anai-telletxea-martin-zulaika-inigo-morentin\/#breadcrumb\",\"itemListElement\":[{\"@type\":\"ListItem\",\"position\":1,\"name\":\"Portada\",\"item\":\"http:\/\/www.berakoagenda.eus\/es\/\"},{\"@type\":\"ListItem\",\"position\":2,\"name\":\"Concierto de \u00f3rgano y oboe: Ecos del viento (Anai Telletxea, Martin Zulaika &amp; I\u00f1igo Morent\u00edn)\"}]},{\"@type\":\"WebSite\",\"@id\":\"http:\/\/www.berakoagenda.eus\/es\/#website\",\"url\":\"http:\/\/www.berakoagenda.eus\/es\/\",\"name\":\"Berako Agenda\",\"description\":\"\",\"potentialAction\":[{\"@type\":\"SearchAction\",\"target\":{\"@type\":\"EntryPoint\",\"urlTemplate\":\"http:\/\/www.berakoagenda.eus\/es\/?s={search_term_string}\"},\"query-input\":{\"@type\":\"PropertyValueSpecification\",\"valueRequired\":true,\"valueName\":\"search_term_string\"}}],\"inLanguage\":\"es\"},{\"@type\":\"Person\",\"@id\":\"http:\/\/www.berakoagenda.eus\/es\/#\/schema\/person\/6bf85232a4c9ae5acb81113e794d4d77\",\"name\":\"berakoagenda\",\"url\":\"http:\/\/www.berakoagenda.eus\/es\/author\/berakoagenda\/\"}]}<\/script>\r\n<!-- \/ Yoast SEO plugin. -->","yoast_head_json":{"title":"Concierto de \u00f3rgano y oboe: Ecos del viento (Anai Telletxea, Martin Zulaika &amp; I\u00f1igo Morent\u00edn) - Berako Agenda","robots":{"index":"index","follow":"follow","max-snippet":"max-snippet:-1","max-image-preview":"max-image-preview:large","max-video-preview":"max-video-preview:-1"},"canonical":"http:\/\/www.berakoagenda.eus\/es\/organo-eta-oboe-kontzertua-haizearen-oihartzunak-anai-telletxea-martin-zulaika-inigo-morentin\/","og_locale":"es_ES","og_type":"article","og_title":"Concierto de \u00f3rgano y oboe: Ecos del viento (Anai Telletxea, Martin Zulaika &amp; I\u00f1igo Morent\u00edn) - Berako Agenda","og_description":"Di\u00e1logos musicales para oboes y \u00f3rgano D\u00eda: s\u00e1bado, 16 de enero Lugar: Iglesia de Sanesteban Hora: 19:00 Duraci\u00f3n: 60 min Organizan: Comisi\u00f3n de Cultura de Bera y Ayuntamiento de Bera En 2016 ofrecieron por primera vez un concierto de forma&hellip;","og_url":"http:\/\/www.berakoagenda.eus\/es\/organo-eta-oboe-kontzertua-haizearen-oihartzunak-anai-telletxea-martin-zulaika-inigo-morentin\/","og_site_name":"Berako Agenda","article_published_time":"2021-01-04T09:33:26+00:00","article_modified_time":"2021-01-14T12:44:17+00:00","og_image":[{"url":"http:\/\/www.berakoagenda.eus\/wp-content\/uploads\/sites\/132\/2021\/01\/organoa01-300x225.jpg","type":"","width":"","height":""}],"author":"berakoagenda","twitter_card":"summary_large_image","twitter_misc":{"Escrito por":"berakoagenda","Tiempo de lectura":"2 minutos"},"schema":{"@context":"https:\/\/schema.org","@graph":[{"@type":"Article","@id":"http:\/\/www.berakoagenda.eus\/es\/organo-eta-oboe-kontzertua-haizearen-oihartzunak-anai-telletxea-martin-zulaika-inigo-morentin\/#article","isPartOf":{"@id":"http:\/\/www.berakoagenda.eus\/es\/organo-eta-oboe-kontzertua-haizearen-oihartzunak-anai-telletxea-martin-zulaika-inigo-morentin\/"},"author":{"name":"berakoagenda","@id":"http:\/\/www.berakoagenda.eus\/es\/#\/schema\/person\/6bf85232a4c9ae5acb81113e794d4d77"},"headline":"Concierto de \u00f3rgano y oboe: Ecos del viento (Anai Telletxea, Martin Zulaika &amp; I\u00f1igo Morent\u00edn)","datePublished":"2021-01-04T09:33:26+00:00","dateModified":"2021-01-14T12:44:17+00:00","mainEntityOfPage":{"@id":"http:\/\/www.berakoagenda.eus\/es\/organo-eta-oboe-kontzertua-haizearen-oihartzunak-anai-telletxea-martin-zulaika-inigo-morentin\/"},"wordCount":419,"image":{"@id":"http:\/\/www.berakoagenda.eus\/es\/organo-eta-oboe-kontzertua-haizearen-oihartzunak-anai-telletxea-martin-zulaika-inigo-morentin\/#primaryimage"},"thumbnailUrl":"http:\/\/www.berakoagenda.eus\/wp-content\/uploads\/sites\/132\/2021\/01\/organoa01-300x225.jpg","articleSection":["Noticias"],"inLanguage":"es"},{"@type":"WebPage","@id":"http:\/\/www.berakoagenda.eus\/es\/organo-eta-oboe-kontzertua-haizearen-oihartzunak-anai-telletxea-martin-zulaika-inigo-morentin\/","url":"http:\/\/www.berakoagenda.eus\/es\/organo-eta-oboe-kontzertua-haizearen-oihartzunak-anai-telletxea-martin-zulaika-inigo-morentin\/","name":"Concierto de \u00f3rgano y oboe: Ecos del viento (Anai Telletxea, Martin Zulaika &amp; I\u00f1igo Morent\u00edn) - Berako Agenda","isPartOf":{"@id":"http:\/\/www.berakoagenda.eus\/es\/#website"},"primaryImageOfPage":{"@id":"http:\/\/www.berakoagenda.eus\/es\/organo-eta-oboe-kontzertua-haizearen-oihartzunak-anai-telletxea-martin-zulaika-inigo-morentin\/#primaryimage"},"image":{"@id":"http:\/\/www.berakoagenda.eus\/es\/organo-eta-oboe-kontzertua-haizearen-oihartzunak-anai-telletxea-martin-zulaika-inigo-morentin\/#primaryimage"},"thumbnailUrl":"http:\/\/www.berakoagenda.eus\/wp-content\/uploads\/sites\/132\/2021\/01\/organoa01-300x225.jpg","datePublished":"2021-01-04T09:33:26+00:00","dateModified":"2021-01-14T12:44:17+00:00","author":{"@id":"http:\/\/www.berakoagenda.eus\/es\/#\/schema\/person\/6bf85232a4c9ae5acb81113e794d4d77"},"breadcrumb":{"@id":"http:\/\/www.berakoagenda.eus\/es\/organo-eta-oboe-kontzertua-haizearen-oihartzunak-anai-telletxea-martin-zulaika-inigo-morentin\/#breadcrumb"},"inLanguage":"es","potentialAction":[{"@type":"ReadAction","target":[["http:\/\/www.berakoagenda.eus\/es\/organo-eta-oboe-kontzertua-haizearen-oihartzunak-anai-telletxea-martin-zulaika-inigo-morentin\/"]]}]},{"@type":"ImageObject","inLanguage":"es","@id":"http:\/\/www.berakoagenda.eus\/es\/organo-eta-oboe-kontzertua-haizearen-oihartzunak-anai-telletxea-martin-zulaika-inigo-morentin\/#primaryimage","url":"http:\/\/www.berakoagenda.eus\/wp-content\/uploads\/sites\/132\/2021\/01\/organoa01-300x225.jpg","contentUrl":"http:\/\/www.berakoagenda.eus\/wp-content\/uploads\/sites\/132\/2021\/01\/organoa01-300x225.jpg"},{"@type":"BreadcrumbList","@id":"http:\/\/www.berakoagenda.eus\/es\/organo-eta-oboe-kontzertua-haizearen-oihartzunak-anai-telletxea-martin-zulaika-inigo-morentin\/#breadcrumb","itemListElement":[{"@type":"ListItem","position":1,"name":"Portada","item":"http:\/\/www.berakoagenda.eus\/es\/"},{"@type":"ListItem","position":2,"name":"Concierto de \u00f3rgano y oboe: Ecos del viento (Anai Telletxea, Martin Zulaika &amp; I\u00f1igo Morent\u00edn)"}]},{"@type":"WebSite","@id":"http:\/\/www.berakoagenda.eus\/es\/#website","url":"http:\/\/www.berakoagenda.eus\/es\/","name":"Berako Agenda","description":"","potentialAction":[{"@type":"SearchAction","target":{"@type":"EntryPoint","urlTemplate":"http:\/\/www.berakoagenda.eus\/es\/?s={search_term_string}"},"query-input":{"@type":"PropertyValueSpecification","valueRequired":true,"valueName":"search_term_string"}}],"inLanguage":"es"},{"@type":"Person","@id":"http:\/\/www.berakoagenda.eus\/es\/#\/schema\/person\/6bf85232a4c9ae5acb81113e794d4d77","name":"berakoagenda","url":"http:\/\/www.berakoagenda.eus\/es\/author\/berakoagenda\/"}]}},"_links":{"self":[{"href":"http:\/\/www.berakoagenda.eus\/es\/wp-json\/wp\/v2\/posts\/2924","targetHints":{"allow":["GET"]}}],"collection":[{"href":"http:\/\/www.berakoagenda.eus\/es\/wp-json\/wp\/v2\/posts"}],"about":[{"href":"http:\/\/www.berakoagenda.eus\/es\/wp-json\/wp\/v2\/types\/post"}],"author":[{"embeddable":true,"href":"http:\/\/www.berakoagenda.eus\/es\/wp-json\/wp\/v2\/users\/131"}],"replies":[{"embeddable":true,"href":"http:\/\/www.berakoagenda.eus\/es\/wp-json\/wp\/v2\/comments?post=2924"}],"version-history":[{"count":7,"href":"http:\/\/www.berakoagenda.eus\/es\/wp-json\/wp\/v2\/posts\/2924\/revisions"}],"predecessor-version":[{"id":2935,"href":"http:\/\/www.berakoagenda.eus\/es\/wp-json\/wp\/v2\/posts\/2924\/revisions\/2935"}],"wp:attachment":[{"href":"http:\/\/www.berakoagenda.eus\/es\/wp-json\/wp\/v2\/media?parent=2924"}],"wp:term":[{"taxonomy":"category","embeddable":true,"href":"http:\/\/www.berakoagenda.eus\/es\/wp-json\/wp\/v2\/categories?post=2924"},{"taxonomy":"post_tag","embeddable":true,"href":"http:\/\/www.berakoagenda.eus\/es\/wp-json\/wp\/v2\/tags?post=2924"}],"curies":[{"name":"wp","href":"https:\/\/api.w.org\/{rel}","templated":true}]}}