{"id":4045,"date":"2022-11-07T18:57:26","date_gmt":"2022-11-07T17:57:26","guid":{"rendered":"http:\/\/www.berakoagenda.eus\/?p=4045"},"modified":"2022-11-07T19:05:59","modified_gmt":"2022-11-07T18:05:59","slug":"dokumentala-solasaldia-gernika-batzordea-1976tik-kontakizun-kaleidoskopikoa-eraikitzen","status":"publish","type":"post","link":"http:\/\/www.berakoagenda.eus\/es\/dokumentala-solasaldia-gernika-batzordea-1976tik-kontakizun-kaleidoskopikoa-eraikitzen\/","title":{"rendered":"Documental + Charla: Gernika Batzordea. 1976tik kontakizun kaleidoskopikoa eraikitzen (Haritz Petralanda e Ibon Me\u00f1ika)"},"content":{"rendered":"<p><\/p>\n<p style=\"text-align: center\"><a href=\"http:\/\/www.berakoagenda.eus\/wp-content\/uploads\/sites\/132\/2022\/11\/irudia_Gernika.jpeg\"><img loading=\"lazy\" decoding=\"async\" class=\"alignnone size-medium wp-image-4046\" src=\"http:\/\/www.berakoagenda.eus\/wp-content\/uploads\/sites\/132\/2022\/11\/irudia_Gernika-212x300.jpeg\" alt=\"\" width=\"212\" height=\"300\" srcset=\"http:\/\/www.berakoagenda.eus\/wp-content\/uploads\/sites\/132\/2022\/11\/irudia_Gernika-212x300.jpeg 212w, http:\/\/www.berakoagenda.eus\/wp-content\/uploads\/sites\/132\/2022\/11\/irudia_Gernika-724x1024.jpeg 724w, http:\/\/www.berakoagenda.eus\/wp-content\/uploads\/sites\/132\/2022\/11\/irudia_Gernika-300x424.jpeg 300w, http:\/\/www.berakoagenda.eus\/wp-content\/uploads\/sites\/132\/2022\/11\/irudia_Gernika.jpeg 764w\" sizes=\"auto, (max-width: 212px) 100vw, 212px\" \/><\/a><\/p>\n<p>En <em>euskera<\/em><strong><\/p>\n<p>D\u00eda<\/strong>: viernes, 11 de noviembre<br \/>\n<strong>Lugar<\/strong>: Casa de Cultura<br \/>\n<strong>Hora<\/strong>: 18:30<br \/>\n<strong>Entrada gratuita<\/strong><br \/>\n<strong>Organizan<\/strong>: Comisi\u00f3n de Cultura de Bera y <a href=\"http:\/\/www.bera.eus\">Ayuntamiento de Bera<\/a><br \/>\n<strong>Colabora<\/strong>: <a href=\"http:\/\/www.navarra.es\">Gobierno de Navarra<\/a><\/p>\n<div class=\"evcal_evdata_cell \">\n<div class=\"eventon_full_description\">\n<div class=\"eventon_desc_in\">\n<p>La asociaci\u00f3n<strong><em> Gernika Batzordea<\/em><\/strong> cumpli\u00f3 45 a\u00f1os en abril de 2021 (1976-2021). En octubre pasado presentaron el audiovisual \u00abGernika Batzordea: construyendo el caleidoscopio del relato desde 1976\u00bb, que cuenta el camino recorrido hasta ahora.<\/p>\n<p>La Comisi\u00f3n Gernika tiene una evoluci\u00f3n desde la dictadura hasta la actualidad. Durante 45 a\u00f1os ha trabajado en la elaboraci\u00f3n de la memoria popular, construyendo un relato caleidosc\u00f3pico con la suma de la vida destrozada por las bombas y los fragmentos de las vivencias. Es m\u00e1s, siempre se ha puesto al servicio de cada momento hist\u00f3rico, buscando soluciones ante los conflictos pol\u00edticos.<\/p>\n<p>Con el objetivo de contar el camino recorrido hasta ahora, se realiz\u00f3 este audiovisual a partir de las voces de los protagonistas, d\u00e1ndole car\u00e1cter de proyecto colectivo.<\/p>\n<\/div>\n<\/div>\n<\/div>\n<p>https:\/\/youtu.be\/ZuO3VqD_JEM<\/p>","protected":false},"excerpt":{"rendered":"<p>En euskera D\u00eda: viernes, 11 de noviembre Lugar: Casa de Cultura Hora: 18:30 Entrada gratuita Organizan: Comisi\u00f3n de Cultura de Bera y Ayuntamiento de Bera Colabora: Gobierno de Navarra La asociaci\u00f3n Gernika Batzordea cumpli\u00f3 45 a\u00f1os en abril de 2021&hellip; <\/p>\n","protected":false},"author":131,"featured_media":0,"comment_status":"closed","ping_status":"closed","sticky":false,"template":"","format":"standard","meta":{"_monsterinsights_skip_tracking":false,"_monsterinsights_sitenote_active":false,"_monsterinsights_sitenote_note":"","_monsterinsights_sitenote_category":0,"footnotes":""},"categories":[12],"tags":[],"class_list":["post-4045","post","type-post","status-publish","format-standard","hentry","category-albisteak"],"yoast_head":"<!-- This site is optimized with the Yoast SEO plugin v26.8 - https:\/\/yoast.com\/product\/yoast-seo-wordpress\/ -->\r\n<title>Documental + Charla: Gernika Batzordea. 1976tik kontakizun kaleidoskopikoa eraikitzen (Haritz Petralanda e Ibon Me\u00f1ika) - Berako Agenda<\/title>\r\n<meta name=\"robots\" content=\"index, follow, max-snippet:-1, max-image-preview:large, max-video-preview:-1\" \/>\r\n<link rel=\"canonical\" href=\"http:\/\/www.berakoagenda.eus\/es\/dokumentala-solasaldia-gernika-batzordea-1976tik-kontakizun-kaleidoskopikoa-eraikitzen\/\" \/>\r\n<meta property=\"og:locale\" content=\"es_ES\" \/>\r\n<meta property=\"og:type\" content=\"article\" \/>\r\n<meta property=\"og:title\" content=\"Documental + Charla: Gernika Batzordea. 1976tik kontakizun kaleidoskopikoa eraikitzen (Haritz Petralanda e Ibon Me\u00f1ika) - Berako Agenda\" \/>\r\n<meta property=\"og:description\" content=\"En euskera D\u00eda: viernes, 11 de noviembre Lugar: Casa de Cultura Hora: 18:30 Entrada gratuita Organizan: Comisi\u00f3n de Cultura de Bera y Ayuntamiento de Bera Colabora: Gobierno de Navarra La asociaci\u00f3n Gernika Batzordea cumpli\u00f3 45 a\u00f1os en abril de 2021&hellip;\" \/>\r\n<meta property=\"og:url\" content=\"http:\/\/www.berakoagenda.eus\/es\/dokumentala-solasaldia-gernika-batzordea-1976tik-kontakizun-kaleidoskopikoa-eraikitzen\/\" \/>\r\n<meta property=\"og:site_name\" content=\"Berako Agenda\" \/>\r\n<meta property=\"article:published_time\" content=\"2022-11-07T17:57:26+00:00\" \/>\r\n<meta property=\"article:modified_time\" content=\"2022-11-07T18:05:59+00:00\" \/>\r\n<meta property=\"og:image\" content=\"http:\/\/www.berakoagenda.eus\/wp-content\/uploads\/sites\/132\/2022\/11\/irudia_Gernika-212x300.jpeg\" \/>\r\n<meta name=\"author\" content=\"berakoagenda\" \/>\r\n<meta name=\"twitter:card\" content=\"summary_large_image\" \/>\r\n<meta name=\"twitter:label1\" content=\"Escrito por\" \/>\n\t<meta name=\"twitter:data1\" content=\"berakoagenda\" \/>\n\t<meta name=\"twitter:label2\" content=\"Tiempo de lectura\" \/>\n\t<meta name=\"twitter:data2\" content=\"1 minuto\" \/>\r\n<script type=\"application\/ld+json\" class=\"yoast-schema-graph\">{\"@context\":\"https:\/\/schema.org\",\"@graph\":[{\"@type\":\"Article\",\"@id\":\"http:\/\/www.berakoagenda.eus\/es\/dokumentala-solasaldia-gernika-batzordea-1976tik-kontakizun-kaleidoskopikoa-eraikitzen\/#article\",\"isPartOf\":{\"@id\":\"http:\/\/www.berakoagenda.eus\/es\/dokumentala-solasaldia-gernika-batzordea-1976tik-kontakizun-kaleidoskopikoa-eraikitzen\/\"},\"author\":{\"name\":\"berakoagenda\",\"@id\":\"http:\/\/www.berakoagenda.eus\/es\/#\/schema\/person\/6bf85232a4c9ae5acb81113e794d4d77\"},\"headline\":\"Documental + Charla: Gernika Batzordea. 1976tik kontakizun kaleidoskopikoa eraikitzen (Haritz Petralanda e Ibon Me\u00f1ika)\",\"datePublished\":\"2022-11-07T17:57:26+00:00\",\"dateModified\":\"2022-11-07T18:05:59+00:00\",\"mainEntityOfPage\":{\"@id\":\"http:\/\/www.berakoagenda.eus\/es\/dokumentala-solasaldia-gernika-batzordea-1976tik-kontakizun-kaleidoskopikoa-eraikitzen\/\"},\"wordCount\":307,\"image\":{\"@id\":\"http:\/\/www.berakoagenda.eus\/es\/dokumentala-solasaldia-gernika-batzordea-1976tik-kontakizun-kaleidoskopikoa-eraikitzen\/#primaryimage\"},\"thumbnailUrl\":\"http:\/\/www.berakoagenda.eus\/wp-content\/uploads\/sites\/132\/2022\/11\/irudia_Gernika-212x300.jpeg\",\"articleSection\":[\"Noticias\"],\"inLanguage\":\"es\"},{\"@type\":\"WebPage\",\"@id\":\"http:\/\/www.berakoagenda.eus\/es\/dokumentala-solasaldia-gernika-batzordea-1976tik-kontakizun-kaleidoskopikoa-eraikitzen\/\",\"url\":\"http:\/\/www.berakoagenda.eus\/es\/dokumentala-solasaldia-gernika-batzordea-1976tik-kontakizun-kaleidoskopikoa-eraikitzen\/\",\"name\":\"Documental + Charla: Gernika Batzordea. 1976tik kontakizun kaleidoskopikoa eraikitzen (Haritz Petralanda e Ibon Me\u00f1ika) - Berako Agenda\",\"isPartOf\":{\"@id\":\"http:\/\/www.berakoagenda.eus\/es\/#website\"},\"primaryImageOfPage\":{\"@id\":\"http:\/\/www.berakoagenda.eus\/es\/dokumentala-solasaldia-gernika-batzordea-1976tik-kontakizun-kaleidoskopikoa-eraikitzen\/#primaryimage\"},\"image\":{\"@id\":\"http:\/\/www.berakoagenda.eus\/es\/dokumentala-solasaldia-gernika-batzordea-1976tik-kontakizun-kaleidoskopikoa-eraikitzen\/#primaryimage\"},\"thumbnailUrl\":\"http:\/\/www.berakoagenda.eus\/wp-content\/uploads\/sites\/132\/2022\/11\/irudia_Gernika-212x300.jpeg\",\"datePublished\":\"2022-11-07T17:57:26+00:00\",\"dateModified\":\"2022-11-07T18:05:59+00:00\",\"author\":{\"@id\":\"http:\/\/www.berakoagenda.eus\/es\/#\/schema\/person\/6bf85232a4c9ae5acb81113e794d4d77\"},\"breadcrumb\":{\"@id\":\"http:\/\/www.berakoagenda.eus\/es\/dokumentala-solasaldia-gernika-batzordea-1976tik-kontakizun-kaleidoskopikoa-eraikitzen\/#breadcrumb\"},\"inLanguage\":\"es\",\"potentialAction\":[{\"@type\":\"ReadAction\",\"target\":[[\"http:\/\/www.berakoagenda.eus\/es\/dokumentala-solasaldia-gernika-batzordea-1976tik-kontakizun-kaleidoskopikoa-eraikitzen\/\"]]}]},{\"@type\":\"ImageObject\",\"inLanguage\":\"es\",\"@id\":\"http:\/\/www.berakoagenda.eus\/es\/dokumentala-solasaldia-gernika-batzordea-1976tik-kontakizun-kaleidoskopikoa-eraikitzen\/#primaryimage\",\"url\":\"http:\/\/www.berakoagenda.eus\/wp-content\/uploads\/sites\/132\/2022\/11\/irudia_Gernika-212x300.jpeg\",\"contentUrl\":\"http:\/\/www.berakoagenda.eus\/wp-content\/uploads\/sites\/132\/2022\/11\/irudia_Gernika-212x300.jpeg\"},{\"@type\":\"BreadcrumbList\",\"@id\":\"http:\/\/www.berakoagenda.eus\/es\/dokumentala-solasaldia-gernika-batzordea-1976tik-kontakizun-kaleidoskopikoa-eraikitzen\/#breadcrumb\",\"itemListElement\":[{\"@type\":\"ListItem\",\"position\":1,\"name\":\"Portada\",\"item\":\"http:\/\/www.berakoagenda.eus\/es\/\"},{\"@type\":\"ListItem\",\"position\":2,\"name\":\"Documental + Charla: Gernika Batzordea. 1976tik kontakizun kaleidoskopikoa eraikitzen (Haritz Petralanda e Ibon Me\u00f1ika)\"}]},{\"@type\":\"WebSite\",\"@id\":\"http:\/\/www.berakoagenda.eus\/es\/#website\",\"url\":\"http:\/\/www.berakoagenda.eus\/es\/\",\"name\":\"Berako Agenda\",\"description\":\"\",\"potentialAction\":[{\"@type\":\"SearchAction\",\"target\":{\"@type\":\"EntryPoint\",\"urlTemplate\":\"http:\/\/www.berakoagenda.eus\/es\/?s={search_term_string}\"},\"query-input\":{\"@type\":\"PropertyValueSpecification\",\"valueRequired\":true,\"valueName\":\"search_term_string\"}}],\"inLanguage\":\"es\"},{\"@type\":\"Person\",\"@id\":\"http:\/\/www.berakoagenda.eus\/es\/#\/schema\/person\/6bf85232a4c9ae5acb81113e794d4d77\",\"name\":\"berakoagenda\",\"url\":\"http:\/\/www.berakoagenda.eus\/es\/author\/berakoagenda\/\"}]}<\/script>\r\n<!-- \/ Yoast SEO plugin. -->","yoast_head_json":{"title":"Documental + Charla: Gernika Batzordea. 1976tik kontakizun kaleidoskopikoa eraikitzen (Haritz Petralanda e Ibon Me\u00f1ika) - Berako Agenda","robots":{"index":"index","follow":"follow","max-snippet":"max-snippet:-1","max-image-preview":"max-image-preview:large","max-video-preview":"max-video-preview:-1"},"canonical":"http:\/\/www.berakoagenda.eus\/es\/dokumentala-solasaldia-gernika-batzordea-1976tik-kontakizun-kaleidoskopikoa-eraikitzen\/","og_locale":"es_ES","og_type":"article","og_title":"Documental + Charla: Gernika Batzordea. 1976tik kontakizun kaleidoskopikoa eraikitzen (Haritz Petralanda e Ibon Me\u00f1ika) - Berako Agenda","og_description":"En euskera D\u00eda: viernes, 11 de noviembre Lugar: Casa de Cultura Hora: 18:30 Entrada gratuita Organizan: Comisi\u00f3n de Cultura de Bera y Ayuntamiento de Bera Colabora: Gobierno de Navarra La asociaci\u00f3n Gernika Batzordea cumpli\u00f3 45 a\u00f1os en abril de 2021&hellip;","og_url":"http:\/\/www.berakoagenda.eus\/es\/dokumentala-solasaldia-gernika-batzordea-1976tik-kontakizun-kaleidoskopikoa-eraikitzen\/","og_site_name":"Berako Agenda","article_published_time":"2022-11-07T17:57:26+00:00","article_modified_time":"2022-11-07T18:05:59+00:00","og_image":[{"url":"http:\/\/www.berakoagenda.eus\/wp-content\/uploads\/sites\/132\/2022\/11\/irudia_Gernika-212x300.jpeg","type":"","width":"","height":""}],"author":"berakoagenda","twitter_card":"summary_large_image","twitter_misc":{"Escrito por":"berakoagenda","Tiempo de lectura":"1 minuto"},"schema":{"@context":"https:\/\/schema.org","@graph":[{"@type":"Article","@id":"http:\/\/www.berakoagenda.eus\/es\/dokumentala-solasaldia-gernika-batzordea-1976tik-kontakizun-kaleidoskopikoa-eraikitzen\/#article","isPartOf":{"@id":"http:\/\/www.berakoagenda.eus\/es\/dokumentala-solasaldia-gernika-batzordea-1976tik-kontakizun-kaleidoskopikoa-eraikitzen\/"},"author":{"name":"berakoagenda","@id":"http:\/\/www.berakoagenda.eus\/es\/#\/schema\/person\/6bf85232a4c9ae5acb81113e794d4d77"},"headline":"Documental + Charla: Gernika Batzordea. 1976tik kontakizun kaleidoskopikoa eraikitzen (Haritz Petralanda e Ibon Me\u00f1ika)","datePublished":"2022-11-07T17:57:26+00:00","dateModified":"2022-11-07T18:05:59+00:00","mainEntityOfPage":{"@id":"http:\/\/www.berakoagenda.eus\/es\/dokumentala-solasaldia-gernika-batzordea-1976tik-kontakizun-kaleidoskopikoa-eraikitzen\/"},"wordCount":307,"image":{"@id":"http:\/\/www.berakoagenda.eus\/es\/dokumentala-solasaldia-gernika-batzordea-1976tik-kontakizun-kaleidoskopikoa-eraikitzen\/#primaryimage"},"thumbnailUrl":"http:\/\/www.berakoagenda.eus\/wp-content\/uploads\/sites\/132\/2022\/11\/irudia_Gernika-212x300.jpeg","articleSection":["Noticias"],"inLanguage":"es"},{"@type":"WebPage","@id":"http:\/\/www.berakoagenda.eus\/es\/dokumentala-solasaldia-gernika-batzordea-1976tik-kontakizun-kaleidoskopikoa-eraikitzen\/","url":"http:\/\/www.berakoagenda.eus\/es\/dokumentala-solasaldia-gernika-batzordea-1976tik-kontakizun-kaleidoskopikoa-eraikitzen\/","name":"Documental + Charla: Gernika Batzordea. 1976tik kontakizun kaleidoskopikoa eraikitzen (Haritz Petralanda e Ibon Me\u00f1ika) - Berako Agenda","isPartOf":{"@id":"http:\/\/www.berakoagenda.eus\/es\/#website"},"primaryImageOfPage":{"@id":"http:\/\/www.berakoagenda.eus\/es\/dokumentala-solasaldia-gernika-batzordea-1976tik-kontakizun-kaleidoskopikoa-eraikitzen\/#primaryimage"},"image":{"@id":"http:\/\/www.berakoagenda.eus\/es\/dokumentala-solasaldia-gernika-batzordea-1976tik-kontakizun-kaleidoskopikoa-eraikitzen\/#primaryimage"},"thumbnailUrl":"http:\/\/www.berakoagenda.eus\/wp-content\/uploads\/sites\/132\/2022\/11\/irudia_Gernika-212x300.jpeg","datePublished":"2022-11-07T17:57:26+00:00","dateModified":"2022-11-07T18:05:59+00:00","author":{"@id":"http:\/\/www.berakoagenda.eus\/es\/#\/schema\/person\/6bf85232a4c9ae5acb81113e794d4d77"},"breadcrumb":{"@id":"http:\/\/www.berakoagenda.eus\/es\/dokumentala-solasaldia-gernika-batzordea-1976tik-kontakizun-kaleidoskopikoa-eraikitzen\/#breadcrumb"},"inLanguage":"es","potentialAction":[{"@type":"ReadAction","target":[["http:\/\/www.berakoagenda.eus\/es\/dokumentala-solasaldia-gernika-batzordea-1976tik-kontakizun-kaleidoskopikoa-eraikitzen\/"]]}]},{"@type":"ImageObject","inLanguage":"es","@id":"http:\/\/www.berakoagenda.eus\/es\/dokumentala-solasaldia-gernika-batzordea-1976tik-kontakizun-kaleidoskopikoa-eraikitzen\/#primaryimage","url":"http:\/\/www.berakoagenda.eus\/wp-content\/uploads\/sites\/132\/2022\/11\/irudia_Gernika-212x300.jpeg","contentUrl":"http:\/\/www.berakoagenda.eus\/wp-content\/uploads\/sites\/132\/2022\/11\/irudia_Gernika-212x300.jpeg"},{"@type":"BreadcrumbList","@id":"http:\/\/www.berakoagenda.eus\/es\/dokumentala-solasaldia-gernika-batzordea-1976tik-kontakizun-kaleidoskopikoa-eraikitzen\/#breadcrumb","itemListElement":[{"@type":"ListItem","position":1,"name":"Portada","item":"http:\/\/www.berakoagenda.eus\/es\/"},{"@type":"ListItem","position":2,"name":"Documental + Charla: Gernika Batzordea. 1976tik kontakizun kaleidoskopikoa eraikitzen (Haritz Petralanda e Ibon Me\u00f1ika)"}]},{"@type":"WebSite","@id":"http:\/\/www.berakoagenda.eus\/es\/#website","url":"http:\/\/www.berakoagenda.eus\/es\/","name":"Berako Agenda","description":"","potentialAction":[{"@type":"SearchAction","target":{"@type":"EntryPoint","urlTemplate":"http:\/\/www.berakoagenda.eus\/es\/?s={search_term_string}"},"query-input":{"@type":"PropertyValueSpecification","valueRequired":true,"valueName":"search_term_string"}}],"inLanguage":"es"},{"@type":"Person","@id":"http:\/\/www.berakoagenda.eus\/es\/#\/schema\/person\/6bf85232a4c9ae5acb81113e794d4d77","name":"berakoagenda","url":"http:\/\/www.berakoagenda.eus\/es\/author\/berakoagenda\/"}]}},"_links":{"self":[{"href":"http:\/\/www.berakoagenda.eus\/es\/wp-json\/wp\/v2\/posts\/4045","targetHints":{"allow":["GET"]}}],"collection":[{"href":"http:\/\/www.berakoagenda.eus\/es\/wp-json\/wp\/v2\/posts"}],"about":[{"href":"http:\/\/www.berakoagenda.eus\/es\/wp-json\/wp\/v2\/types\/post"}],"author":[{"embeddable":true,"href":"http:\/\/www.berakoagenda.eus\/es\/wp-json\/wp\/v2\/users\/131"}],"replies":[{"embeddable":true,"href":"http:\/\/www.berakoagenda.eus\/es\/wp-json\/wp\/v2\/comments?post=4045"}],"version-history":[{"count":3,"href":"http:\/\/www.berakoagenda.eus\/es\/wp-json\/wp\/v2\/posts\/4045\/revisions"}],"predecessor-version":[{"id":4049,"href":"http:\/\/www.berakoagenda.eus\/es\/wp-json\/wp\/v2\/posts\/4045\/revisions\/4049"}],"wp:attachment":[{"href":"http:\/\/www.berakoagenda.eus\/es\/wp-json\/wp\/v2\/media?parent=4045"}],"wp:term":[{"taxonomy":"category","embeddable":true,"href":"http:\/\/www.berakoagenda.eus\/es\/wp-json\/wp\/v2\/categories?post=4045"},{"taxonomy":"post_tag","embeddable":true,"href":"http:\/\/www.berakoagenda.eus\/es\/wp-json\/wp\/v2\/tags?post=4045"}],"curies":[{"name":"wp","href":"https:\/\/api.w.org\/{rel}","templated":true}]}}