{"id":5664,"date":"2026-04-27T11:50:26","date_gmt":"2026-04-27T09:50:26","guid":{"rendered":"http:\/\/www.berakoagenda.eus\/?p=5664"},"modified":"2026-04-27T11:54:47","modified_gmt":"2026-04-27T09:54:47","slug":"kontzertua-leitzako-jeiki-abesbatza","status":"publish","type":"post","link":"http:\/\/www.berakoagenda.eus\/es\/kontzertua-leitzako-jeiki-abesbatza\/","title":{"rendered":"Concierto: Jeiki Abesbatza de Leitza"},"content":{"rendered":"<p><\/p>\n<p style=\"text-align: center\"><a href=\"http:\/\/www.berakoagenda.eus\/wp-content\/uploads\/sites\/132\/2026\/04\/kartela_jeiki-abesbatza.jpg\"><img loading=\"lazy\" decoding=\"async\" class=\"alignnone size-medium wp-image-5665\" src=\"http:\/\/www.berakoagenda.eus\/wp-content\/uploads\/sites\/132\/2026\/04\/kartela_jeiki-abesbatza-212x300.jpg\" alt=\"\" width=\"212\" height=\"300\" srcset=\"http:\/\/www.berakoagenda.eus\/wp-content\/uploads\/sites\/132\/2026\/04\/kartela_jeiki-abesbatza-212x300.jpg 212w, http:\/\/www.berakoagenda.eus\/wp-content\/uploads\/sites\/132\/2026\/04\/kartela_jeiki-abesbatza-724x1024.jpg 724w, http:\/\/www.berakoagenda.eus\/wp-content\/uploads\/sites\/132\/2026\/04\/kartela_jeiki-abesbatza-768x1086.jpg 768w, http:\/\/www.berakoagenda.eus\/wp-content\/uploads\/sites\/132\/2026\/04\/kartela_jeiki-abesbatza-1086x1536.jpg 1086w, http:\/\/www.berakoagenda.eus\/wp-content\/uploads\/sites\/132\/2026\/04\/kartela_jeiki-abesbatza-300x424.jpg 300w, http:\/\/www.berakoagenda.eus\/wp-content\/uploads\/sites\/132\/2026\/04\/kartela_jeiki-abesbatza.jpg 1414w\" sizes=\"auto, (max-width: 212px) 100vw, 212px\" \/><\/a><\/p>\n<p><em>Concierto perteneciente al ciclo <a href=\"https:\/\/www.fundacioncajanavarra.es\/noticias\/presentacion-del-ciclo-coral-de-jeike-abesbatza\">\u00abItinerarios del patrimonio sonoro vasco\u00bb<\/a><\/em><\/p>\n<p><strong>D\u00eda<\/strong>: s\u00e1bado, 9 de mayo<br \/>\n<strong>Lugar<\/strong>: Casa de Cultura <strong>BERA<\/strong><br \/>\n<strong>Hora<\/strong>: 19:00<br \/>\n<strong>Entrada <\/strong>gratuita<br \/>\n<strong>Organiza<\/strong>: Jeiki Abesbatza<br \/>\n<strong>Colabora<\/strong>: <a href=\"https:\/\/www.fundacioncajanavarra.es\/\">Fundaci\u00f3n CajaNavarra<\/a><\/p>","protected":false},"excerpt":{"rendered":"<p>Concierto perteneciente al ciclo \u00abItinerarios del patrimonio sonoro vasco\u00bb D\u00eda: s\u00e1bado, 9 de mayo Lugar: Casa de Cultura BERA Hora: 19:00 Entrada gratuita Organiza: Jeiki Abesbatza Colabora: Fundaci\u00f3n CajaNavarra<\/p>\n","protected":false},"author":131,"featured_media":0,"comment_status":"closed","ping_status":"closed","sticky":false,"template":"","format":"standard","meta":{"_monsterinsights_skip_tracking":false,"_monsterinsights_sitenote_active":false,"_monsterinsights_sitenote_note":"","_monsterinsights_sitenote_category":0,"footnotes":""},"categories":[12],"tags":[],"class_list":["post-5664","post","type-post","status-publish","format-standard","hentry","category-albisteak"],"yoast_head":"<!-- This site is optimized with the Yoast SEO plugin v26.8 - https:\/\/yoast.com\/product\/yoast-seo-wordpress\/ -->\r\n<title>Concierto: Jeiki Abesbatza de Leitza - Berako Agenda<\/title>\r\n<meta name=\"robots\" content=\"index, follow, max-snippet:-1, max-image-preview:large, max-video-preview:-1\" \/>\r\n<link rel=\"canonical\" href=\"http:\/\/www.berakoagenda.eus\/es\/kontzertua-leitzako-jeiki-abesbatza\/\" \/>\r\n<meta property=\"og:locale\" content=\"es_ES\" \/>\r\n<meta property=\"og:type\" content=\"article\" \/>\r\n<meta property=\"og:title\" content=\"Concierto: Jeiki Abesbatza de Leitza - Berako Agenda\" \/>\r\n<meta property=\"og:description\" content=\"Concierto perteneciente al ciclo \u00abItinerarios del patrimonio sonoro vasco\u00bb D\u00eda: s\u00e1bado, 9 de mayo Lugar: Casa de Cultura BERA Hora: 19:00 Entrada gratuita Organiza: Jeiki Abesbatza Colabora: Fundaci\u00f3n CajaNavarra\" \/>\r\n<meta property=\"og:url\" content=\"http:\/\/www.berakoagenda.eus\/es\/kontzertua-leitzako-jeiki-abesbatza\/\" \/>\r\n<meta property=\"og:site_name\" content=\"Berako Agenda\" \/>\r\n<meta property=\"article:published_time\" content=\"2026-04-27T09:50:26+00:00\" \/>\r\n<meta property=\"article:modified_time\" content=\"2026-04-27T09:54:47+00:00\" \/>\r\n<meta property=\"og:image\" content=\"http:\/\/www.berakoagenda.eus\/wp-content\/uploads\/sites\/132\/2026\/04\/kartela_jeiki-abesbatza-212x300.jpg\" \/>\r\n<meta name=\"author\" content=\"berakoagenda\" \/>\r\n<meta name=\"twitter:card\" content=\"summary_large_image\" \/>\r\n<meta name=\"twitter:label1\" content=\"Escrito por\" \/>\n\t<meta name=\"twitter:data1\" content=\"berakoagenda\" \/>\r\n<script type=\"application\/ld+json\" class=\"yoast-schema-graph\">{\"@context\":\"https:\/\/schema.org\",\"@graph\":[{\"@type\":\"Article\",\"@id\":\"http:\/\/www.berakoagenda.eus\/es\/kontzertua-leitzako-jeiki-abesbatza\/#article\",\"isPartOf\":{\"@id\":\"http:\/\/www.berakoagenda.eus\/es\/kontzertua-leitzako-jeiki-abesbatza\/\"},\"author\":{\"name\":\"berakoagenda\",\"@id\":\"http:\/\/www.berakoagenda.eus\/es\/#\/schema\/person\/6bf85232a4c9ae5acb81113e794d4d77\"},\"headline\":\"Concierto: Jeiki Abesbatza de Leitza\",\"datePublished\":\"2026-04-27T09:50:26+00:00\",\"dateModified\":\"2026-04-27T09:54:47+00:00\",\"mainEntityOfPage\":{\"@id\":\"http:\/\/www.berakoagenda.eus\/es\/kontzertua-leitzako-jeiki-abesbatza\/\"},\"wordCount\":67,\"image\":{\"@id\":\"http:\/\/www.berakoagenda.eus\/es\/kontzertua-leitzako-jeiki-abesbatza\/#primaryimage\"},\"thumbnailUrl\":\"http:\/\/www.berakoagenda.eus\/wp-content\/uploads\/sites\/132\/2026\/04\/kartela_jeiki-abesbatza-212x300.jpg\",\"articleSection\":[\"Noticias\"],\"inLanguage\":\"es\"},{\"@type\":\"WebPage\",\"@id\":\"http:\/\/www.berakoagenda.eus\/es\/kontzertua-leitzako-jeiki-abesbatza\/\",\"url\":\"http:\/\/www.berakoagenda.eus\/es\/kontzertua-leitzako-jeiki-abesbatza\/\",\"name\":\"Concierto: Jeiki Abesbatza de Leitza - Berako Agenda\",\"isPartOf\":{\"@id\":\"http:\/\/www.berakoagenda.eus\/es\/#website\"},\"primaryImageOfPage\":{\"@id\":\"http:\/\/www.berakoagenda.eus\/es\/kontzertua-leitzako-jeiki-abesbatza\/#primaryimage\"},\"image\":{\"@id\":\"http:\/\/www.berakoagenda.eus\/es\/kontzertua-leitzako-jeiki-abesbatza\/#primaryimage\"},\"thumbnailUrl\":\"http:\/\/www.berakoagenda.eus\/wp-content\/uploads\/sites\/132\/2026\/04\/kartela_jeiki-abesbatza-212x300.jpg\",\"datePublished\":\"2026-04-27T09:50:26+00:00\",\"dateModified\":\"2026-04-27T09:54:47+00:00\",\"author\":{\"@id\":\"http:\/\/www.berakoagenda.eus\/es\/#\/schema\/person\/6bf85232a4c9ae5acb81113e794d4d77\"},\"breadcrumb\":{\"@id\":\"http:\/\/www.berakoagenda.eus\/es\/kontzertua-leitzako-jeiki-abesbatza\/#breadcrumb\"},\"inLanguage\":\"es\",\"potentialAction\":[{\"@type\":\"ReadAction\",\"target\":[[\"http:\/\/www.berakoagenda.eus\/es\/kontzertua-leitzako-jeiki-abesbatza\/\"]]}]},{\"@type\":\"ImageObject\",\"inLanguage\":\"es\",\"@id\":\"http:\/\/www.berakoagenda.eus\/es\/kontzertua-leitzako-jeiki-abesbatza\/#primaryimage\",\"url\":\"http:\/\/www.berakoagenda.eus\/wp-content\/uploads\/sites\/132\/2026\/04\/kartela_jeiki-abesbatza-212x300.jpg\",\"contentUrl\":\"http:\/\/www.berakoagenda.eus\/wp-content\/uploads\/sites\/132\/2026\/04\/kartela_jeiki-abesbatza-212x300.jpg\"},{\"@type\":\"BreadcrumbList\",\"@id\":\"http:\/\/www.berakoagenda.eus\/es\/kontzertua-leitzako-jeiki-abesbatza\/#breadcrumb\",\"itemListElement\":[{\"@type\":\"ListItem\",\"position\":1,\"name\":\"Portada\",\"item\":\"http:\/\/www.berakoagenda.eus\/es\/\"},{\"@type\":\"ListItem\",\"position\":2,\"name\":\"Concierto: Jeiki Abesbatza de Leitza\"}]},{\"@type\":\"WebSite\",\"@id\":\"http:\/\/www.berakoagenda.eus\/es\/#website\",\"url\":\"http:\/\/www.berakoagenda.eus\/es\/\",\"name\":\"Berako Agenda\",\"description\":\"\",\"potentialAction\":[{\"@type\":\"SearchAction\",\"target\":{\"@type\":\"EntryPoint\",\"urlTemplate\":\"http:\/\/www.berakoagenda.eus\/es\/?s={search_term_string}\"},\"query-input\":{\"@type\":\"PropertyValueSpecification\",\"valueRequired\":true,\"valueName\":\"search_term_string\"}}],\"inLanguage\":\"es\"},{\"@type\":\"Person\",\"@id\":\"http:\/\/www.berakoagenda.eus\/es\/#\/schema\/person\/6bf85232a4c9ae5acb81113e794d4d77\",\"name\":\"berakoagenda\",\"url\":\"http:\/\/www.berakoagenda.eus\/es\/author\/berakoagenda\/\"}]}<\/script>\r\n<!-- \/ Yoast SEO plugin. -->","yoast_head_json":{"title":"Concierto: Jeiki Abesbatza de Leitza - Berako Agenda","robots":{"index":"index","follow":"follow","max-snippet":"max-snippet:-1","max-image-preview":"max-image-preview:large","max-video-preview":"max-video-preview:-1"},"canonical":"http:\/\/www.berakoagenda.eus\/es\/kontzertua-leitzako-jeiki-abesbatza\/","og_locale":"es_ES","og_type":"article","og_title":"Concierto: Jeiki Abesbatza de Leitza - Berako Agenda","og_description":"Concierto perteneciente al ciclo \u00abItinerarios del patrimonio sonoro vasco\u00bb D\u00eda: s\u00e1bado, 9 de mayo Lugar: Casa de Cultura BERA Hora: 19:00 Entrada gratuita Organiza: Jeiki Abesbatza Colabora: Fundaci\u00f3n CajaNavarra","og_url":"http:\/\/www.berakoagenda.eus\/es\/kontzertua-leitzako-jeiki-abesbatza\/","og_site_name":"Berako Agenda","article_published_time":"2026-04-27T09:50:26+00:00","article_modified_time":"2026-04-27T09:54:47+00:00","og_image":[{"url":"http:\/\/www.berakoagenda.eus\/wp-content\/uploads\/sites\/132\/2026\/04\/kartela_jeiki-abesbatza-212x300.jpg","type":"","width":"","height":""}],"author":"berakoagenda","twitter_card":"summary_large_image","twitter_misc":{"Escrito por":"berakoagenda"},"schema":{"@context":"https:\/\/schema.org","@graph":[{"@type":"Article","@id":"http:\/\/www.berakoagenda.eus\/es\/kontzertua-leitzako-jeiki-abesbatza\/#article","isPartOf":{"@id":"http:\/\/www.berakoagenda.eus\/es\/kontzertua-leitzako-jeiki-abesbatza\/"},"author":{"name":"berakoagenda","@id":"http:\/\/www.berakoagenda.eus\/es\/#\/schema\/person\/6bf85232a4c9ae5acb81113e794d4d77"},"headline":"Concierto: Jeiki Abesbatza de Leitza","datePublished":"2026-04-27T09:50:26+00:00","dateModified":"2026-04-27T09:54:47+00:00","mainEntityOfPage":{"@id":"http:\/\/www.berakoagenda.eus\/es\/kontzertua-leitzako-jeiki-abesbatza\/"},"wordCount":67,"image":{"@id":"http:\/\/www.berakoagenda.eus\/es\/kontzertua-leitzako-jeiki-abesbatza\/#primaryimage"},"thumbnailUrl":"http:\/\/www.berakoagenda.eus\/wp-content\/uploads\/sites\/132\/2026\/04\/kartela_jeiki-abesbatza-212x300.jpg","articleSection":["Noticias"],"inLanguage":"es"},{"@type":"WebPage","@id":"http:\/\/www.berakoagenda.eus\/es\/kontzertua-leitzako-jeiki-abesbatza\/","url":"http:\/\/www.berakoagenda.eus\/es\/kontzertua-leitzako-jeiki-abesbatza\/","name":"Concierto: Jeiki Abesbatza de Leitza - Berako Agenda","isPartOf":{"@id":"http:\/\/www.berakoagenda.eus\/es\/#website"},"primaryImageOfPage":{"@id":"http:\/\/www.berakoagenda.eus\/es\/kontzertua-leitzako-jeiki-abesbatza\/#primaryimage"},"image":{"@id":"http:\/\/www.berakoagenda.eus\/es\/kontzertua-leitzako-jeiki-abesbatza\/#primaryimage"},"thumbnailUrl":"http:\/\/www.berakoagenda.eus\/wp-content\/uploads\/sites\/132\/2026\/04\/kartela_jeiki-abesbatza-212x300.jpg","datePublished":"2026-04-27T09:50:26+00:00","dateModified":"2026-04-27T09:54:47+00:00","author":{"@id":"http:\/\/www.berakoagenda.eus\/es\/#\/schema\/person\/6bf85232a4c9ae5acb81113e794d4d77"},"breadcrumb":{"@id":"http:\/\/www.berakoagenda.eus\/es\/kontzertua-leitzako-jeiki-abesbatza\/#breadcrumb"},"inLanguage":"es","potentialAction":[{"@type":"ReadAction","target":[["http:\/\/www.berakoagenda.eus\/es\/kontzertua-leitzako-jeiki-abesbatza\/"]]}]},{"@type":"ImageObject","inLanguage":"es","@id":"http:\/\/www.berakoagenda.eus\/es\/kontzertua-leitzako-jeiki-abesbatza\/#primaryimage","url":"http:\/\/www.berakoagenda.eus\/wp-content\/uploads\/sites\/132\/2026\/04\/kartela_jeiki-abesbatza-212x300.jpg","contentUrl":"http:\/\/www.berakoagenda.eus\/wp-content\/uploads\/sites\/132\/2026\/04\/kartela_jeiki-abesbatza-212x300.jpg"},{"@type":"BreadcrumbList","@id":"http:\/\/www.berakoagenda.eus\/es\/kontzertua-leitzako-jeiki-abesbatza\/#breadcrumb","itemListElement":[{"@type":"ListItem","position":1,"name":"Portada","item":"http:\/\/www.berakoagenda.eus\/es\/"},{"@type":"ListItem","position":2,"name":"Concierto: Jeiki Abesbatza de Leitza"}]},{"@type":"WebSite","@id":"http:\/\/www.berakoagenda.eus\/es\/#website","url":"http:\/\/www.berakoagenda.eus\/es\/","name":"Berako Agenda","description":"","potentialAction":[{"@type":"SearchAction","target":{"@type":"EntryPoint","urlTemplate":"http:\/\/www.berakoagenda.eus\/es\/?s={search_term_string}"},"query-input":{"@type":"PropertyValueSpecification","valueRequired":true,"valueName":"search_term_string"}}],"inLanguage":"es"},{"@type":"Person","@id":"http:\/\/www.berakoagenda.eus\/es\/#\/schema\/person\/6bf85232a4c9ae5acb81113e794d4d77","name":"berakoagenda","url":"http:\/\/www.berakoagenda.eus\/es\/author\/berakoagenda\/"}]}},"_links":{"self":[{"href":"http:\/\/www.berakoagenda.eus\/es\/wp-json\/wp\/v2\/posts\/5664","targetHints":{"allow":["GET"]}}],"collection":[{"href":"http:\/\/www.berakoagenda.eus\/es\/wp-json\/wp\/v2\/posts"}],"about":[{"href":"http:\/\/www.berakoagenda.eus\/es\/wp-json\/wp\/v2\/types\/post"}],"author":[{"embeddable":true,"href":"http:\/\/www.berakoagenda.eus\/es\/wp-json\/wp\/v2\/users\/131"}],"replies":[{"embeddable":true,"href":"http:\/\/www.berakoagenda.eus\/es\/wp-json\/wp\/v2\/comments?post=5664"}],"version-history":[{"count":1,"href":"http:\/\/www.berakoagenda.eus\/es\/wp-json\/wp\/v2\/posts\/5664\/revisions"}],"predecessor-version":[{"id":5666,"href":"http:\/\/www.berakoagenda.eus\/es\/wp-json\/wp\/v2\/posts\/5664\/revisions\/5666"}],"wp:attachment":[{"href":"http:\/\/www.berakoagenda.eus\/es\/wp-json\/wp\/v2\/media?parent=5664"}],"wp:term":[{"taxonomy":"category","embeddable":true,"href":"http:\/\/www.berakoagenda.eus\/es\/wp-json\/wp\/v2\/categories?post=5664"},{"taxonomy":"post_tag","embeddable":true,"href":"http:\/\/www.berakoagenda.eus\/es\/wp-json\/wp\/v2\/tags?post=5664"}],"curies":[{"name":"wp","href":"https:\/\/api.w.org\/{rel}","templated":true}]}}