{"id":5667,"date":"2026-04-30T19:53:29","date_gmt":"2026-04-30T17:53:29","guid":{"rendered":"http:\/\/www.berakoagenda.eus\/?p=5667"},"modified":"2026-04-30T19:56:09","modified_gmt":"2026-04-30T17:56:09","slug":"berako-oihua-aldizkarian-lanak-aurkezteko-epea-irekia-da-7","status":"publish","type":"post","link":"http:\/\/www.berakoagenda.eus\/es\/berako-oihua-aldizkarian-lanak-aurkezteko-epea-irekia-da-7\/","title":{"rendered":"Abierto el plazo para recibir art\u00edculos para la revista de fiestas \u2018Berako Oihua\u2019"},"content":{"rendered":"<p><strong>Los trabajos podr\u00e1n entregarse hasta el 5 de junio (viernes)<\/strong><\/p>\n<p><strong>BASES<\/strong><\/p>\n<p>1. <strong>\u00bfQu\u00e9 es <em>Berako Oihua<\/em>?<\/strong><\/p>\n<p>Junto con el programa de fiestas de Bera, se reparte en los hogares la revista <em>Berako Oihua<\/em>. En esta revista, junto al programa de las fiestas, aparecen varios art\u00edculos relacionados con la localidad.<br \/>\nOs animamos a escribir alg\u00fan art\u00edculo.<\/p>\n<p><strong>2. Tema<\/strong>: ddeber\u00e1n estar relacionados con el pueblo de Bera, con su historia, con sus fiestas, con los agentes culturales o deportivos de Bera (grupos culturales, eventos deportivos, centros escolares, etc.), con las iniciativas y el movimiento local, con las celebraciones y aniversarios, con los txokos, con las costumbres, fechas o menciones especiales, con personajes conocidos del pueblo, recuerdos, agradecimientos, &#8230;<\/p>\n<p><strong>3. Longitud<\/strong>: tendr\u00e1n una longitud de dos p\u00e1ginas (DIN A4), incluidas las fotograf\u00edas.<\/p>\n<p><strong>4. Letra<\/strong>: deber\u00e1n escribirse en formato Arial 12.<\/p>\n<p><strong>5. Formato del art\u00edculo<\/strong>: se solicita enviar en formatos ODT, DOC y PDF.<\/p>\n<p><strong>6.\u00a0Formato de las fotograf\u00edas<\/strong>: las fotograf\u00edas deber\u00e1n enviarse en formato PNG O JPG y si fuera posible, 300 pixel por pulgada (tambi\u00e9n se adamitir\u00e1n las de 150 pixel por pulgada).<\/p>\n<p><strong>7. T\u00edtulo<\/strong>: Recordad que es obligatorio indicar el T\u00edtulo del art\u00edculo; NO SE ADMITIR\u00c1N art\u00edculos sin t\u00edtulo.<\/p>\n<p><strong>8. Plazo de presentaci\u00f3n<\/strong>: los trabajos podr\u00e1n presentarse hasta el 5 de junio (viernes).<\/p>\n<p><strong>9. \u00bfA d\u00f3nde enviar los art\u00edculos? <\/strong>A la siguiente direcci\u00f3n: <a href=\"mailto:kultura@bera.eus\">kultura@bera.eus<\/a><\/p>\n<p><strong>10. Prioridad de los textos escritos en euskera<\/strong><\/p>\n<p>En el caso de que por problemas de espacio no sea posible incluir todos los textos presentados, tendr\u00e1n preferencia los escritos en euskera. El Ayuntamiento de Bera os anima a escribir los textos en euskera, los textos presentados en castellano se podr\u00e1n traducir para ser publicados en euskera.<\/p>\n<p><strong>11. Autor\/a<\/strong><\/p>\n<p>El texto deber\u00e1 ir acompa\u00f1ado obligatoriamente del <strong>nombre y apellidos del autor\/a<\/strong> y del <strong>DNI<\/strong> (este \u00faltimo no figurar\u00e1 en el texto). Los pseud\u00f3nimos podr\u00e1n ir acompa\u00f1ados de nombres y apellidos.<\/p>\n<p>Cuando se escriba en nombre de una asociaci\u00f3n o entidad se consignar\u00e1 su nombre, pero siempre deber\u00e1 representarlo alguien en nombre de dicha entidad.<\/p>\n<p><strong>12. Textos ofensivos<\/strong><\/p>\n<p>No se admitir\u00e1n textos que puedan ofender o insultar a alguna persona o grupo, y el Ayto. de Bera tendr\u00e1 la competencia exclusiva para rechazarlos.<\/p>\n<p><strong>13. Conformidad con el art\u00edculo<\/strong><\/p>\n<p>El Ayuntamiento de Bera-Comisi\u00f3n de Cultura de Bera no tendr\u00e1 por qu\u00e9 estar de acuerdo con las opiniones publicadas en <em>Berako Oihua<\/em>.<\/p>\n<p>Muchas gracias por vuestra participaci\u00f3n.<\/p>\n<p>&nbsp;<\/p>","protected":false},"excerpt":{"rendered":"<p>Los trabajos podr\u00e1n entregarse hasta el 5 de junio (viernes) BASES 1. \u00bfQu\u00e9 es Berako Oihua? Junto con el programa de fiestas de Bera, se reparte en los hogares la revista Berako Oihua. En esta revista, junto al programa de&hellip; <\/p>\n","protected":false},"author":131,"featured_media":0,"comment_status":"closed","ping_status":"closed","sticky":false,"template":"","format":"standard","meta":{"_monsterinsights_skip_tracking":false,"_monsterinsights_sitenote_active":false,"_monsterinsights_sitenote_note":"","_monsterinsights_sitenote_category":0,"footnotes":""},"categories":[12],"tags":[],"class_list":["post-5667","post","type-post","status-publish","format-standard","hentry","category-albisteak"],"yoast_head":"<!-- This site is optimized with the Yoast SEO plugin v26.8 - https:\/\/yoast.com\/product\/yoast-seo-wordpress\/ -->\r\n<title>Abierto el plazo para recibir art\u00edculos para la revista de fiestas \u2018Berako Oihua\u2019 - Berako Agenda<\/title>\r\n<meta name=\"robots\" content=\"index, follow, max-snippet:-1, max-image-preview:large, max-video-preview:-1\" \/>\r\n<link rel=\"canonical\" href=\"http:\/\/www.berakoagenda.eus\/es\/berako-oihua-aldizkarian-lanak-aurkezteko-epea-irekia-da-7\/\" \/>\r\n<meta property=\"og:locale\" content=\"es_ES\" \/>\r\n<meta property=\"og:type\" content=\"article\" \/>\r\n<meta property=\"og:title\" content=\"Abierto el plazo para recibir art\u00edculos para la revista de fiestas \u2018Berako Oihua\u2019 - Berako Agenda\" \/>\r\n<meta property=\"og:description\" content=\"Los trabajos podr\u00e1n entregarse hasta el 5 de junio (viernes) BASES 1. \u00bfQu\u00e9 es Berako Oihua? Junto con el programa de fiestas de Bera, se reparte en los hogares la revista Berako Oihua. En esta revista, junto al programa de&hellip;\" \/>\r\n<meta property=\"og:url\" content=\"http:\/\/www.berakoagenda.eus\/es\/berako-oihua-aldizkarian-lanak-aurkezteko-epea-irekia-da-7\/\" \/>\r\n<meta property=\"og:site_name\" content=\"Berako Agenda\" \/>\r\n<meta property=\"article:published_time\" content=\"2026-04-30T17:53:29+00:00\" \/>\r\n<meta property=\"article:modified_time\" content=\"2026-04-30T17:56:09+00:00\" \/>\r\n<meta name=\"author\" content=\"berakoagenda\" \/>\r\n<meta name=\"twitter:card\" content=\"summary_large_image\" \/>\r\n<meta name=\"twitter:label1\" content=\"Escrito por\" \/>\n\t<meta name=\"twitter:data1\" content=\"berakoagenda\" \/>\n\t<meta name=\"twitter:label2\" content=\"Tiempo de lectura\" \/>\n\t<meta name=\"twitter:data2\" content=\"4 minutos\" \/>\r\n<script type=\"application\/ld+json\" class=\"yoast-schema-graph\">{\"@context\":\"https:\/\/schema.org\",\"@graph\":[{\"@type\":\"Article\",\"@id\":\"http:\/\/www.berakoagenda.eus\/es\/berako-oihua-aldizkarian-lanak-aurkezteko-epea-irekia-da-7\/#article\",\"isPartOf\":{\"@id\":\"http:\/\/www.berakoagenda.eus\/es\/berako-oihua-aldizkarian-lanak-aurkezteko-epea-irekia-da-7\/\"},\"author\":{\"name\":\"berakoagenda\",\"@id\":\"http:\/\/www.berakoagenda.eus\/es\/#\/schema\/person\/6bf85232a4c9ae5acb81113e794d4d77\"},\"headline\":\"Abierto el plazo para recibir art\u00edculos para la revista de fiestas \u2018Berako Oihua\u2019\",\"datePublished\":\"2026-04-30T17:53:29+00:00\",\"dateModified\":\"2026-04-30T17:56:09+00:00\",\"mainEntityOfPage\":{\"@id\":\"http:\/\/www.berakoagenda.eus\/es\/berako-oihua-aldizkarian-lanak-aurkezteko-epea-irekia-da-7\/\"},\"wordCount\":737,\"articleSection\":[\"Noticias\"],\"inLanguage\":\"es\"},{\"@type\":\"WebPage\",\"@id\":\"http:\/\/www.berakoagenda.eus\/es\/berako-oihua-aldizkarian-lanak-aurkezteko-epea-irekia-da-7\/\",\"url\":\"http:\/\/www.berakoagenda.eus\/es\/berako-oihua-aldizkarian-lanak-aurkezteko-epea-irekia-da-7\/\",\"name\":\"Abierto el plazo para recibir art\u00edculos para la revista de fiestas \u2018Berako Oihua\u2019 - Berako Agenda\",\"isPartOf\":{\"@id\":\"http:\/\/www.berakoagenda.eus\/es\/#website\"},\"datePublished\":\"2026-04-30T17:53:29+00:00\",\"dateModified\":\"2026-04-30T17:56:09+00:00\",\"author\":{\"@id\":\"http:\/\/www.berakoagenda.eus\/es\/#\/schema\/person\/6bf85232a4c9ae5acb81113e794d4d77\"},\"breadcrumb\":{\"@id\":\"http:\/\/www.berakoagenda.eus\/es\/berako-oihua-aldizkarian-lanak-aurkezteko-epea-irekia-da-7\/#breadcrumb\"},\"inLanguage\":\"es\",\"potentialAction\":[{\"@type\":\"ReadAction\",\"target\":[[\"http:\/\/www.berakoagenda.eus\/es\/berako-oihua-aldizkarian-lanak-aurkezteko-epea-irekia-da-7\/\"]]}]},{\"@type\":\"BreadcrumbList\",\"@id\":\"http:\/\/www.berakoagenda.eus\/es\/berako-oihua-aldizkarian-lanak-aurkezteko-epea-irekia-da-7\/#breadcrumb\",\"itemListElement\":[{\"@type\":\"ListItem\",\"position\":1,\"name\":\"Portada\",\"item\":\"http:\/\/www.berakoagenda.eus\/es\/\"},{\"@type\":\"ListItem\",\"position\":2,\"name\":\"Abierto el plazo para recibir art\u00edculos para la revista de fiestas \u2018Berako Oihua\u2019\"}]},{\"@type\":\"WebSite\",\"@id\":\"http:\/\/www.berakoagenda.eus\/es\/#website\",\"url\":\"http:\/\/www.berakoagenda.eus\/es\/\",\"name\":\"Berako Agenda\",\"description\":\"\",\"potentialAction\":[{\"@type\":\"SearchAction\",\"target\":{\"@type\":\"EntryPoint\",\"urlTemplate\":\"http:\/\/www.berakoagenda.eus\/es\/?s={search_term_string}\"},\"query-input\":{\"@type\":\"PropertyValueSpecification\",\"valueRequired\":true,\"valueName\":\"search_term_string\"}}],\"inLanguage\":\"es\"},{\"@type\":\"Person\",\"@id\":\"http:\/\/www.berakoagenda.eus\/es\/#\/schema\/person\/6bf85232a4c9ae5acb81113e794d4d77\",\"name\":\"berakoagenda\",\"url\":\"http:\/\/www.berakoagenda.eus\/es\/author\/berakoagenda\/\"}]}<\/script>\r\n<!-- \/ Yoast SEO plugin. -->","yoast_head_json":{"title":"Abierto el plazo para recibir art\u00edculos para la revista de fiestas \u2018Berako Oihua\u2019 - Berako Agenda","robots":{"index":"index","follow":"follow","max-snippet":"max-snippet:-1","max-image-preview":"max-image-preview:large","max-video-preview":"max-video-preview:-1"},"canonical":"http:\/\/www.berakoagenda.eus\/es\/berako-oihua-aldizkarian-lanak-aurkezteko-epea-irekia-da-7\/","og_locale":"es_ES","og_type":"article","og_title":"Abierto el plazo para recibir art\u00edculos para la revista de fiestas \u2018Berako Oihua\u2019 - Berako Agenda","og_description":"Los trabajos podr\u00e1n entregarse hasta el 5 de junio (viernes) BASES 1. \u00bfQu\u00e9 es Berako Oihua? Junto con el programa de fiestas de Bera, se reparte en los hogares la revista Berako Oihua. En esta revista, junto al programa de&hellip;","og_url":"http:\/\/www.berakoagenda.eus\/es\/berako-oihua-aldizkarian-lanak-aurkezteko-epea-irekia-da-7\/","og_site_name":"Berako Agenda","article_published_time":"2026-04-30T17:53:29+00:00","article_modified_time":"2026-04-30T17:56:09+00:00","author":"berakoagenda","twitter_card":"summary_large_image","twitter_misc":{"Escrito por":"berakoagenda","Tiempo de lectura":"4 minutos"},"schema":{"@context":"https:\/\/schema.org","@graph":[{"@type":"Article","@id":"http:\/\/www.berakoagenda.eus\/es\/berako-oihua-aldizkarian-lanak-aurkezteko-epea-irekia-da-7\/#article","isPartOf":{"@id":"http:\/\/www.berakoagenda.eus\/es\/berako-oihua-aldizkarian-lanak-aurkezteko-epea-irekia-da-7\/"},"author":{"name":"berakoagenda","@id":"http:\/\/www.berakoagenda.eus\/es\/#\/schema\/person\/6bf85232a4c9ae5acb81113e794d4d77"},"headline":"Abierto el plazo para recibir art\u00edculos para la revista de fiestas \u2018Berako Oihua\u2019","datePublished":"2026-04-30T17:53:29+00:00","dateModified":"2026-04-30T17:56:09+00:00","mainEntityOfPage":{"@id":"http:\/\/www.berakoagenda.eus\/es\/berako-oihua-aldizkarian-lanak-aurkezteko-epea-irekia-da-7\/"},"wordCount":737,"articleSection":["Noticias"],"inLanguage":"es"},{"@type":"WebPage","@id":"http:\/\/www.berakoagenda.eus\/es\/berako-oihua-aldizkarian-lanak-aurkezteko-epea-irekia-da-7\/","url":"http:\/\/www.berakoagenda.eus\/es\/berako-oihua-aldizkarian-lanak-aurkezteko-epea-irekia-da-7\/","name":"Abierto el plazo para recibir art\u00edculos para la revista de fiestas \u2018Berako Oihua\u2019 - Berako Agenda","isPartOf":{"@id":"http:\/\/www.berakoagenda.eus\/es\/#website"},"datePublished":"2026-04-30T17:53:29+00:00","dateModified":"2026-04-30T17:56:09+00:00","author":{"@id":"http:\/\/www.berakoagenda.eus\/es\/#\/schema\/person\/6bf85232a4c9ae5acb81113e794d4d77"},"breadcrumb":{"@id":"http:\/\/www.berakoagenda.eus\/es\/berako-oihua-aldizkarian-lanak-aurkezteko-epea-irekia-da-7\/#breadcrumb"},"inLanguage":"es","potentialAction":[{"@type":"ReadAction","target":[["http:\/\/www.berakoagenda.eus\/es\/berako-oihua-aldizkarian-lanak-aurkezteko-epea-irekia-da-7\/"]]}]},{"@type":"BreadcrumbList","@id":"http:\/\/www.berakoagenda.eus\/es\/berako-oihua-aldizkarian-lanak-aurkezteko-epea-irekia-da-7\/#breadcrumb","itemListElement":[{"@type":"ListItem","position":1,"name":"Portada","item":"http:\/\/www.berakoagenda.eus\/es\/"},{"@type":"ListItem","position":2,"name":"Abierto el plazo para recibir art\u00edculos para la revista de fiestas \u2018Berako Oihua\u2019"}]},{"@type":"WebSite","@id":"http:\/\/www.berakoagenda.eus\/es\/#website","url":"http:\/\/www.berakoagenda.eus\/es\/","name":"Berako Agenda","description":"","potentialAction":[{"@type":"SearchAction","target":{"@type":"EntryPoint","urlTemplate":"http:\/\/www.berakoagenda.eus\/es\/?s={search_term_string}"},"query-input":{"@type":"PropertyValueSpecification","valueRequired":true,"valueName":"search_term_string"}}],"inLanguage":"es"},{"@type":"Person","@id":"http:\/\/www.berakoagenda.eus\/es\/#\/schema\/person\/6bf85232a4c9ae5acb81113e794d4d77","name":"berakoagenda","url":"http:\/\/www.berakoagenda.eus\/es\/author\/berakoagenda\/"}]}},"_links":{"self":[{"href":"http:\/\/www.berakoagenda.eus\/es\/wp-json\/wp\/v2\/posts\/5667","targetHints":{"allow":["GET"]}}],"collection":[{"href":"http:\/\/www.berakoagenda.eus\/es\/wp-json\/wp\/v2\/posts"}],"about":[{"href":"http:\/\/www.berakoagenda.eus\/es\/wp-json\/wp\/v2\/types\/post"}],"author":[{"embeddable":true,"href":"http:\/\/www.berakoagenda.eus\/es\/wp-json\/wp\/v2\/users\/131"}],"replies":[{"embeddable":true,"href":"http:\/\/www.berakoagenda.eus\/es\/wp-json\/wp\/v2\/comments?post=5667"}],"version-history":[{"count":4,"href":"http:\/\/www.berakoagenda.eus\/es\/wp-json\/wp\/v2\/posts\/5667\/revisions"}],"predecessor-version":[{"id":5671,"href":"http:\/\/www.berakoagenda.eus\/es\/wp-json\/wp\/v2\/posts\/5667\/revisions\/5671"}],"wp:attachment":[{"href":"http:\/\/www.berakoagenda.eus\/es\/wp-json\/wp\/v2\/media?parent=5667"}],"wp:term":[{"taxonomy":"category","embeddable":true,"href":"http:\/\/www.berakoagenda.eus\/es\/wp-json\/wp\/v2\/categories?post=5667"},{"taxonomy":"post_tag","embeddable":true,"href":"http:\/\/www.berakoagenda.eus\/es\/wp-json\/wp\/v2\/tags?post=5667"}],"curies":[{"name":"wp","href":"https:\/\/api.w.org\/{rel}","templated":true}]}}