{"id":743,"date":"2013-04-26T09:48:28","date_gmt":"2013-04-26T09:48:28","guid":{"rendered":"http:\/\/www.berakoagenda.net\/?p=743"},"modified":"2013-04-26T09:48:28","modified_gmt":"2013-04-26T09:48:28","slug":"nazioarteko-liburuaren-eguna-ospatzeko-hainbat-ekitaldi-izanen-dira-berako-liburutegian-2","status":"publish","type":"post","link":"http:\/\/www.berakoagenda.eus\/es\/nazioarteko-liburuaren-eguna-ospatzeko-hainbat-ekitaldi-izanen-dira-berako-liburutegian-2\/","title":{"rendered":"Diferentes actividades en la biblioteca de Bera para celebrar el D\u00eda Internacional del Libro"},"content":{"rendered":"<p><\/p>\n<p>Como consecuencia del <strong>D\u00eda Internacional del Libro<\/strong> se celebrar\u00e1n diferentes actividades en la Biblioteca de Bera:<\/p>\n<ul>\n<li><strong>Concurso <em>\u00abLos 10 de los 10\u00bb<\/em>:<\/strong><\/li>\n<\/ul>\n<p><strong>Bases<\/strong><\/p>\n<p>Habr\u00e1 que adivinar las 10 portadas de 10 libros: <em>T\u00edtulo <\/em>\u00a0y <em>autor<\/em>. <em>Plazo<\/em>: 30 de abril<\/p>\n<p><strong>Premio<\/strong>: un libro<\/p>\n<p><strong>Categor\u00edas<\/strong>: dos categor\u00edas:<em> infantil\/j\u00f3venes<\/em> y <em>adultos<\/em><\/p>\n<p>Eskaera-orriak Liburutegian entregatu beharko dira.<\/p>\n<p><em>ADULTOS<\/em><\/p>\n<p><iframe loading=\"lazy\" width=\"300\" height=\"424\" src=\"\/\/e.issuu.com\/embed.html#0\/2142360\" frameborder=\"0\" allowfullscreen><\/iframe><\/p>\n<p><em>NI\u00d1@S\/J\u00d3VENES<\/em><\/p>\n<p><iframe loading=\"lazy\" width=\"300\" height=\"424\" src=\"\/\/e.issuu.com\/embed.html#0\/2161895\" frameborder=\"0\" allowfullscreen><\/iframe><\/p>\n<p>><\/p>\n<ul>\n<li><strong>Presentaci\u00f3n del libro: \u00abAlkasoroko benta\u00bb (Mikel Taberna)<\/strong><\/li>\n<\/ul>\n<p><a href=\"http:\/\/youtu.be\/0SuKLzDbiDM\">http:\/\/youtu.be\/0SuKLzDbiDM<\/a><\/p>\n<p><iframe loading=\"lazy\" width=\"500\" height=\"315\" src=\"http:\/\/www.youtube.com\/embed\/0SuKLzDbiDM\" frameborder=\"0\" allowfullscreen><\/iframe><\/p>\n<p><em><strong>Alkasoroko benta,<\/strong><\/em><strong> Mikel Taberna: <\/strong>\u00a0Alkasoro es un pueblo que se encuentra situado entre Lesaka y Bera. Mart\u00edn Irazoki, hijo de esa venta es en contador de esta novela. Nacido en la d\u00e9cada de los 50, nos informar\u00e1 de sus primeros 20 a\u00f1os de juventud, y de alguna manera ser\u00e1 el retrato del pueblo.<\/p>\n<p><em>D\u00eda<\/em>: jueves, 25 de abril<\/p>\n<p><em>Lugar<\/em>: Biblioteca P\u00fablica de Bera<\/p>\n<p><em>Hora<\/em>: 18:00<\/p>\n<ul>\n<li><strong>IRRIPUINAK Marikalanbrerekin<\/strong><\/li>\n<\/ul>\n<p><a href=\"http:\/\/issuu.com\/berako-liburutegia\/docs\/irripuinak_marikalanbrerekin\/1\">http:\/\/issuu.com\/berako-liburutegia\/docs\/irripuinak_marikalanbrerekin\/1<\/a><\/p>\n<p><iframe loading=\"lazy\" width=\"300\" height=\"424\" src=\"\/\/e.issuu.com\/embed.html#0\/2149267\" frameborder=\"0\" allowfullscreen><\/iframe><\/p>\n<p><em>D\u00eda<\/em>: viernes, 26 de abril<\/p>\n<p><em>Lugar<\/em>: Biblioteca P\u00fablica de Bera<\/p>\n<p><em>Hora<\/em>: 18:00<\/p>\n<p><em>Edad<\/em>: 3-8 a\u00f1os<\/p>\n<p>Marikalanbre es una chica inteligente, revoltosa. De peque\u00f1a sufri\u00f3 un calambre y desde entonces tiene poderes m\u00e1gicos. Es una fan\u00e1tica de la ciencia. Ayudar\u00e1 a los ni\u00f1os y a las ni\u00f1as a aprender los secretos de la ciencia.<\/p>\n<p><\/p>","protected":false},"excerpt":{"rendered":"<p>Como consecuencia del D\u00eda Internacional del Libro se celebrar\u00e1n diferentes actividades en la Biblioteca de Bera: Concurso \u00abLos 10 de los 10\u00bb: Bases Habr\u00e1 que adivinar las 10 portadas de 10 libros: T\u00edtulo \u00a0y autor. Plazo: 30 de abril Premio:&hellip; <\/p>\n","protected":false},"author":2,"featured_media":0,"comment_status":"open","ping_status":"open","sticky":false,"template":"","format":"standard","meta":{"_monsterinsights_skip_tracking":false,"_monsterinsights_sitenote_active":false,"_monsterinsights_sitenote_note":"","_monsterinsights_sitenote_category":0,"footnotes":""},"categories":[12],"tags":[],"class_list":["post-743","post","type-post","status-publish","format-standard","hentry","category-albisteak"],"yoast_head":"<!-- This site is optimized with the Yoast SEO plugin v26.8 - https:\/\/yoast.com\/product\/yoast-seo-wordpress\/ -->\r\n<title>Nazioarteko Liburuaren Eguna ospatzeko hainbat ekitaldi izanen dira Berako liburutegianDiferentes actividades en la biblioteca de Bera para celebrar el D\u00eda Internacional del Libro - Berako Agenda<\/title>\r\n<meta name=\"robots\" content=\"index, follow, max-snippet:-1, max-image-preview:large, max-video-preview:-1\" \/>\r\n<link rel=\"canonical\" href=\"http:\/\/www.berakoagenda.eus\/es\/nazioarteko-liburuaren-eguna-ospatzeko-hainbat-ekitaldi-izanen-dira-berako-liburutegian-2\/\" \/>\r\n<meta property=\"og:locale\" content=\"es_ES\" \/>\r\n<meta property=\"og:type\" content=\"article\" \/>\r\n<meta property=\"og:title\" content=\"Nazioarteko Liburuaren Eguna ospatzeko hainbat ekitaldi izanen dira Berako liburutegianDiferentes actividades en la biblioteca de Bera para celebrar el D\u00eda Internacional del Libro - Berako Agenda\" \/>\r\n<meta property=\"og:description\" content=\"Como consecuencia del D\u00eda Internacional del Libro se celebrar\u00e1n diferentes actividades en la Biblioteca de Bera: Concurso \u00abLos 10 de los 10\u00bb: Bases Habr\u00e1 que adivinar las 10 portadas de 10 libros: T\u00edtulo \u00a0y autor. Plazo: 30 de abril Premio:&hellip;\" \/>\r\n<meta property=\"og:url\" content=\"http:\/\/www.berakoagenda.eus\/es\/nazioarteko-liburuaren-eguna-ospatzeko-hainbat-ekitaldi-izanen-dira-berako-liburutegian-2\/\" \/>\r\n<meta property=\"og:site_name\" content=\"Berako Agenda\" \/>\r\n<meta property=\"article:published_time\" content=\"2013-04-26T09:48:28+00:00\" \/>\r\n<meta name=\"author\" content=\"iirurzun\" \/>\r\n<meta name=\"twitter:card\" content=\"summary_large_image\" \/>\r\n<meta name=\"twitter:label1\" content=\"Escrito por\" \/>\n\t<meta name=\"twitter:data1\" content=\"iirurzun\" \/>\n\t<meta name=\"twitter:label2\" content=\"Tiempo de lectura\" \/>\n\t<meta name=\"twitter:data2\" content=\"2 minutos\" \/>\r\n<script type=\"application\/ld+json\" class=\"yoast-schema-graph\">{\"@context\":\"https:\/\/schema.org\",\"@graph\":[{\"@type\":\"Article\",\"@id\":\"http:\/\/www.berakoagenda.eus\/es\/nazioarteko-liburuaren-eguna-ospatzeko-hainbat-ekitaldi-izanen-dira-berako-liburutegian-2\/#article\",\"isPartOf\":{\"@id\":\"http:\/\/www.berakoagenda.eus\/es\/nazioarteko-liburuaren-eguna-ospatzeko-hainbat-ekitaldi-izanen-dira-berako-liburutegian-2\/\"},\"author\":{\"name\":\"iirurzun\",\"@id\":\"http:\/\/www.berakoagenda.eus\/es\/#\/schema\/person\/3227243d8abb072395adf587a17b210f\"},\"headline\":\"Diferentes actividades en la biblioteca de Bera para celebrar el D\u00eda Internacional del Libro\",\"datePublished\":\"2013-04-26T09:48:28+00:00\",\"mainEntityOfPage\":{\"@id\":\"http:\/\/www.berakoagenda.eus\/es\/nazioarteko-liburuaren-eguna-ospatzeko-hainbat-ekitaldi-izanen-dira-berako-liburutegian-2\/\"},\"wordCount\":376,\"commentCount\":0,\"articleSection\":[\"Noticias\"],\"inLanguage\":\"es\"},{\"@type\":\"WebPage\",\"@id\":\"http:\/\/www.berakoagenda.eus\/es\/nazioarteko-liburuaren-eguna-ospatzeko-hainbat-ekitaldi-izanen-dira-berako-liburutegian-2\/\",\"url\":\"http:\/\/www.berakoagenda.eus\/es\/nazioarteko-liburuaren-eguna-ospatzeko-hainbat-ekitaldi-izanen-dira-berako-liburutegian-2\/\",\"name\":\"Nazioarteko Liburuaren Eguna ospatzeko hainbat ekitaldi izanen dira Berako liburutegianDiferentes actividades en la biblioteca de Bera para celebrar el D\u00eda Internacional del Libro - Berako Agenda\",\"isPartOf\":{\"@id\":\"http:\/\/www.berakoagenda.eus\/es\/#website\"},\"datePublished\":\"2013-04-26T09:48:28+00:00\",\"author\":{\"@id\":\"http:\/\/www.berakoagenda.eus\/es\/#\/schema\/person\/3227243d8abb072395adf587a17b210f\"},\"breadcrumb\":{\"@id\":\"http:\/\/www.berakoagenda.eus\/es\/nazioarteko-liburuaren-eguna-ospatzeko-hainbat-ekitaldi-izanen-dira-berako-liburutegian-2\/#breadcrumb\"},\"inLanguage\":\"es\",\"potentialAction\":[{\"@type\":\"ReadAction\",\"target\":[[\"http:\/\/www.berakoagenda.eus\/es\/nazioarteko-liburuaren-eguna-ospatzeko-hainbat-ekitaldi-izanen-dira-berako-liburutegian-2\/\"]]}]},{\"@type\":\"BreadcrumbList\",\"@id\":\"http:\/\/www.berakoagenda.eus\/es\/nazioarteko-liburuaren-eguna-ospatzeko-hainbat-ekitaldi-izanen-dira-berako-liburutegian-2\/#breadcrumb\",\"itemListElement\":[{\"@type\":\"ListItem\",\"position\":1,\"name\":\"Portada\",\"item\":\"http:\/\/www.berakoagenda.eus\/es\/\"},{\"@type\":\"ListItem\",\"position\":2,\"name\":\"Diferentes actividades en la biblioteca de Bera para celebrar el D\u00eda Internacional del Libro\"}]},{\"@type\":\"WebSite\",\"@id\":\"http:\/\/www.berakoagenda.eus\/es\/#website\",\"url\":\"http:\/\/www.berakoagenda.eus\/es\/\",\"name\":\"Berako Agenda\",\"description\":\"\",\"potentialAction\":[{\"@type\":\"SearchAction\",\"target\":{\"@type\":\"EntryPoint\",\"urlTemplate\":\"http:\/\/www.berakoagenda.eus\/es\/?s={search_term_string}\"},\"query-input\":{\"@type\":\"PropertyValueSpecification\",\"valueRequired\":true,\"valueName\":\"search_term_string\"}}],\"inLanguage\":\"es\"},{\"@type\":\"Person\",\"@id\":\"http:\/\/www.berakoagenda.eus\/es\/#\/schema\/person\/3227243d8abb072395adf587a17b210f\",\"name\":\"iirurzun\",\"url\":\"http:\/\/www.berakoagenda.eus\/es\/author\/iirurzun\/\"}]}<\/script>\r\n<!-- \/ Yoast SEO plugin. -->","yoast_head_json":{"title":"Nazioarteko Liburuaren Eguna ospatzeko hainbat ekitaldi izanen dira Berako liburutegianDiferentes actividades en la biblioteca de Bera para celebrar el D\u00eda Internacional del Libro - Berako Agenda","robots":{"index":"index","follow":"follow","max-snippet":"max-snippet:-1","max-image-preview":"max-image-preview:large","max-video-preview":"max-video-preview:-1"},"canonical":"http:\/\/www.berakoagenda.eus\/es\/nazioarteko-liburuaren-eguna-ospatzeko-hainbat-ekitaldi-izanen-dira-berako-liburutegian-2\/","og_locale":"es_ES","og_type":"article","og_title":"Nazioarteko Liburuaren Eguna ospatzeko hainbat ekitaldi izanen dira Berako liburutegianDiferentes actividades en la biblioteca de Bera para celebrar el D\u00eda Internacional del Libro - Berako Agenda","og_description":"Como consecuencia del D\u00eda Internacional del Libro se celebrar\u00e1n diferentes actividades en la Biblioteca de Bera: Concurso \u00abLos 10 de los 10\u00bb: Bases Habr\u00e1 que adivinar las 10 portadas de 10 libros: T\u00edtulo \u00a0y autor. Plazo: 30 de abril Premio:&hellip;","og_url":"http:\/\/www.berakoagenda.eus\/es\/nazioarteko-liburuaren-eguna-ospatzeko-hainbat-ekitaldi-izanen-dira-berako-liburutegian-2\/","og_site_name":"Berako Agenda","article_published_time":"2013-04-26T09:48:28+00:00","author":"iirurzun","twitter_card":"summary_large_image","twitter_misc":{"Escrito por":"iirurzun","Tiempo de lectura":"2 minutos"},"schema":{"@context":"https:\/\/schema.org","@graph":[{"@type":"Article","@id":"http:\/\/www.berakoagenda.eus\/es\/nazioarteko-liburuaren-eguna-ospatzeko-hainbat-ekitaldi-izanen-dira-berako-liburutegian-2\/#article","isPartOf":{"@id":"http:\/\/www.berakoagenda.eus\/es\/nazioarteko-liburuaren-eguna-ospatzeko-hainbat-ekitaldi-izanen-dira-berako-liburutegian-2\/"},"author":{"name":"iirurzun","@id":"http:\/\/www.berakoagenda.eus\/es\/#\/schema\/person\/3227243d8abb072395adf587a17b210f"},"headline":"Diferentes actividades en la biblioteca de Bera para celebrar el D\u00eda Internacional del Libro","datePublished":"2013-04-26T09:48:28+00:00","mainEntityOfPage":{"@id":"http:\/\/www.berakoagenda.eus\/es\/nazioarteko-liburuaren-eguna-ospatzeko-hainbat-ekitaldi-izanen-dira-berako-liburutegian-2\/"},"wordCount":376,"commentCount":0,"articleSection":["Noticias"],"inLanguage":"es"},{"@type":"WebPage","@id":"http:\/\/www.berakoagenda.eus\/es\/nazioarteko-liburuaren-eguna-ospatzeko-hainbat-ekitaldi-izanen-dira-berako-liburutegian-2\/","url":"http:\/\/www.berakoagenda.eus\/es\/nazioarteko-liburuaren-eguna-ospatzeko-hainbat-ekitaldi-izanen-dira-berako-liburutegian-2\/","name":"Nazioarteko Liburuaren Eguna ospatzeko hainbat ekitaldi izanen dira Berako liburutegianDiferentes actividades en la biblioteca de Bera para celebrar el D\u00eda Internacional del Libro - Berako Agenda","isPartOf":{"@id":"http:\/\/www.berakoagenda.eus\/es\/#website"},"datePublished":"2013-04-26T09:48:28+00:00","author":{"@id":"http:\/\/www.berakoagenda.eus\/es\/#\/schema\/person\/3227243d8abb072395adf587a17b210f"},"breadcrumb":{"@id":"http:\/\/www.berakoagenda.eus\/es\/nazioarteko-liburuaren-eguna-ospatzeko-hainbat-ekitaldi-izanen-dira-berako-liburutegian-2\/#breadcrumb"},"inLanguage":"es","potentialAction":[{"@type":"ReadAction","target":[["http:\/\/www.berakoagenda.eus\/es\/nazioarteko-liburuaren-eguna-ospatzeko-hainbat-ekitaldi-izanen-dira-berako-liburutegian-2\/"]]}]},{"@type":"BreadcrumbList","@id":"http:\/\/www.berakoagenda.eus\/es\/nazioarteko-liburuaren-eguna-ospatzeko-hainbat-ekitaldi-izanen-dira-berako-liburutegian-2\/#breadcrumb","itemListElement":[{"@type":"ListItem","position":1,"name":"Portada","item":"http:\/\/www.berakoagenda.eus\/es\/"},{"@type":"ListItem","position":2,"name":"Diferentes actividades en la biblioteca de Bera para celebrar el D\u00eda Internacional del Libro"}]},{"@type":"WebSite","@id":"http:\/\/www.berakoagenda.eus\/es\/#website","url":"http:\/\/www.berakoagenda.eus\/es\/","name":"Berako Agenda","description":"","potentialAction":[{"@type":"SearchAction","target":{"@type":"EntryPoint","urlTemplate":"http:\/\/www.berakoagenda.eus\/es\/?s={search_term_string}"},"query-input":{"@type":"PropertyValueSpecification","valueRequired":true,"valueName":"search_term_string"}}],"inLanguage":"es"},{"@type":"Person","@id":"http:\/\/www.berakoagenda.eus\/es\/#\/schema\/person\/3227243d8abb072395adf587a17b210f","name":"iirurzun","url":"http:\/\/www.berakoagenda.eus\/es\/author\/iirurzun\/"}]}},"_links":{"self":[{"href":"http:\/\/www.berakoagenda.eus\/es\/wp-json\/wp\/v2\/posts\/743","targetHints":{"allow":["GET"]}}],"collection":[{"href":"http:\/\/www.berakoagenda.eus\/es\/wp-json\/wp\/v2\/posts"}],"about":[{"href":"http:\/\/www.berakoagenda.eus\/es\/wp-json\/wp\/v2\/types\/post"}],"author":[{"embeddable":true,"href":"http:\/\/www.berakoagenda.eus\/es\/wp-json\/wp\/v2\/users\/2"}],"replies":[{"embeddable":true,"href":"http:\/\/www.berakoagenda.eus\/es\/wp-json\/wp\/v2\/comments?post=743"}],"version-history":[{"count":0,"href":"http:\/\/www.berakoagenda.eus\/es\/wp-json\/wp\/v2\/posts\/743\/revisions"}],"wp:attachment":[{"href":"http:\/\/www.berakoagenda.eus\/es\/wp-json\/wp\/v2\/media?parent=743"}],"wp:term":[{"taxonomy":"category","embeddable":true,"href":"http:\/\/www.berakoagenda.eus\/es\/wp-json\/wp\/v2\/categories?post=743"},{"taxonomy":"post_tag","embeddable":true,"href":"http:\/\/www.berakoagenda.eus\/es\/wp-json\/wp\/v2\/tags?post=743"}],"curies":[{"name":"wp","href":"https:\/\/api.w.org\/{rel}","templated":true}]}}