{"id":747,"date":"2013-04-30T10:02:51","date_gmt":"2013-04-30T10:02:51","guid":{"rendered":"http:\/\/www.berakoagenda.net\/?p=747"},"modified":"2013-05-28T11:09:27","modified_gmt":"2013-05-28T09:09:27","slug":"berako-bestetako-kartel-lehiaketa-2013","status":"publish","type":"post","link":"http:\/\/www.berakoagenda.eus\/es\/berako-bestetako-kartel-lehiaketa-2013\/","title":{"rendered":"Concurso de Carteles de Fiestas de Bera 2013"},"content":{"rendered":"<p><!--[if gte mso 9]&gt;--><\/p>\n<p style=\"background: white\"><strong><span style=\"font-size: 11.0pt;font-family: Arial\">El plazo para la entrega de trabajos termina el <span style=\"text-decoration: underline\">31 de mayo (viernes)<\/span><\/span><\/strong><em><span style=\"text-decoration: underline\"><span style=\"font-size: 11.0pt;font-family: Arial\">.<\/span><\/span><\/em><strong><\/strong><\/p>\n<p style=\"background: white\"><span style=\"font-size: 11.0pt;font-family: Arial\">La Comisi\u00f3n<\/span><span style=\"font-size: 11.0pt;font-family: Arial\"> de Cultura de Bera ha convocado el Concurso de Fiestas de Bera de este a\u00f1o.<\/span><\/p>\n<p style=\"background: white\"><strong><span style=\"font-size: 11.0pt;font-family: Arial\">BASES<\/span><\/strong><\/p>\n<p class=\"MsoNormal\" style=\"margin-left: 18.0pt;text-indent: -18.0pt;background: white\"><span style=\"font-size: 11.0pt;font-family: Arial\"><span>1)<span style=\"font: 7.0pt 'Times New Roman'\">\u00a0\u00a0\u00a0\u00a0\u00a0 <\/span><\/span><\/span><strong><span style=\"font-size: 11.0pt;font-family: Arial\">Participantes<\/span><\/strong><span style=\"font-size: 11.0pt;font-family: Arial\">: Pueden participar todas las personas que lo deseen, pudiendo presentar un n\u00famero ilimitado de trabajos. Todos los trabajos deber\u00e1n ser realizados<\/span><\/p>\n<p class=\"MsoNormal\" style=\"margin-left: 18.0pt;text-indent: -18.0pt;background: white\"><span style=\"font-size: 11.0pt;font-family: Arial\"><span>2)<span style=\"font: 7.0pt 'Times New Roman'\">\u00a0\u00a0\u00a0\u00a0\u00a0 <\/span><\/span><\/span><strong><span style=\"font-size: 11.0pt;font-family: Arial\">Tema<\/span><\/strong><span style=\"font-size: 11.0pt;font-family: Arial\">: El cartel reflejar\u00e1 el ambiente festivo de Bera. <\/span><\/p>\n<p class=\"MsoNormal\" style=\"margin-left: 18.0pt;text-indent: -18.0pt;background: white\"><span style=\"font-size: 11.0pt;font-family: Arial\"><span>3)<span style=\"font: 7.0pt 'Times New Roman'\">\u00a0\u00a0\u00a0\u00a0\u00a0 <\/span><\/span><\/span><span style=\"font-size: 11.0pt;font-family: Arial\">En el cartel deber\u00e1 aparecer obligatoriamente el texto <em><span style=\"font-family: Arial\">Berako Bestak 2013<\/span><\/em> y no llevar\u00e1 ning\u00fan otro texto.<\/span><\/p>\n<p class=\"MsoNormal\" style=\"margin-left: 18.0pt;text-indent: -18.0pt;background: white\"><span style=\"font-size: 11.0pt;font-family: Arial\"><span>4)<span style=\"font: 7.0pt 'Times New Roman'\">\u00a0\u00a0\u00a0\u00a0\u00a0 <\/span><\/span><\/span><strong><span style=\"font-size: 11.0pt;font-family: Arial\">Formato<\/span><\/strong><span style=\"font-size: 11.0pt;font-family: Arial\">: Las fotograf\u00edas o carteles ser\u00e1n en color, no se admitir\u00e1n diapositivas, se presentar\u00e1 en papel, y ser\u00e1 vertical, con una medida de 70 x 50 cm. Se presentar\u00e1 sobre soporte r\u00edgido y convenientemente embalados. <\/span><\/p>\n<p class=\"MsoNormal\" style=\"margin-left: 18.0pt;text-indent: -18.0pt;background: white\"><strong><span style=\"font-size: 11.0pt;font-family: Arial;font-weight: normal\"><span>5)<span style=\"font: 7.0pt 'Times New Roman'\">\u00a0\u00a0\u00a0\u00a0\u00a0 <\/span><\/span><\/span><\/strong><strong><span style=\"font-size: 11.0pt;font-family: Arial\">Estilo<\/span><\/strong><strong><span style=\"font-size: 11.0pt;font-family: Arial;font-weight: normal\">: el tema, estilo y la t\u00e9cnica empleada ser\u00e1 libre, siempre que se refleje el <em>ambiente festivo de Bera<\/em>. Los trabajos deber\u00e1n ser originales e in\u00e9ditos, no habiendo sido presentados en otros concursos y no supondr\u00e1n en todo o en parte copia o plagio de obras publicadas o de otros artistas, as\u00ed como de carteles, pinturas, etc. publicadas en cualquier forma.<\/span><\/strong><strong><\/strong><\/p>\n<p class=\"MsoNormal\" style=\"margin-left: 18.0pt;text-indent: -18.0pt;background: white\"><span style=\"font-size: 11.0pt;font-family: Arial\"><span>6)<span style=\"font: 7.0pt 'Times New Roman'\">\u00a0\u00a0\u00a0\u00a0\u00a0 <\/span><\/span><\/span><strong><span style=\"font-size: 11.0pt;font-family: Arial\">Plazo y lugar de presentaci\u00f3n<\/span><\/strong><span style=\"font-size: 11.0pt;font-family: Arial\">: Antes de las 13:30 horas del viernes, 31 de mayo de 2013 en las oficinas del Ayuntamiento de Bera. Este plazo ser\u00e1 improrrogable.<\/span><\/p>\n<p class=\"MsoNormal\" style=\"margin-left: 18.0pt;text-indent: -18.0pt;background: white\"><span style=\"font-size: 11.0pt;font-family: Arial\"><span>7)<span style=\"font: 7.0pt 'Times New Roman'\">\u00a0\u00a0\u00a0\u00a0\u00a0 <\/span><\/span><\/span><span style=\"font-size: 11.0pt;font-family: Arial\">Detr\u00e1s de la obra presentada se escribir\u00e1 un pseud\u00f3nimo \u2013No se admitir\u00e1 ninguna obra en la que aparezca el nombre del autor-. En un sobre aparte se escribir\u00e1 en la parte exterior el pseud\u00f3nimo, y en el interior los datos personales: nombre y apellidos, edad, direcci\u00f3n <\/span><span style=\"font-size: 11.0pt;font-family: Arial\" lang=\"EU\">[calle, avenida, plaza, etc. ; n\u00famero y planta; c\u00f3digo postal, poblaci\u00f3n y provincia]<\/span><span style=\"font-size: 11.0pt;font-family: Arial\">, tel\u00e9fono y e-mail.<\/span><\/p>\n<p class=\"MsoNormal\" style=\"margin-left: 18.0pt;text-indent: -18.0pt;background: white\"><span style=\"font-size: 11.0pt;font-family: Arial\"><span>8)<span style=\"font: 7.0pt 'Times New Roman'\">\u00a0\u00a0\u00a0\u00a0\u00a0 <\/span><\/span><\/span><strong><span style=\"font-size: 11.0pt;font-family: Arial\">Fallo del concurso<\/span><\/strong><span style=\"font-size: 11.0pt;font-family: Arial\">:<\/span><\/p>\n<ul type=\"disc\">\n<li class=\"MsoNormal\"><span style=\"font-size: 11.0pt;font-family: Arial\">Se abrir\u00e1 un per\u00edodo de participaci\u00f3n ciudadana mediante votaci\u00f3n individual de forma que el cartel m\u00e1s votado por la ciudadan\u00eda sea el ganador del concurso. El procedimiento de votaci\u00f3n se anunciar\u00e1 oportunamente.<\/span><\/li>\n<li class=\"MsoNormal\"><span style=\"font-size: 11.0pt;font-family: Arial\">El fallo del concurso ser\u00e1 \u00fanico y no se podr\u00e1 recurrir por ning\u00fan motivo.<\/span><\/li>\n<\/ul>\n<p class=\"MsoNormal\" style=\"margin-left: 18.0pt;text-indent: -18.0pt;background: white\"><span style=\"font-size: 11.0pt;font-family: Arial\"><span>9)<span style=\"font: 7.0pt 'Times New Roman'\">\u00a0\u00a0\u00a0\u00a0\u00a0 <\/span><\/span><\/span><span style=\"font-size: 11.0pt;font-family: Arial\">El Ayto. de Bera ser\u00e1 due\u00f1o del trabajo ganador y tendr\u00e1 los derechos para sus anuncios, publicaciones, difusiones, etc. En todos ellos se indicar\u00e1 el autor del trabajo. <\/span><\/p>\n<p class=\"MsoNormal\" style=\"margin-left: 18.0pt;text-indent: -18.0pt;background: white\"><span style=\"font-size: 11.0pt;font-family: Arial\"><span>10)<span style=\"font: 7.0pt 'Times New Roman'\">\u00a0 <\/span><\/span><\/span><span style=\"font-size: 11.0pt;font-family: Arial\">Las obras no se devolver\u00e1n. El Ayuntamiento se reserva el derecho de publicar en el programa de fiestas las obras no premiadas, indicando siempre el autor. <\/span><\/p>\n<p class=\"MsoNormal\" style=\"margin-left: 18.0pt;text-indent: -18.0pt;background: white\"><span style=\"font-size: 11.0pt;font-family: Arial\"><span>11)<span style=\"font: 7.0pt 'Times New Roman'\">\u00a0 <\/span><\/span><\/span><strong><span style=\"font-size: 11.0pt;font-family: Arial\">Premio<\/span><\/strong><span style=\"font-size: 11.0pt;font-family: Arial\">: Se conceder\u00e1 un \u00fanico premio dotado con 400 euros. A esta cantidad se le aplicar\u00e1 la retenci\u00f3n que proceda en concepto de IRPF (15%).<\/span><\/p>\n<p class=\"MsoNormal\" style=\"margin-left: 18.0pt;text-indent: -18.0pt;background: white\"><span style=\"font-size: 11.0pt;font-family: Arial\"><span>12)<span style=\"font: 7.0pt 'Times New Roman'\">\u00a0 <\/span><\/span><\/span><strong><span style=\"font-size: 11.0pt;font-family: Arial;font-weight: normal\">El concurso puede quedar desierto.<\/span><\/strong><\/p>\n<p class=\"MsoNormal\" style=\"margin-left: 18.0pt;text-indent: -18.0pt;background: white\"><span style=\"font-size: 11.0pt;font-family: Arial\"><span>13)<span style=\"font: 7.0pt 'Times New Roman'\">\u00a0 <\/span><\/span><\/span><span style=\"font-size: 11.0pt;font-family: Arial\">El hecho de participar en este concurso implica la total aceptaci\u00f3n de sus bases. <\/span><\/p>\n<p><\/p>","protected":false},"excerpt":{"rendered":"<p>El plazo para la entrega de trabajos termina el 31 de mayo (viernes). La Comisi\u00f3n de Cultura de Bera ha convocado el Concurso de Fiestas de Bera de este a\u00f1o. BASES 1)\u00a0\u00a0\u00a0\u00a0\u00a0 Participantes: Pueden participar todas las personas que lo&hellip; <\/p>\n","protected":false},"author":82,"featured_media":0,"comment_status":"open","ping_status":"open","sticky":false,"template":"","format":"standard","meta":{"_monsterinsights_skip_tracking":false,"_monsterinsights_sitenote_active":false,"_monsterinsights_sitenote_note":"","_monsterinsights_sitenote_category":0,"footnotes":""},"categories":[12],"tags":[],"class_list":["post-747","post","type-post","status-publish","format-standard","hentry","category-albisteak"],"yoast_head":"<!-- This site is optimized with the Yoast SEO plugin v26.8 - https:\/\/yoast.com\/product\/yoast-seo-wordpress\/ -->\r\n<title>Berako Bestetako Kartel Lehiaketa 2013Concurso de Carteles de Fiestas de Bera 2013 - Berako Agenda<\/title>\r\n<meta name=\"robots\" content=\"index, follow, max-snippet:-1, max-image-preview:large, max-video-preview:-1\" \/>\r\n<link rel=\"canonical\" href=\"http:\/\/www.berakoagenda.eus\/es\/berako-bestetako-kartel-lehiaketa-2013\/\" \/>\r\n<meta property=\"og:locale\" content=\"es_ES\" \/>\r\n<meta property=\"og:type\" content=\"article\" \/>\r\n<meta property=\"og:title\" content=\"Berako Bestetako Kartel Lehiaketa 2013Concurso de Carteles de Fiestas de Bera 2013 - Berako Agenda\" \/>\r\n<meta property=\"og:description\" content=\"El plazo para la entrega de trabajos termina el 31 de mayo (viernes). La Comisi\u00f3n de Cultura de Bera ha convocado el Concurso de Fiestas de Bera de este a\u00f1o. BASES 1)\u00a0\u00a0\u00a0\u00a0\u00a0 Participantes: Pueden participar todas las personas que lo&hellip;\" \/>\r\n<meta property=\"og:url\" content=\"http:\/\/www.berakoagenda.eus\/es\/berako-bestetako-kartel-lehiaketa-2013\/\" \/>\r\n<meta property=\"og:site_name\" content=\"Berako Agenda\" \/>\r\n<meta property=\"article:published_time\" content=\"2013-04-30T10:02:51+00:00\" \/>\r\n<meta property=\"article:modified_time\" content=\"2013-05-28T09:09:27+00:00\" \/>\r\n<meta name=\"twitter:card\" content=\"summary_large_image\" \/>\r\n<meta name=\"twitter:label1\" content=\"Escrito por\" \/>\n\t<meta name=\"twitter:data1\" content=\"\" \/>\n\t<meta name=\"twitter:label2\" content=\"Tiempo de lectura\" \/>\n\t<meta name=\"twitter:data2\" content=\"4 minutos\" \/>\r\n<script type=\"application\/ld+json\" class=\"yoast-schema-graph\">{\"@context\":\"https:\/\/schema.org\",\"@graph\":[{\"@type\":\"Article\",\"@id\":\"http:\/\/www.berakoagenda.eus\/es\/berako-bestetako-kartel-lehiaketa-2013\/#article\",\"isPartOf\":{\"@id\":\"http:\/\/www.berakoagenda.eus\/es\/berako-bestetako-kartel-lehiaketa-2013\/\"},\"author\":{\"name\":\"\",\"@id\":\"\"},\"headline\":\"Concurso de Carteles de Fiestas de Bera 2013\",\"datePublished\":\"2013-04-30T10:02:51+00:00\",\"dateModified\":\"2013-05-28T09:09:27+00:00\",\"mainEntityOfPage\":{\"@id\":\"http:\/\/www.berakoagenda.eus\/es\/berako-bestetako-kartel-lehiaketa-2013\/\"},\"wordCount\":765,\"commentCount\":0,\"articleSection\":[\"Noticias\"],\"inLanguage\":\"es\"},{\"@type\":\"WebPage\",\"@id\":\"http:\/\/www.berakoagenda.eus\/es\/berako-bestetako-kartel-lehiaketa-2013\/\",\"url\":\"http:\/\/www.berakoagenda.eus\/es\/berako-bestetako-kartel-lehiaketa-2013\/\",\"name\":\"Berako Bestetako Kartel Lehiaketa 2013Concurso de Carteles de Fiestas de Bera 2013 - Berako Agenda\",\"isPartOf\":{\"@id\":\"http:\/\/www.berakoagenda.eus\/es\/#website\"},\"datePublished\":\"2013-04-30T10:02:51+00:00\",\"dateModified\":\"2013-05-28T09:09:27+00:00\",\"author\":{\"@id\":\"\"},\"breadcrumb\":{\"@id\":\"http:\/\/www.berakoagenda.eus\/es\/berako-bestetako-kartel-lehiaketa-2013\/#breadcrumb\"},\"inLanguage\":\"es\",\"potentialAction\":[{\"@type\":\"ReadAction\",\"target\":[[\"http:\/\/www.berakoagenda.eus\/es\/berako-bestetako-kartel-lehiaketa-2013\/\"]]}]},{\"@type\":\"BreadcrumbList\",\"@id\":\"http:\/\/www.berakoagenda.eus\/es\/berako-bestetako-kartel-lehiaketa-2013\/#breadcrumb\",\"itemListElement\":[{\"@type\":\"ListItem\",\"position\":1,\"name\":\"Portada\",\"item\":\"http:\/\/www.berakoagenda.eus\/es\/\"},{\"@type\":\"ListItem\",\"position\":2,\"name\":\"Concurso de Carteles de Fiestas de Bera 2013\"}]},{\"@type\":\"WebSite\",\"@id\":\"http:\/\/www.berakoagenda.eus\/es\/#website\",\"url\":\"http:\/\/www.berakoagenda.eus\/es\/\",\"name\":\"Berako Agenda\",\"description\":\"\",\"potentialAction\":[{\"@type\":\"SearchAction\",\"target\":{\"@type\":\"EntryPoint\",\"urlTemplate\":\"http:\/\/www.berakoagenda.eus\/es\/?s={search_term_string}\"},\"query-input\":{\"@type\":\"PropertyValueSpecification\",\"valueRequired\":true,\"valueName\":\"search_term_string\"}}],\"inLanguage\":\"es\"},{\"@type\":\"Person\",\"@id\":\"\",\"url\":\"http:\/\/www.berakoagenda.eus\/es\/author\/\"}]}<\/script>\r\n<!-- \/ Yoast SEO plugin. -->","yoast_head_json":{"title":"Berako Bestetako Kartel Lehiaketa 2013Concurso de Carteles de Fiestas de Bera 2013 - Berako Agenda","robots":{"index":"index","follow":"follow","max-snippet":"max-snippet:-1","max-image-preview":"max-image-preview:large","max-video-preview":"max-video-preview:-1"},"canonical":"http:\/\/www.berakoagenda.eus\/es\/berako-bestetako-kartel-lehiaketa-2013\/","og_locale":"es_ES","og_type":"article","og_title":"Berako Bestetako Kartel Lehiaketa 2013Concurso de Carteles de Fiestas de Bera 2013 - Berako Agenda","og_description":"El plazo para la entrega de trabajos termina el 31 de mayo (viernes). La Comisi\u00f3n de Cultura de Bera ha convocado el Concurso de Fiestas de Bera de este a\u00f1o. BASES 1)\u00a0\u00a0\u00a0\u00a0\u00a0 Participantes: Pueden participar todas las personas que lo&hellip;","og_url":"http:\/\/www.berakoagenda.eus\/es\/berako-bestetako-kartel-lehiaketa-2013\/","og_site_name":"Berako Agenda","article_published_time":"2013-04-30T10:02:51+00:00","article_modified_time":"2013-05-28T09:09:27+00:00","twitter_card":"summary_large_image","twitter_misc":{"Escrito por":"","Tiempo de lectura":"4 minutos"},"schema":{"@context":"https:\/\/schema.org","@graph":[{"@type":"Article","@id":"http:\/\/www.berakoagenda.eus\/es\/berako-bestetako-kartel-lehiaketa-2013\/#article","isPartOf":{"@id":"http:\/\/www.berakoagenda.eus\/es\/berako-bestetako-kartel-lehiaketa-2013\/"},"author":{"name":"","@id":""},"headline":"Concurso de Carteles de Fiestas de Bera 2013","datePublished":"2013-04-30T10:02:51+00:00","dateModified":"2013-05-28T09:09:27+00:00","mainEntityOfPage":{"@id":"http:\/\/www.berakoagenda.eus\/es\/berako-bestetako-kartel-lehiaketa-2013\/"},"wordCount":765,"commentCount":0,"articleSection":["Noticias"],"inLanguage":"es"},{"@type":"WebPage","@id":"http:\/\/www.berakoagenda.eus\/es\/berako-bestetako-kartel-lehiaketa-2013\/","url":"http:\/\/www.berakoagenda.eus\/es\/berako-bestetako-kartel-lehiaketa-2013\/","name":"Berako Bestetako Kartel Lehiaketa 2013Concurso de Carteles de Fiestas de Bera 2013 - Berako Agenda","isPartOf":{"@id":"http:\/\/www.berakoagenda.eus\/es\/#website"},"datePublished":"2013-04-30T10:02:51+00:00","dateModified":"2013-05-28T09:09:27+00:00","author":{"@id":""},"breadcrumb":{"@id":"http:\/\/www.berakoagenda.eus\/es\/berako-bestetako-kartel-lehiaketa-2013\/#breadcrumb"},"inLanguage":"es","potentialAction":[{"@type":"ReadAction","target":[["http:\/\/www.berakoagenda.eus\/es\/berako-bestetako-kartel-lehiaketa-2013\/"]]}]},{"@type":"BreadcrumbList","@id":"http:\/\/www.berakoagenda.eus\/es\/berako-bestetako-kartel-lehiaketa-2013\/#breadcrumb","itemListElement":[{"@type":"ListItem","position":1,"name":"Portada","item":"http:\/\/www.berakoagenda.eus\/es\/"},{"@type":"ListItem","position":2,"name":"Concurso de Carteles de Fiestas de Bera 2013"}]},{"@type":"WebSite","@id":"http:\/\/www.berakoagenda.eus\/es\/#website","url":"http:\/\/www.berakoagenda.eus\/es\/","name":"Berako Agenda","description":"","potentialAction":[{"@type":"SearchAction","target":{"@type":"EntryPoint","urlTemplate":"http:\/\/www.berakoagenda.eus\/es\/?s={search_term_string}"},"query-input":{"@type":"PropertyValueSpecification","valueRequired":true,"valueName":"search_term_string"}}],"inLanguage":"es"},{"@type":"Person","@id":"","url":"http:\/\/www.berakoagenda.eus\/es\/author\/"}]}},"_links":{"self":[{"href":"http:\/\/www.berakoagenda.eus\/es\/wp-json\/wp\/v2\/posts\/747","targetHints":{"allow":["GET"]}}],"collection":[{"href":"http:\/\/www.berakoagenda.eus\/es\/wp-json\/wp\/v2\/posts"}],"about":[{"href":"http:\/\/www.berakoagenda.eus\/es\/wp-json\/wp\/v2\/types\/post"}],"author":[{"embeddable":true,"href":"http:\/\/www.berakoagenda.eus\/es\/wp-json\/wp\/v2\/users\/82"}],"replies":[{"embeddable":true,"href":"http:\/\/www.berakoagenda.eus\/es\/wp-json\/wp\/v2\/comments?post=747"}],"version-history":[{"count":0,"href":"http:\/\/www.berakoagenda.eus\/es\/wp-json\/wp\/v2\/posts\/747\/revisions"}],"wp:attachment":[{"href":"http:\/\/www.berakoagenda.eus\/es\/wp-json\/wp\/v2\/media?parent=747"}],"wp:term":[{"taxonomy":"category","embeddable":true,"href":"http:\/\/www.berakoagenda.eus\/es\/wp-json\/wp\/v2\/categories?post=747"},{"taxonomy":"post_tag","embeddable":true,"href":"http:\/\/www.berakoagenda.eus\/es\/wp-json\/wp\/v2\/tags?post=747"}],"curies":[{"name":"wp","href":"https:\/\/api.w.org\/{rel}","templated":true}]}}