{"id":805,"date":"2013-10-31T11:17:24","date_gmt":"2013-10-31T10:17:24","guid":{"rendered":"http:\/\/www.berakoagenda.net\/?p=805"},"modified":"2013-10-31T11:17:24","modified_gmt":"2013-10-31T10:17:24","slug":"xv-berako-kafe-antzerki-zikloa-2013","status":"publish","type":"post","link":"http:\/\/www.berakoagenda.eus\/es\/xv-berako-kafe-antzerki-zikloa-2013\/","title":{"rendered":"XV. BERAKO KAFE-ANTZERKI ZIKLOA 2013"},"content":{"rendered":"<p><a href=\"http:\/\/www.berakoagenda.net\/wp-content\/uploads\/sites\/132\/2013\/09\/kafeantzerkizikloa1.jpg\"><img loading=\"lazy\" decoding=\"async\" class=\"aligncenter  wp-image-807\" title=\"kafeantzerkizikloa\" alt=\"\" src=\"http:\/\/www.berakoagenda.net\/wp-content\/uploads\/sites\/132\/2013\/09\/kafeantzerkizikloa1.jpg\" width=\"285\" height=\"429\" \/><\/a><\/p>\n<p><strong>Viernes, 1 de noviembre<\/strong><\/p>\n<p>22:00<\/p>\n<p>IKUILU Ostatua<\/p>\n<p><strong><em>\u00abEuskararen espektakulue\u00bb<\/em> (Oihan Vega)<\/strong><\/p>\n<p>\u00bfQui\u00e9n sabe insultar en euskera? En la v\u00eda diaria \u00bfpor qu\u00e9 tendemos tanto a utilizar el castellano? Con este divertido e ir\u00f3nico mon\u00f3logo y a trav\u00e9s del humor y el sarcasmo Oihan Vega nos invita a realizar una reflexi\u00f3n sobre el uso del euskera, ayudado de m\u00fasica, canciones y del cine.<\/p>\n<p><strong>Viernes, 8 de noviembre<\/strong><\/p>\n<p>22:00<\/p>\n<p>Lixoia Ostatua<\/p>\n<p><strong><em>\u00abBalitzen hioa\u00bb<\/em> (Begiradak Taldea)<\/strong><\/p>\n<p>Para crear este espect\u00e1culo, se les hizo una propuesta a cuatro bertsolaris; se les solicit\u00f3 que realizaran varios textos sobre unas palabras y, despu\u00e9s, esos textos se han tejido como si fueran hilo. Para este espect\u00e1culo se han utilizado como eje las reflexiones y comentarios\u00a0 sobre la palabra de las utilizadas por Ainhoa Agirreazabaldegi, Andoni Ega\u00f1a, Maialen Lujanbio y Uxue Alberdi.<\/p>\n<p><strong>S\u00e1bado, 6 de noviembre<\/strong><\/p>\n<p>22:00<\/p>\n<p>Casa de Cultura de Bera<\/p>\n<p><strong><em>\u00abLingua Nabajorum\u00bb<\/em> (Tartean Teatroa)<\/strong><\/p>\n<p>Seg\u00fan los autores, l@s vasc@s siempre se han estado peleando entre ell@s y con los de fuera. Seg\u00fan parece, esas peleas han creado y desarrollado el euskera. A cada conflicto le corresponde un cambio en el euskera. Seg\u00fan eso, el desarrollo del euskera no se detendr\u00e1 nunca, puesto que de alguna manera u otra siempre habr\u00e1 conflictos.<\/p>\n<p><strong>Entrada<\/strong>: 7 \u20ac<\/p>","protected":false},"excerpt":{"rendered":"<p>Viernes, 1 de noviembre 22:00 IKUILU Ostatua \u00abEuskararen espektakulue\u00bb (Oihan Vega) \u00bfQui\u00e9n sabe insultar en euskera? En la v\u00eda diaria \u00bfpor qu\u00e9 tendemos tanto a utilizar el castellano? Con este divertido e ir\u00f3nico mon\u00f3logo y a trav\u00e9s del humor y&hellip; <\/p>\n","protected":false},"author":82,"featured_media":0,"comment_status":"open","ping_status":"open","sticky":false,"template":"","format":"standard","meta":{"_monsterinsights_skip_tracking":false,"_monsterinsights_sitenote_active":false,"_monsterinsights_sitenote_note":"","_monsterinsights_sitenote_category":0,"footnotes":""},"categories":[12],"tags":[],"class_list":["post-805","post","type-post","status-publish","format-standard","hentry","category-albisteak"],"yoast_head":"<!-- This site is optimized with the Yoast SEO plugin v26.8 - https:\/\/yoast.com\/product\/yoast-seo-wordpress\/ -->\r\n<title>XV. BERAKO KAFE-ANTZERKI ZIKLOA 2013XV. BERAKO KAFE-ANTZERKI ZIKLOA 2013 - Berako Agenda<\/title>\r\n<meta name=\"robots\" content=\"index, follow, max-snippet:-1, max-image-preview:large, max-video-preview:-1\" \/>\r\n<link rel=\"canonical\" href=\"http:\/\/www.berakoagenda.eus\/es\/xv-berako-kafe-antzerki-zikloa-2013\/\" \/>\r\n<meta property=\"og:locale\" content=\"es_ES\" \/>\r\n<meta property=\"og:type\" content=\"article\" \/>\r\n<meta property=\"og:title\" content=\"XV. BERAKO KAFE-ANTZERKI ZIKLOA 2013XV. BERAKO KAFE-ANTZERKI ZIKLOA 2013 - Berako Agenda\" \/>\r\n<meta property=\"og:description\" content=\"Viernes, 1 de noviembre 22:00 IKUILU Ostatua \u00abEuskararen espektakulue\u00bb (Oihan Vega) \u00bfQui\u00e9n sabe insultar en euskera? En la v\u00eda diaria \u00bfpor qu\u00e9 tendemos tanto a utilizar el castellano? Con este divertido e ir\u00f3nico mon\u00f3logo y a trav\u00e9s del humor y&hellip;\" \/>\r\n<meta property=\"og:url\" content=\"http:\/\/www.berakoagenda.eus\/es\/xv-berako-kafe-antzerki-zikloa-2013\/\" \/>\r\n<meta property=\"og:site_name\" content=\"Berako Agenda\" \/>\r\n<meta property=\"article:published_time\" content=\"2013-10-31T10:17:24+00:00\" \/>\r\n<meta property=\"og:image\" content=\"http:\/\/www.berakoagenda.net\/wp-content\/uploads\/sites\/132\/2013\/09\/kafeantzerkizikloa1.jpg\" \/>\r\n<meta name=\"twitter:card\" content=\"summary_large_image\" \/>\r\n<meta name=\"twitter:label1\" content=\"Escrito por\" \/>\n\t<meta name=\"twitter:data1\" content=\"\" \/>\n\t<meta name=\"twitter:label2\" content=\"Tiempo de lectura\" \/>\n\t<meta name=\"twitter:data2\" content=\"2 minutos\" \/>\r\n<script type=\"application\/ld+json\" class=\"yoast-schema-graph\">{\"@context\":\"https:\/\/schema.org\",\"@graph\":[{\"@type\":\"Article\",\"@id\":\"http:\/\/www.berakoagenda.eus\/es\/xv-berako-kafe-antzerki-zikloa-2013\/#article\",\"isPartOf\":{\"@id\":\"http:\/\/www.berakoagenda.eus\/es\/xv-berako-kafe-antzerki-zikloa-2013\/\"},\"author\":{\"name\":\"\",\"@id\":\"\"},\"headline\":\"XV. BERAKO KAFE-ANTZERKI ZIKLOA 2013\",\"datePublished\":\"2013-10-31T10:17:24+00:00\",\"mainEntityOfPage\":{\"@id\":\"http:\/\/www.berakoagenda.eus\/es\/xv-berako-kafe-antzerki-zikloa-2013\/\"},\"wordCount\":380,\"commentCount\":0,\"image\":{\"@id\":\"http:\/\/www.berakoagenda.eus\/es\/xv-berako-kafe-antzerki-zikloa-2013\/#primaryimage\"},\"thumbnailUrl\":\"http:\/\/www.berakoagenda.net\/wp-content\/uploads\/sites\/132\/2013\/09\/kafeantzerkizikloa1.jpg\",\"articleSection\":[\"Noticias\"],\"inLanguage\":\"es\"},{\"@type\":\"WebPage\",\"@id\":\"http:\/\/www.berakoagenda.eus\/es\/xv-berako-kafe-antzerki-zikloa-2013\/\",\"url\":\"http:\/\/www.berakoagenda.eus\/es\/xv-berako-kafe-antzerki-zikloa-2013\/\",\"name\":\"XV. BERAKO KAFE-ANTZERKI ZIKLOA 2013XV. BERAKO KAFE-ANTZERKI ZIKLOA 2013 - Berako Agenda\",\"isPartOf\":{\"@id\":\"http:\/\/www.berakoagenda.eus\/es\/#website\"},\"primaryImageOfPage\":{\"@id\":\"http:\/\/www.berakoagenda.eus\/es\/xv-berako-kafe-antzerki-zikloa-2013\/#primaryimage\"},\"image\":{\"@id\":\"http:\/\/www.berakoagenda.eus\/es\/xv-berako-kafe-antzerki-zikloa-2013\/#primaryimage\"},\"thumbnailUrl\":\"http:\/\/www.berakoagenda.net\/wp-content\/uploads\/sites\/132\/2013\/09\/kafeantzerkizikloa1.jpg\",\"datePublished\":\"2013-10-31T10:17:24+00:00\",\"author\":{\"@id\":\"\"},\"breadcrumb\":{\"@id\":\"http:\/\/www.berakoagenda.eus\/es\/xv-berako-kafe-antzerki-zikloa-2013\/#breadcrumb\"},\"inLanguage\":\"es\",\"potentialAction\":[{\"@type\":\"ReadAction\",\"target\":[[\"http:\/\/www.berakoagenda.eus\/es\/xv-berako-kafe-antzerki-zikloa-2013\/\"]]}]},{\"@type\":\"ImageObject\",\"inLanguage\":\"es\",\"@id\":\"http:\/\/www.berakoagenda.eus\/es\/xv-berako-kafe-antzerki-zikloa-2013\/#primaryimage\",\"url\":\"http:\/\/www.berakoagenda.net\/wp-content\/uploads\/sites\/132\/2013\/09\/kafeantzerkizikloa1.jpg\",\"contentUrl\":\"http:\/\/www.berakoagenda.net\/wp-content\/uploads\/sites\/132\/2013\/09\/kafeantzerkizikloa1.jpg\"},{\"@type\":\"BreadcrumbList\",\"@id\":\"http:\/\/www.berakoagenda.eus\/es\/xv-berako-kafe-antzerki-zikloa-2013\/#breadcrumb\",\"itemListElement\":[{\"@type\":\"ListItem\",\"position\":1,\"name\":\"Portada\",\"item\":\"http:\/\/www.berakoagenda.eus\/es\/\"},{\"@type\":\"ListItem\",\"position\":2,\"name\":\"XV. BERAKO KAFE-ANTZERKI ZIKLOA 2013\"}]},{\"@type\":\"WebSite\",\"@id\":\"http:\/\/www.berakoagenda.eus\/es\/#website\",\"url\":\"http:\/\/www.berakoagenda.eus\/es\/\",\"name\":\"Berako Agenda\",\"description\":\"\",\"potentialAction\":[{\"@type\":\"SearchAction\",\"target\":{\"@type\":\"EntryPoint\",\"urlTemplate\":\"http:\/\/www.berakoagenda.eus\/es\/?s={search_term_string}\"},\"query-input\":{\"@type\":\"PropertyValueSpecification\",\"valueRequired\":true,\"valueName\":\"search_term_string\"}}],\"inLanguage\":\"es\"},{\"@type\":\"Person\",\"@id\":\"\",\"url\":\"http:\/\/www.berakoagenda.eus\/es\/author\/\"}]}<\/script>\r\n<!-- \/ Yoast SEO plugin. -->","yoast_head_json":{"title":"XV. BERAKO KAFE-ANTZERKI ZIKLOA 2013XV. BERAKO KAFE-ANTZERKI ZIKLOA 2013 - Berako Agenda","robots":{"index":"index","follow":"follow","max-snippet":"max-snippet:-1","max-image-preview":"max-image-preview:large","max-video-preview":"max-video-preview:-1"},"canonical":"http:\/\/www.berakoagenda.eus\/es\/xv-berako-kafe-antzerki-zikloa-2013\/","og_locale":"es_ES","og_type":"article","og_title":"XV. BERAKO KAFE-ANTZERKI ZIKLOA 2013XV. BERAKO KAFE-ANTZERKI ZIKLOA 2013 - Berako Agenda","og_description":"Viernes, 1 de noviembre 22:00 IKUILU Ostatua \u00abEuskararen espektakulue\u00bb (Oihan Vega) \u00bfQui\u00e9n sabe insultar en euskera? En la v\u00eda diaria \u00bfpor qu\u00e9 tendemos tanto a utilizar el castellano? Con este divertido e ir\u00f3nico mon\u00f3logo y a trav\u00e9s del humor y&hellip;","og_url":"http:\/\/www.berakoagenda.eus\/es\/xv-berako-kafe-antzerki-zikloa-2013\/","og_site_name":"Berako Agenda","article_published_time":"2013-10-31T10:17:24+00:00","og_image":[{"url":"http:\/\/www.berakoagenda.net\/wp-content\/uploads\/sites\/132\/2013\/09\/kafeantzerkizikloa1.jpg","type":"","width":"","height":""}],"twitter_card":"summary_large_image","twitter_misc":{"Escrito por":"","Tiempo de lectura":"2 minutos"},"schema":{"@context":"https:\/\/schema.org","@graph":[{"@type":"Article","@id":"http:\/\/www.berakoagenda.eus\/es\/xv-berako-kafe-antzerki-zikloa-2013\/#article","isPartOf":{"@id":"http:\/\/www.berakoagenda.eus\/es\/xv-berako-kafe-antzerki-zikloa-2013\/"},"author":{"name":"","@id":""},"headline":"XV. BERAKO KAFE-ANTZERKI ZIKLOA 2013","datePublished":"2013-10-31T10:17:24+00:00","mainEntityOfPage":{"@id":"http:\/\/www.berakoagenda.eus\/es\/xv-berako-kafe-antzerki-zikloa-2013\/"},"wordCount":380,"commentCount":0,"image":{"@id":"http:\/\/www.berakoagenda.eus\/es\/xv-berako-kafe-antzerki-zikloa-2013\/#primaryimage"},"thumbnailUrl":"http:\/\/www.berakoagenda.net\/wp-content\/uploads\/sites\/132\/2013\/09\/kafeantzerkizikloa1.jpg","articleSection":["Noticias"],"inLanguage":"es"},{"@type":"WebPage","@id":"http:\/\/www.berakoagenda.eus\/es\/xv-berako-kafe-antzerki-zikloa-2013\/","url":"http:\/\/www.berakoagenda.eus\/es\/xv-berako-kafe-antzerki-zikloa-2013\/","name":"XV. BERAKO KAFE-ANTZERKI ZIKLOA 2013XV. BERAKO KAFE-ANTZERKI ZIKLOA 2013 - Berako Agenda","isPartOf":{"@id":"http:\/\/www.berakoagenda.eus\/es\/#website"},"primaryImageOfPage":{"@id":"http:\/\/www.berakoagenda.eus\/es\/xv-berako-kafe-antzerki-zikloa-2013\/#primaryimage"},"image":{"@id":"http:\/\/www.berakoagenda.eus\/es\/xv-berako-kafe-antzerki-zikloa-2013\/#primaryimage"},"thumbnailUrl":"http:\/\/www.berakoagenda.net\/wp-content\/uploads\/sites\/132\/2013\/09\/kafeantzerkizikloa1.jpg","datePublished":"2013-10-31T10:17:24+00:00","author":{"@id":""},"breadcrumb":{"@id":"http:\/\/www.berakoagenda.eus\/es\/xv-berako-kafe-antzerki-zikloa-2013\/#breadcrumb"},"inLanguage":"es","potentialAction":[{"@type":"ReadAction","target":[["http:\/\/www.berakoagenda.eus\/es\/xv-berako-kafe-antzerki-zikloa-2013\/"]]}]},{"@type":"ImageObject","inLanguage":"es","@id":"http:\/\/www.berakoagenda.eus\/es\/xv-berako-kafe-antzerki-zikloa-2013\/#primaryimage","url":"http:\/\/www.berakoagenda.net\/wp-content\/uploads\/sites\/132\/2013\/09\/kafeantzerkizikloa1.jpg","contentUrl":"http:\/\/www.berakoagenda.net\/wp-content\/uploads\/sites\/132\/2013\/09\/kafeantzerkizikloa1.jpg"},{"@type":"BreadcrumbList","@id":"http:\/\/www.berakoagenda.eus\/es\/xv-berako-kafe-antzerki-zikloa-2013\/#breadcrumb","itemListElement":[{"@type":"ListItem","position":1,"name":"Portada","item":"http:\/\/www.berakoagenda.eus\/es\/"},{"@type":"ListItem","position":2,"name":"XV. BERAKO KAFE-ANTZERKI ZIKLOA 2013"}]},{"@type":"WebSite","@id":"http:\/\/www.berakoagenda.eus\/es\/#website","url":"http:\/\/www.berakoagenda.eus\/es\/","name":"Berako Agenda","description":"","potentialAction":[{"@type":"SearchAction","target":{"@type":"EntryPoint","urlTemplate":"http:\/\/www.berakoagenda.eus\/es\/?s={search_term_string}"},"query-input":{"@type":"PropertyValueSpecification","valueRequired":true,"valueName":"search_term_string"}}],"inLanguage":"es"},{"@type":"Person","@id":"","url":"http:\/\/www.berakoagenda.eus\/es\/author\/"}]}},"_links":{"self":[{"href":"http:\/\/www.berakoagenda.eus\/es\/wp-json\/wp\/v2\/posts\/805","targetHints":{"allow":["GET"]}}],"collection":[{"href":"http:\/\/www.berakoagenda.eus\/es\/wp-json\/wp\/v2\/posts"}],"about":[{"href":"http:\/\/www.berakoagenda.eus\/es\/wp-json\/wp\/v2\/types\/post"}],"author":[{"embeddable":true,"href":"http:\/\/www.berakoagenda.eus\/es\/wp-json\/wp\/v2\/users\/82"}],"replies":[{"embeddable":true,"href":"http:\/\/www.berakoagenda.eus\/es\/wp-json\/wp\/v2\/comments?post=805"}],"version-history":[{"count":0,"href":"http:\/\/www.berakoagenda.eus\/es\/wp-json\/wp\/v2\/posts\/805\/revisions"}],"wp:attachment":[{"href":"http:\/\/www.berakoagenda.eus\/es\/wp-json\/wp\/v2\/media?parent=805"}],"wp:term":[{"taxonomy":"category","embeddable":true,"href":"http:\/\/www.berakoagenda.eus\/es\/wp-json\/wp\/v2\/categories?post=805"},{"taxonomy":"post_tag","embeddable":true,"href":"http:\/\/www.berakoagenda.eus\/es\/wp-json\/wp\/v2\/tags?post=805"}],"curies":[{"name":"wp","href":"https:\/\/api.w.org\/{rel}","templated":true}]}}