{"id":874,"date":"2014-01-30T17:21:55","date_gmt":"2014-01-30T16:21:55","guid":{"rendered":"http:\/\/www.berakoagenda.net\/?p=874"},"modified":"2014-02-04T15:28:08","modified_gmt":"2014-02-04T14:28:08","slug":"kontzertua-jabier-muguruza","status":"publish","type":"post","link":"http:\/\/www.berakoagenda.eus\/es\/kontzertua-jabier-muguruza\/","title":{"rendered":"CONCIERTO: Jabier Muguruza"},"content":{"rendered":"<p><strong><a href=\"http:\/\/www.berakoagenda.net\/wp-content\/uploads\/sites\/132\/2014\/01\/jabiermuguruza01.jpg\"><img loading=\"lazy\" decoding=\"async\" class=\"aligncenter size-medium wp-image-875\" alt=\"jabiermuguruza01\" src=\"http:\/\/www.berakoagenda.net\/wp-content\/uploads\/sites\/132\/2014\/01\/jabiermuguruza01-300x199.jpg\" width=\"300\" height=\"199\" srcset=\"http:\/\/www.berakoagenda.eus\/wp-content\/uploads\/sites\/132\/2014\/01\/jabiermuguruza01-300x199.jpg 300w, http:\/\/www.berakoagenda.eus\/wp-content\/uploads\/sites\/132\/2014\/01\/jabiermuguruza01.jpg 400w\" sizes=\"auto, (max-width: 300px) 100vw, 300px\" \/><\/a>D\u00eda<\/strong>: s\u00e1bado, 15 de febrero<br \/>\n<strong>Lugar<\/strong>: Casa de Cultura de Bera<br \/>\n<strong>Hora<\/strong>: 22:00<br \/>\n<strong>Entrada<\/strong>: 7 \u20ac<br \/>\n<strong>M\u00e1s informaci\u00f3n<\/strong>: <a title=\"Jabier Muguruzaren web orria\" href=\"http:\/\/www.jabiermuguruza.net\">www.jabiermuguruza.net<\/a><br \/>\n<strong>Organizador<\/strong>: Comisi\u00f3n de Cultura de Bera<br \/>\n<strong>Colaborador<\/strong>: Red de Teatros de Navarra<\/p>\n<p><em><strong>Beste Hogei<\/strong> <\/em>(Otros Veinte)<\/p>\n<p>En octubre sali\u00f3 a la calle \u00abBeste Hogei\u00bb, el n\u00famero disco de Jabier Muguruza, el que hace el n\u00famero 12 de su carrera como cantautor, cuando se cumplen 20 a\u00f1os desde que la inici\u00f3.<\/p>\n<p>Aunque la alusi\u00f3n al aniversario es obligada, Jabier no nos ofrece un disco recopilatorio de viejas canciones. En su caso, no hay billete para la nostalgia. Ha optado por ofrecernos otros 10 nuevos temas, como en una clara declaraci\u00f3n de intenciones, declaraci\u00f3n de seguir adelante, de seguir trabajando en la canci\u00f3n de autor.<\/p>\n<p>No es casual que el t\u00edtulo sea <em>\u00abBeste hogei\u00bb<\/em> (otros veinte) en clara alusi\u00f3n -en tiempos tan complicados para la m\u00fasica y la cultura-, a la voluntad de continuar, sin cejar en la lucha por publicar canciones y defenderlas en directo.<\/p>\n<p>Tras la importante repercusi\u00f3n del disco anterior (m\u00e1s de 40 conciertos en el Pa\u00eds Vasco y fuera de \u00e9l, llegando a Polonia,\u00a0 EEUU, Marruecos, Francia&#8230;), Muguruza nos ofrece una obra en la l\u00ednea de aquel \u00abBikote bat\u00bb:\u00a0 por un lado, textos intimistas, escritos por los colaboradores habituales, y por otro, sus composiciones personales&#8230; y el piano de Mikel Azpiroz, arropando las melod\u00edas de Jabier.<\/p>\n<p>No podr\u00eda faltar la voz de Mireia Otzerinjauregi, habitual en todos los discos del cantautor publicados los \u00faltimos a\u00f1os.<\/p>\n<p>Y adem\u00e1s, unalista de colaboradores de lujo, como queriendo aportar al aniversario un aire especial de celebraci\u00f3n: la cantante gallega Uxia, Gorka Benitez al saxo, Joseba Tapia a la trikitixa, Chris Case a la trompeta, Xabier Zeberio al viol\u00edn&#8230;<\/p>\n<p>En este veinte aniversario Jabier Muguruza nos ofrece a todos y todas un regalo elegante y hermoso. <em>\u00abBeste hogei\u00bb<\/em>.<\/p>","protected":false},"excerpt":{"rendered":"<p>D\u00eda: s\u00e1bado, 15 de febrero Lugar: Casa de Cultura de Bera Hora: 22:00 Entrada: 7 \u20ac M\u00e1s informaci\u00f3n: www.jabiermuguruza.net Organizador: Comisi\u00f3n de Cultura de Bera Colaborador: Red de Teatros de Navarra Beste Hogei (Otros Veinte) En octubre sali\u00f3 a la&hellip; <\/p>\n","protected":false},"author":82,"featured_media":0,"comment_status":"open","ping_status":"open","sticky":false,"template":"","format":"standard","meta":{"_monsterinsights_skip_tracking":false,"_monsterinsights_sitenote_active":false,"_monsterinsights_sitenote_note":"","_monsterinsights_sitenote_category":0,"footnotes":""},"categories":[12],"tags":[],"class_list":["post-874","post","type-post","status-publish","format-standard","hentry","category-albisteak"],"yoast_head":"<!-- This site is optimized with the Yoast SEO plugin v26.8 - https:\/\/yoast.com\/product\/yoast-seo-wordpress\/ -->\r\n<title>KONTZERTUA: Jabier MuguruzaCONCIERTO: Jabier Muguruza - Berako Agenda<\/title>\r\n<meta name=\"robots\" content=\"index, follow, max-snippet:-1, max-image-preview:large, max-video-preview:-1\" \/>\r\n<link rel=\"canonical\" href=\"http:\/\/www.berakoagenda.eus\/es\/kontzertua-jabier-muguruza\/\" \/>\r\n<meta property=\"og:locale\" content=\"es_ES\" \/>\r\n<meta property=\"og:type\" content=\"article\" \/>\r\n<meta property=\"og:title\" content=\"KONTZERTUA: Jabier MuguruzaCONCIERTO: Jabier Muguruza - Berako Agenda\" \/>\r\n<meta property=\"og:description\" content=\"D\u00eda: s\u00e1bado, 15 de febrero Lugar: Casa de Cultura de Bera Hora: 22:00 Entrada: 7 \u20ac M\u00e1s informaci\u00f3n: www.jabiermuguruza.net Organizador: Comisi\u00f3n de Cultura de Bera Colaborador: Red de Teatros de Navarra Beste Hogei (Otros Veinte) En octubre sali\u00f3 a la&hellip;\" \/>\r\n<meta property=\"og:url\" content=\"http:\/\/www.berakoagenda.eus\/es\/kontzertua-jabier-muguruza\/\" \/>\r\n<meta property=\"og:site_name\" content=\"Berako Agenda\" \/>\r\n<meta property=\"article:published_time\" content=\"2014-01-30T16:21:55+00:00\" \/>\r\n<meta property=\"article:modified_time\" content=\"2014-02-04T14:28:08+00:00\" \/>\r\n<meta property=\"og:image\" content=\"http:\/\/www.berakoagenda.net\/wp-content\/uploads\/sites\/132\/2014\/01\/jabiermuguruza01-300x199.jpg\" \/>\r\n<meta name=\"twitter:card\" content=\"summary_large_image\" \/>\r\n<meta name=\"twitter:label1\" content=\"Escrito por\" \/>\n\t<meta name=\"twitter:data1\" content=\"\" \/>\n\t<meta name=\"twitter:label2\" content=\"Tiempo de lectura\" \/>\n\t<meta name=\"twitter:data2\" content=\"3 minutos\" \/>\r\n<script type=\"application\/ld+json\" class=\"yoast-schema-graph\">{\"@context\":\"https:\/\/schema.org\",\"@graph\":[{\"@type\":\"Article\",\"@id\":\"http:\/\/www.berakoagenda.eus\/es\/kontzertua-jabier-muguruza\/#article\",\"isPartOf\":{\"@id\":\"http:\/\/www.berakoagenda.eus\/es\/kontzertua-jabier-muguruza\/\"},\"author\":{\"name\":\"\",\"@id\":\"\"},\"headline\":\"CONCIERTO: Jabier Muguruza\",\"datePublished\":\"2014-01-30T16:21:55+00:00\",\"dateModified\":\"2014-02-04T14:28:08+00:00\",\"mainEntityOfPage\":{\"@id\":\"http:\/\/www.berakoagenda.eus\/es\/kontzertua-jabier-muguruza\/\"},\"wordCount\":549,\"commentCount\":0,\"image\":{\"@id\":\"http:\/\/www.berakoagenda.eus\/es\/kontzertua-jabier-muguruza\/#primaryimage\"},\"thumbnailUrl\":\"http:\/\/www.berakoagenda.net\/wp-content\/uploads\/sites\/132\/2014\/01\/jabiermuguruza01-300x199.jpg\",\"articleSection\":[\"Noticias\"],\"inLanguage\":\"es\"},{\"@type\":\"WebPage\",\"@id\":\"http:\/\/www.berakoagenda.eus\/es\/kontzertua-jabier-muguruza\/\",\"url\":\"http:\/\/www.berakoagenda.eus\/es\/kontzertua-jabier-muguruza\/\",\"name\":\"KONTZERTUA: Jabier MuguruzaCONCIERTO: Jabier Muguruza - Berako Agenda\",\"isPartOf\":{\"@id\":\"http:\/\/www.berakoagenda.eus\/es\/#website\"},\"primaryImageOfPage\":{\"@id\":\"http:\/\/www.berakoagenda.eus\/es\/kontzertua-jabier-muguruza\/#primaryimage\"},\"image\":{\"@id\":\"http:\/\/www.berakoagenda.eus\/es\/kontzertua-jabier-muguruza\/#primaryimage\"},\"thumbnailUrl\":\"http:\/\/www.berakoagenda.net\/wp-content\/uploads\/sites\/132\/2014\/01\/jabiermuguruza01-300x199.jpg\",\"datePublished\":\"2014-01-30T16:21:55+00:00\",\"dateModified\":\"2014-02-04T14:28:08+00:00\",\"author\":{\"@id\":\"\"},\"breadcrumb\":{\"@id\":\"http:\/\/www.berakoagenda.eus\/es\/kontzertua-jabier-muguruza\/#breadcrumb\"},\"inLanguage\":\"es\",\"potentialAction\":[{\"@type\":\"ReadAction\",\"target\":[[\"http:\/\/www.berakoagenda.eus\/es\/kontzertua-jabier-muguruza\/\"]]}]},{\"@type\":\"ImageObject\",\"inLanguage\":\"es\",\"@id\":\"http:\/\/www.berakoagenda.eus\/es\/kontzertua-jabier-muguruza\/#primaryimage\",\"url\":\"http:\/\/www.berakoagenda.net\/wp-content\/uploads\/sites\/132\/2014\/01\/jabiermuguruza01-300x199.jpg\",\"contentUrl\":\"http:\/\/www.berakoagenda.net\/wp-content\/uploads\/sites\/132\/2014\/01\/jabiermuguruza01-300x199.jpg\"},{\"@type\":\"BreadcrumbList\",\"@id\":\"http:\/\/www.berakoagenda.eus\/es\/kontzertua-jabier-muguruza\/#breadcrumb\",\"itemListElement\":[{\"@type\":\"ListItem\",\"position\":1,\"name\":\"Portada\",\"item\":\"http:\/\/www.berakoagenda.eus\/es\/\"},{\"@type\":\"ListItem\",\"position\":2,\"name\":\"CONCIERTO: Jabier Muguruza\"}]},{\"@type\":\"WebSite\",\"@id\":\"http:\/\/www.berakoagenda.eus\/es\/#website\",\"url\":\"http:\/\/www.berakoagenda.eus\/es\/\",\"name\":\"Berako Agenda\",\"description\":\"\",\"potentialAction\":[{\"@type\":\"SearchAction\",\"target\":{\"@type\":\"EntryPoint\",\"urlTemplate\":\"http:\/\/www.berakoagenda.eus\/es\/?s={search_term_string}\"},\"query-input\":{\"@type\":\"PropertyValueSpecification\",\"valueRequired\":true,\"valueName\":\"search_term_string\"}}],\"inLanguage\":\"es\"},{\"@type\":\"Person\",\"@id\":\"\",\"url\":\"http:\/\/www.berakoagenda.eus\/es\/author\/\"}]}<\/script>\r\n<!-- \/ Yoast SEO plugin. -->","yoast_head_json":{"title":"KONTZERTUA: Jabier MuguruzaCONCIERTO: Jabier Muguruza - Berako Agenda","robots":{"index":"index","follow":"follow","max-snippet":"max-snippet:-1","max-image-preview":"max-image-preview:large","max-video-preview":"max-video-preview:-1"},"canonical":"http:\/\/www.berakoagenda.eus\/es\/kontzertua-jabier-muguruza\/","og_locale":"es_ES","og_type":"article","og_title":"KONTZERTUA: Jabier MuguruzaCONCIERTO: Jabier Muguruza - Berako Agenda","og_description":"D\u00eda: s\u00e1bado, 15 de febrero Lugar: Casa de Cultura de Bera Hora: 22:00 Entrada: 7 \u20ac M\u00e1s informaci\u00f3n: www.jabiermuguruza.net Organizador: Comisi\u00f3n de Cultura de Bera Colaborador: Red de Teatros de Navarra Beste Hogei (Otros Veinte) En octubre sali\u00f3 a la&hellip;","og_url":"http:\/\/www.berakoagenda.eus\/es\/kontzertua-jabier-muguruza\/","og_site_name":"Berako Agenda","article_published_time":"2014-01-30T16:21:55+00:00","article_modified_time":"2014-02-04T14:28:08+00:00","og_image":[{"url":"http:\/\/www.berakoagenda.net\/wp-content\/uploads\/sites\/132\/2014\/01\/jabiermuguruza01-300x199.jpg","type":"","width":"","height":""}],"twitter_card":"summary_large_image","twitter_misc":{"Escrito por":"","Tiempo de lectura":"3 minutos"},"schema":{"@context":"https:\/\/schema.org","@graph":[{"@type":"Article","@id":"http:\/\/www.berakoagenda.eus\/es\/kontzertua-jabier-muguruza\/#article","isPartOf":{"@id":"http:\/\/www.berakoagenda.eus\/es\/kontzertua-jabier-muguruza\/"},"author":{"name":"","@id":""},"headline":"CONCIERTO: Jabier Muguruza","datePublished":"2014-01-30T16:21:55+00:00","dateModified":"2014-02-04T14:28:08+00:00","mainEntityOfPage":{"@id":"http:\/\/www.berakoagenda.eus\/es\/kontzertua-jabier-muguruza\/"},"wordCount":549,"commentCount":0,"image":{"@id":"http:\/\/www.berakoagenda.eus\/es\/kontzertua-jabier-muguruza\/#primaryimage"},"thumbnailUrl":"http:\/\/www.berakoagenda.net\/wp-content\/uploads\/sites\/132\/2014\/01\/jabiermuguruza01-300x199.jpg","articleSection":["Noticias"],"inLanguage":"es"},{"@type":"WebPage","@id":"http:\/\/www.berakoagenda.eus\/es\/kontzertua-jabier-muguruza\/","url":"http:\/\/www.berakoagenda.eus\/es\/kontzertua-jabier-muguruza\/","name":"KONTZERTUA: Jabier MuguruzaCONCIERTO: Jabier Muguruza - Berako Agenda","isPartOf":{"@id":"http:\/\/www.berakoagenda.eus\/es\/#website"},"primaryImageOfPage":{"@id":"http:\/\/www.berakoagenda.eus\/es\/kontzertua-jabier-muguruza\/#primaryimage"},"image":{"@id":"http:\/\/www.berakoagenda.eus\/es\/kontzertua-jabier-muguruza\/#primaryimage"},"thumbnailUrl":"http:\/\/www.berakoagenda.net\/wp-content\/uploads\/sites\/132\/2014\/01\/jabiermuguruza01-300x199.jpg","datePublished":"2014-01-30T16:21:55+00:00","dateModified":"2014-02-04T14:28:08+00:00","author":{"@id":""},"breadcrumb":{"@id":"http:\/\/www.berakoagenda.eus\/es\/kontzertua-jabier-muguruza\/#breadcrumb"},"inLanguage":"es","potentialAction":[{"@type":"ReadAction","target":[["http:\/\/www.berakoagenda.eus\/es\/kontzertua-jabier-muguruza\/"]]}]},{"@type":"ImageObject","inLanguage":"es","@id":"http:\/\/www.berakoagenda.eus\/es\/kontzertua-jabier-muguruza\/#primaryimage","url":"http:\/\/www.berakoagenda.net\/wp-content\/uploads\/sites\/132\/2014\/01\/jabiermuguruza01-300x199.jpg","contentUrl":"http:\/\/www.berakoagenda.net\/wp-content\/uploads\/sites\/132\/2014\/01\/jabiermuguruza01-300x199.jpg"},{"@type":"BreadcrumbList","@id":"http:\/\/www.berakoagenda.eus\/es\/kontzertua-jabier-muguruza\/#breadcrumb","itemListElement":[{"@type":"ListItem","position":1,"name":"Portada","item":"http:\/\/www.berakoagenda.eus\/es\/"},{"@type":"ListItem","position":2,"name":"CONCIERTO: Jabier Muguruza"}]},{"@type":"WebSite","@id":"http:\/\/www.berakoagenda.eus\/es\/#website","url":"http:\/\/www.berakoagenda.eus\/es\/","name":"Berako Agenda","description":"","potentialAction":[{"@type":"SearchAction","target":{"@type":"EntryPoint","urlTemplate":"http:\/\/www.berakoagenda.eus\/es\/?s={search_term_string}"},"query-input":{"@type":"PropertyValueSpecification","valueRequired":true,"valueName":"search_term_string"}}],"inLanguage":"es"},{"@type":"Person","@id":"","url":"http:\/\/www.berakoagenda.eus\/es\/author\/"}]}},"_links":{"self":[{"href":"http:\/\/www.berakoagenda.eus\/es\/wp-json\/wp\/v2\/posts\/874","targetHints":{"allow":["GET"]}}],"collection":[{"href":"http:\/\/www.berakoagenda.eus\/es\/wp-json\/wp\/v2\/posts"}],"about":[{"href":"http:\/\/www.berakoagenda.eus\/es\/wp-json\/wp\/v2\/types\/post"}],"author":[{"embeddable":true,"href":"http:\/\/www.berakoagenda.eus\/es\/wp-json\/wp\/v2\/users\/82"}],"replies":[{"embeddable":true,"href":"http:\/\/www.berakoagenda.eus\/es\/wp-json\/wp\/v2\/comments?post=874"}],"version-history":[{"count":1,"href":"http:\/\/www.berakoagenda.eus\/es\/wp-json\/wp\/v2\/posts\/874\/revisions"}],"predecessor-version":[{"id":879,"href":"http:\/\/www.berakoagenda.eus\/es\/wp-json\/wp\/v2\/posts\/874\/revisions\/879"}],"wp:attachment":[{"href":"http:\/\/www.berakoagenda.eus\/es\/wp-json\/wp\/v2\/media?parent=874"}],"wp:term":[{"taxonomy":"category","embeddable":true,"href":"http:\/\/www.berakoagenda.eus\/es\/wp-json\/wp\/v2\/categories?post=874"},{"taxonomy":"post_tag","embeddable":true,"href":"http:\/\/www.berakoagenda.eus\/es\/wp-json\/wp\/v2\/tags?post=874"}],"curies":[{"name":"wp","href":"https:\/\/api.w.org\/{rel}","templated":true}]}}