{"id":883,"date":"2014-02-15T19:27:53","date_gmt":"2014-02-15T18:27:53","guid":{"rendered":"http:\/\/www.berakoagenda.net\/?p=883"},"modified":"2014-02-15T19:27:53","modified_gmt":"2014-02-15T18:27:53","slug":"julio-caro-barojaren-jaiotzaren-mendeurrena","status":"publish","type":"post","link":"http:\/\/www.berakoagenda.eus\/es\/julio-caro-barojaren-jaiotzaren-mendeurrena\/","title":{"rendered":"CENTENARIO DEL NACIMIENTO DE JULIO CARO BAROJA: REUNI\u00d3N ABIERTA"},"content":{"rendered":"<p><\/p>\n<p class=\"MsoNormal\"><strong>REUNI\u00d3N ABIERTA para la creaci\u00f3n de un GRUPO DE TRABAJO<\/strong> para organizar los actos conmemorativos del centenario<strong><em><\/em><\/strong><\/p>\n<p><a href=\"http:\/\/www.berakoagenda.net\/wp-content\/uploads\/sites\/132\/2014\/02\/juliocarobaroja.jpg\"><img loading=\"lazy\" decoding=\"async\" class=\"aligncenter size-medium wp-image-884\" alt=\"juliocarobaroja\" src=\"http:\/\/www.berakoagenda.net\/wp-content\/uploads\/sites\/132\/2014\/02\/juliocarobaroja-300x186.jpg\" width=\"300\" height=\"186\" srcset=\"http:\/\/www.berakoagenda.eus\/wp-content\/uploads\/sites\/132\/2014\/02\/juliocarobaroja-300x186.jpg 300w, http:\/\/www.berakoagenda.eus\/wp-content\/uploads\/sites\/132\/2014\/02\/juliocarobaroja-80x50.jpg 80w, http:\/\/www.berakoagenda.eus\/wp-content\/uploads\/sites\/132\/2014\/02\/juliocarobaroja.jpg 382w\" sizes=\"auto, (max-width: 300px) 100vw, 300px\" \/><\/a><\/p>\n<p><strong><em>REUNI\u00d3N ABIERTA<br \/>\n<\/em><\/strong><\/p>\n<p><strong>D\u00eda<\/strong>: lunes, 17 de febrero<br \/>\n<strong>Lugar<\/strong>: Beralandeta<br \/>\n<strong>Hora<\/strong>: 19:00<br \/>\n<strong>Organizador<\/strong>: <a title=\"Ayuntamiento de Bera\" href=\"http:\/\/www.berakoudala.net\">Ayuntamiento de Bera<\/a><\/p>\n<p><strong>\u00a1\u00a1\u00a1PARTICIPA!!!!<\/strong><\/p>\n<p>\u00a0<\/p>\n<p class=\"MsoNormal\"><span style=\"color: red;font-family: Arial;font-size: 300%\"><span style=\"font-family: Arial;color: red;font-size: 30pt\">\u00a0<\/span><\/span><\/p>\n<p>\u00a0<\/p>","protected":false},"excerpt":{"rendered":"<p>REUNI\u00d3N ABIERTA para la creaci\u00f3n de un GRUPO DE TRABAJO para organizar los actos conmemorativos del centenario REUNI\u00d3N ABIERTA D\u00eda: lunes, 17 de febrero Lugar: Beralandeta Hora: 19:00 Organizador: Ayuntamiento de Bera \u00a1\u00a1\u00a1PARTICIPA!!!! \u00a0 \u00a0 \u00a0<\/p>\n","protected":false},"author":82,"featured_media":0,"comment_status":"open","ping_status":"open","sticky":false,"template":"","format":"standard","meta":{"_monsterinsights_skip_tracking":false,"_monsterinsights_sitenote_active":false,"_monsterinsights_sitenote_note":"","_monsterinsights_sitenote_category":0,"footnotes":""},"categories":[12],"tags":[],"class_list":["post-883","post","type-post","status-publish","format-standard","hentry","category-albisteak"],"yoast_head":"<!-- This site is optimized with the Yoast SEO plugin v26.8 - https:\/\/yoast.com\/product\/yoast-seo-wordpress\/ -->\r\n<title>JULIO CARO BAROJAREN JAIOTZAREN MENDEURRENACENTENARIO DEL NACIMIENTO DE JULIO CARO BAROJA: REUNI\u00d3N ABIERTA - Berako Agenda<\/title>\r\n<meta name=\"robots\" content=\"index, follow, max-snippet:-1, max-image-preview:large, max-video-preview:-1\" \/>\r\n<link rel=\"canonical\" href=\"http:\/\/www.berakoagenda.eus\/es\/julio-caro-barojaren-jaiotzaren-mendeurrena\/\" \/>\r\n<meta property=\"og:locale\" content=\"es_ES\" \/>\r\n<meta property=\"og:type\" content=\"article\" \/>\r\n<meta property=\"og:title\" content=\"JULIO CARO BAROJAREN JAIOTZAREN MENDEURRENACENTENARIO DEL NACIMIENTO DE JULIO CARO BAROJA: REUNI\u00d3N ABIERTA - Berako Agenda\" \/>\r\n<meta property=\"og:description\" content=\"REUNI\u00d3N ABIERTA para la creaci\u00f3n de un GRUPO DE TRABAJO para organizar los actos conmemorativos del centenario REUNI\u00d3N ABIERTA D\u00eda: lunes, 17 de febrero Lugar: Beralandeta Hora: 19:00 Organizador: Ayuntamiento de Bera \u00a1\u00a1\u00a1PARTICIPA!!!! \u00a0 \u00a0 \u00a0\" \/>\r\n<meta property=\"og:url\" content=\"http:\/\/www.berakoagenda.eus\/es\/julio-caro-barojaren-jaiotzaren-mendeurrena\/\" \/>\r\n<meta property=\"og:site_name\" content=\"Berako Agenda\" \/>\r\n<meta property=\"article:published_time\" content=\"2014-02-15T18:27:53+00:00\" \/>\r\n<meta property=\"og:image\" content=\"http:\/\/www.berakoagenda.net\/wp-content\/uploads\/sites\/132\/2014\/02\/juliocarobaroja-300x186.jpg\" \/>\r\n<meta name=\"twitter:card\" content=\"summary_large_image\" \/>\r\n<meta name=\"twitter:label1\" content=\"Escrito por\" \/>\n\t<meta name=\"twitter:data1\" content=\"\" \/>\r\n<script type=\"application\/ld+json\" class=\"yoast-schema-graph\">{\"@context\":\"https:\/\/schema.org\",\"@graph\":[{\"@type\":\"Article\",\"@id\":\"http:\/\/www.berakoagenda.eus\/es\/julio-caro-barojaren-jaiotzaren-mendeurrena\/#article\",\"isPartOf\":{\"@id\":\"http:\/\/www.berakoagenda.eus\/es\/julio-caro-barojaren-jaiotzaren-mendeurrena\/\"},\"author\":{\"name\":\"\",\"@id\":\"\"},\"headline\":\"CENTENARIO DEL NACIMIENTO DE JULIO CARO BAROJA: REUNI\u00d3N ABIERTA\",\"datePublished\":\"2014-02-15T18:27:53+00:00\",\"mainEntityOfPage\":{\"@id\":\"http:\/\/www.berakoagenda.eus\/es\/julio-caro-barojaren-jaiotzaren-mendeurrena\/\"},\"wordCount\":71,\"commentCount\":0,\"image\":{\"@id\":\"http:\/\/www.berakoagenda.eus\/es\/julio-caro-barojaren-jaiotzaren-mendeurrena\/#primaryimage\"},\"thumbnailUrl\":\"http:\/\/www.berakoagenda.net\/wp-content\/uploads\/sites\/132\/2014\/02\/juliocarobaroja-300x186.jpg\",\"articleSection\":[\"Noticias\"],\"inLanguage\":\"es\"},{\"@type\":\"WebPage\",\"@id\":\"http:\/\/www.berakoagenda.eus\/es\/julio-caro-barojaren-jaiotzaren-mendeurrena\/\",\"url\":\"http:\/\/www.berakoagenda.eus\/es\/julio-caro-barojaren-jaiotzaren-mendeurrena\/\",\"name\":\"JULIO CARO BAROJAREN JAIOTZAREN MENDEURRENACENTENARIO DEL NACIMIENTO DE JULIO CARO BAROJA: REUNI\u00d3N ABIERTA - Berako Agenda\",\"isPartOf\":{\"@id\":\"http:\/\/www.berakoagenda.eus\/es\/#website\"},\"primaryImageOfPage\":{\"@id\":\"http:\/\/www.berakoagenda.eus\/es\/julio-caro-barojaren-jaiotzaren-mendeurrena\/#primaryimage\"},\"image\":{\"@id\":\"http:\/\/www.berakoagenda.eus\/es\/julio-caro-barojaren-jaiotzaren-mendeurrena\/#primaryimage\"},\"thumbnailUrl\":\"http:\/\/www.berakoagenda.net\/wp-content\/uploads\/sites\/132\/2014\/02\/juliocarobaroja-300x186.jpg\",\"datePublished\":\"2014-02-15T18:27:53+00:00\",\"author\":{\"@id\":\"\"},\"breadcrumb\":{\"@id\":\"http:\/\/www.berakoagenda.eus\/es\/julio-caro-barojaren-jaiotzaren-mendeurrena\/#breadcrumb\"},\"inLanguage\":\"es\",\"potentialAction\":[{\"@type\":\"ReadAction\",\"target\":[[\"http:\/\/www.berakoagenda.eus\/es\/julio-caro-barojaren-jaiotzaren-mendeurrena\/\"]]}]},{\"@type\":\"ImageObject\",\"inLanguage\":\"es\",\"@id\":\"http:\/\/www.berakoagenda.eus\/es\/julio-caro-barojaren-jaiotzaren-mendeurrena\/#primaryimage\",\"url\":\"http:\/\/www.berakoagenda.net\/wp-content\/uploads\/sites\/132\/2014\/02\/juliocarobaroja-300x186.jpg\",\"contentUrl\":\"http:\/\/www.berakoagenda.net\/wp-content\/uploads\/sites\/132\/2014\/02\/juliocarobaroja-300x186.jpg\"},{\"@type\":\"BreadcrumbList\",\"@id\":\"http:\/\/www.berakoagenda.eus\/es\/julio-caro-barojaren-jaiotzaren-mendeurrena\/#breadcrumb\",\"itemListElement\":[{\"@type\":\"ListItem\",\"position\":1,\"name\":\"Portada\",\"item\":\"http:\/\/www.berakoagenda.eus\/es\/\"},{\"@type\":\"ListItem\",\"position\":2,\"name\":\"CENTENARIO DEL NACIMIENTO DE JULIO CARO BAROJA: REUNI\u00d3N ABIERTA\"}]},{\"@type\":\"WebSite\",\"@id\":\"http:\/\/www.berakoagenda.eus\/es\/#website\",\"url\":\"http:\/\/www.berakoagenda.eus\/es\/\",\"name\":\"Berako Agenda\",\"description\":\"\",\"potentialAction\":[{\"@type\":\"SearchAction\",\"target\":{\"@type\":\"EntryPoint\",\"urlTemplate\":\"http:\/\/www.berakoagenda.eus\/es\/?s={search_term_string}\"},\"query-input\":{\"@type\":\"PropertyValueSpecification\",\"valueRequired\":true,\"valueName\":\"search_term_string\"}}],\"inLanguage\":\"es\"},{\"@type\":\"Person\",\"@id\":\"\",\"url\":\"http:\/\/www.berakoagenda.eus\/es\/author\/\"}]}<\/script>\r\n<!-- \/ Yoast SEO plugin. -->","yoast_head_json":{"title":"JULIO CARO BAROJAREN JAIOTZAREN MENDEURRENACENTENARIO DEL NACIMIENTO DE JULIO CARO BAROJA: REUNI\u00d3N ABIERTA - Berako Agenda","robots":{"index":"index","follow":"follow","max-snippet":"max-snippet:-1","max-image-preview":"max-image-preview:large","max-video-preview":"max-video-preview:-1"},"canonical":"http:\/\/www.berakoagenda.eus\/es\/julio-caro-barojaren-jaiotzaren-mendeurrena\/","og_locale":"es_ES","og_type":"article","og_title":"JULIO CARO BAROJAREN JAIOTZAREN MENDEURRENACENTENARIO DEL NACIMIENTO DE JULIO CARO BAROJA: REUNI\u00d3N ABIERTA - Berako Agenda","og_description":"REUNI\u00d3N ABIERTA para la creaci\u00f3n de un GRUPO DE TRABAJO para organizar los actos conmemorativos del centenario REUNI\u00d3N ABIERTA D\u00eda: lunes, 17 de febrero Lugar: Beralandeta Hora: 19:00 Organizador: Ayuntamiento de Bera \u00a1\u00a1\u00a1PARTICIPA!!!! \u00a0 \u00a0 \u00a0","og_url":"http:\/\/www.berakoagenda.eus\/es\/julio-caro-barojaren-jaiotzaren-mendeurrena\/","og_site_name":"Berako Agenda","article_published_time":"2014-02-15T18:27:53+00:00","og_image":[{"url":"http:\/\/www.berakoagenda.net\/wp-content\/uploads\/sites\/132\/2014\/02\/juliocarobaroja-300x186.jpg","type":"","width":"","height":""}],"twitter_card":"summary_large_image","twitter_misc":{"Escrito por":""},"schema":{"@context":"https:\/\/schema.org","@graph":[{"@type":"Article","@id":"http:\/\/www.berakoagenda.eus\/es\/julio-caro-barojaren-jaiotzaren-mendeurrena\/#article","isPartOf":{"@id":"http:\/\/www.berakoagenda.eus\/es\/julio-caro-barojaren-jaiotzaren-mendeurrena\/"},"author":{"name":"","@id":""},"headline":"CENTENARIO DEL NACIMIENTO DE JULIO CARO BAROJA: REUNI\u00d3N ABIERTA","datePublished":"2014-02-15T18:27:53+00:00","mainEntityOfPage":{"@id":"http:\/\/www.berakoagenda.eus\/es\/julio-caro-barojaren-jaiotzaren-mendeurrena\/"},"wordCount":71,"commentCount":0,"image":{"@id":"http:\/\/www.berakoagenda.eus\/es\/julio-caro-barojaren-jaiotzaren-mendeurrena\/#primaryimage"},"thumbnailUrl":"http:\/\/www.berakoagenda.net\/wp-content\/uploads\/sites\/132\/2014\/02\/juliocarobaroja-300x186.jpg","articleSection":["Noticias"],"inLanguage":"es"},{"@type":"WebPage","@id":"http:\/\/www.berakoagenda.eus\/es\/julio-caro-barojaren-jaiotzaren-mendeurrena\/","url":"http:\/\/www.berakoagenda.eus\/es\/julio-caro-barojaren-jaiotzaren-mendeurrena\/","name":"JULIO CARO BAROJAREN JAIOTZAREN MENDEURRENACENTENARIO DEL NACIMIENTO DE JULIO CARO BAROJA: REUNI\u00d3N ABIERTA - Berako Agenda","isPartOf":{"@id":"http:\/\/www.berakoagenda.eus\/es\/#website"},"primaryImageOfPage":{"@id":"http:\/\/www.berakoagenda.eus\/es\/julio-caro-barojaren-jaiotzaren-mendeurrena\/#primaryimage"},"image":{"@id":"http:\/\/www.berakoagenda.eus\/es\/julio-caro-barojaren-jaiotzaren-mendeurrena\/#primaryimage"},"thumbnailUrl":"http:\/\/www.berakoagenda.net\/wp-content\/uploads\/sites\/132\/2014\/02\/juliocarobaroja-300x186.jpg","datePublished":"2014-02-15T18:27:53+00:00","author":{"@id":""},"breadcrumb":{"@id":"http:\/\/www.berakoagenda.eus\/es\/julio-caro-barojaren-jaiotzaren-mendeurrena\/#breadcrumb"},"inLanguage":"es","potentialAction":[{"@type":"ReadAction","target":[["http:\/\/www.berakoagenda.eus\/es\/julio-caro-barojaren-jaiotzaren-mendeurrena\/"]]}]},{"@type":"ImageObject","inLanguage":"es","@id":"http:\/\/www.berakoagenda.eus\/es\/julio-caro-barojaren-jaiotzaren-mendeurrena\/#primaryimage","url":"http:\/\/www.berakoagenda.net\/wp-content\/uploads\/sites\/132\/2014\/02\/juliocarobaroja-300x186.jpg","contentUrl":"http:\/\/www.berakoagenda.net\/wp-content\/uploads\/sites\/132\/2014\/02\/juliocarobaroja-300x186.jpg"},{"@type":"BreadcrumbList","@id":"http:\/\/www.berakoagenda.eus\/es\/julio-caro-barojaren-jaiotzaren-mendeurrena\/#breadcrumb","itemListElement":[{"@type":"ListItem","position":1,"name":"Portada","item":"http:\/\/www.berakoagenda.eus\/es\/"},{"@type":"ListItem","position":2,"name":"CENTENARIO DEL NACIMIENTO DE JULIO CARO BAROJA: REUNI\u00d3N ABIERTA"}]},{"@type":"WebSite","@id":"http:\/\/www.berakoagenda.eus\/es\/#website","url":"http:\/\/www.berakoagenda.eus\/es\/","name":"Berako Agenda","description":"","potentialAction":[{"@type":"SearchAction","target":{"@type":"EntryPoint","urlTemplate":"http:\/\/www.berakoagenda.eus\/es\/?s={search_term_string}"},"query-input":{"@type":"PropertyValueSpecification","valueRequired":true,"valueName":"search_term_string"}}],"inLanguage":"es"},{"@type":"Person","@id":"","url":"http:\/\/www.berakoagenda.eus\/es\/author\/"}]}},"_links":{"self":[{"href":"http:\/\/www.berakoagenda.eus\/es\/wp-json\/wp\/v2\/posts\/883","targetHints":{"allow":["GET"]}}],"collection":[{"href":"http:\/\/www.berakoagenda.eus\/es\/wp-json\/wp\/v2\/posts"}],"about":[{"href":"http:\/\/www.berakoagenda.eus\/es\/wp-json\/wp\/v2\/types\/post"}],"author":[{"embeddable":true,"href":"http:\/\/www.berakoagenda.eus\/es\/wp-json\/wp\/v2\/users\/82"}],"replies":[{"embeddable":true,"href":"http:\/\/www.berakoagenda.eus\/es\/wp-json\/wp\/v2\/comments?post=883"}],"version-history":[{"count":0,"href":"http:\/\/www.berakoagenda.eus\/es\/wp-json\/wp\/v2\/posts\/883\/revisions"}],"wp:attachment":[{"href":"http:\/\/www.berakoagenda.eus\/es\/wp-json\/wp\/v2\/media?parent=883"}],"wp:term":[{"taxonomy":"category","embeddable":true,"href":"http:\/\/www.berakoagenda.eus\/es\/wp-json\/wp\/v2\/categories?post=883"},{"taxonomy":"post_tag","embeddable":true,"href":"http:\/\/www.berakoagenda.eus\/es\/wp-json\/wp\/v2\/tags?post=883"}],"curies":[{"name":"wp","href":"https:\/\/api.w.org\/{rel}","templated":true}]}}