{"id":892,"date":"2014-03-12T11:27:35","date_gmt":"2014-03-12T10:27:35","guid":{"rendered":"http:\/\/www.berakoagenda.net\/?p=892"},"modified":"2014-03-12T11:27:35","modified_gmt":"2014-03-12T10:27:35","slug":"orri-marka-lehiaketa","status":"publish","type":"post","link":"http:\/\/www.berakoagenda.eus\/es\/orri-marka-lehiaketa\/","title":{"rendered":"Concurso de marcap\u00e1ginas"},"content":{"rendered":"<p><strong>1. BASES<br \/>\n<\/strong><\/p>\n<p class=\"MsoNormal\" style=\"text-align: justify\">El D\u00eda del Libro se acerca y como consecuencia de ello la Biblioteca de Bera y la Comisi\u00f3n de Cultura de Bera han organizado para este a\u00f1o el siguiente concurso: <strong>CONCURSO DE MARCAP\u00c1GINAS<\/strong>.<b><span style=\"font-family: Arial;font-size: medium\"><span style=\"font-family: Arial;font-size: 12pt;font-weight: bold\"><br \/>\n<\/span><\/span><\/b><\/p>\n<p><strong>Tema marcap\u00e1ginas<\/strong>: Personajes de la mitolog\u00eda vasca: brujas, Amalur, Basajaun, Eki, Jentila, Lamiak, galtzagorriak, Gaueko, Tartalo, Urtzi\u2026<br \/>\nEn el marcap\u00e1ginas se podr\u00e1n representar tantos personajes como se quiera.<\/p>\n<p><strong>2. PARTICIPANTES<\/strong><\/p>\n<p>Habr\u00e1 3 categor\u00edas:<\/p>\n<ul>\n<ul>\n<ul>\n<li>Hasta 10 a\u00f1os<\/li>\n<li>11-15 a\u00f1os<\/li>\n<li>M\u00e1s de 16 a\u00f1os<\/li>\n<\/ul>\n<\/ul>\n<\/ul>\n<p>En cada categor\u00eda habr\u00e1 un solo trabajo premiado.<\/p>\n<p><strong>3. VALORACI\u00d3N<\/strong><\/p>\n<p>Se valorar\u00e1 la calidad de los dibujos, la creatividad, la imaginaci\u00f3n y su originalidad.<\/p>\n<p><strong>4. DIMENSIONES Y SOPORTE<\/strong><\/p>\n<p><strong>Dimensiones<\/strong>: 6 x 21 cm<br \/>\n<strong>Soporte<\/strong>: Cartulina solo por una cara.<br \/>\nEn el reverso aparecer\u00e1n los datos del autor\/a; se deber\u00e1n incluir los siguientes datos:<\/p>\n<ul>\n<ul>\n<ul>\n<ul>\n<ul>\n<li>Nombre y apellidos<\/li>\n<li>Direcci\u00f3n y tel\u00e9fono (casa y\/o m\u00f3vil)<\/li>\n<li>Edad<\/li>\n<li>Centro escolar\/Colectivo<\/li>\n<li>Curso<\/li>\n<\/ul>\n<\/ul>\n<\/ul>\n<\/ul>\n<\/ul>\n<p><strong>5. PLAZO DE ENTREGA<br \/>\n<\/strong><\/p>\n<p>Hasta el 11 de abril, viernes, a las 21:00.<\/p>\n<p><strong>6. LUGAR DE ENTREGA Y HORARIO<\/strong><\/p>\n<p><em>Biblioteca P\u00fablica de Bera<\/em><br \/>\nEztegara pasealekua, 9<br \/>\n31.780 BERA (Nafarroa)<br \/>\nTel.: (00 34) 948 62 55 02<\/p>\n<p><strong>Horario<\/strong><br \/>\nDe lunes a viernes: 15:00-21:00<\/p>\n<p>Se podr\u00e1n entregar por correo ordinario.<\/p>\n<p><em>Nota<\/em>: no se entregar\u00e1n los trabajos.<\/p>\n<p><strong>7. TRIBUNAL<\/strong><\/p>\n<p>Se compondr\u00e1 un Tribunal expresamente para este concurso, en todo caso compuesto por miembros pertenecientes al \u00e1mbito de la cultura y el arte. El tribunal tendr\u00e1 potestad para dejar desierto alguno de los premios.<\/p>\n<p><strong>8. PREMIOS Y PREMIAD@S<\/strong><\/p>\n<p>El Tribunal premiar\u00e1 un \u00fanico trabajo por categor\u00eda. Cada premiad@ recibir\u00e1 lo siguiente:<\/p>\n<ul>\n<ul>\n<ul>\n<ul>\n<ul>\n<li>Diploma<\/li>\n<li>Lote de libros<\/li>\n<li style=\"text-align: left\">Se publicar\u00e1 cada trabajo premiado y estar\u00e1n a disposici\u00f3n de la gente en la Biblioteca de Bera.<\/li>\n<\/ul>\n<\/ul>\n<\/ul>\n<\/ul>\n<\/ul>\n<p>Los premios se entregar\u00e1n en la Biblioteca P\u00fablica de Bera el <strong>mi\u00e9rcoles, 30 de abril<\/strong>.<br \/>\nCon todos los marcap\u00e1ginas recibidos se realizar\u00e1 una exposici\u00f3n en la biblioteca.<\/p>\n<p><strong>9. DERECHOS DE REPRODUCCI\u00d3N<\/strong><\/p>\n<p>Los trabajos premiados pertenecer\u00e1n a la Biblioteca P\u00fablica y \u00e9sta se reservar\u00e1 los derechos de reproducci\u00f3n. As\u00ed las cosas, no se podr\u00e1n reclamar derechos de autor por esos trabajos.<\/p>\n<p>El participar en este concurso lleva consigo la aceptaci\u00f3n de estas bases.<\/p>","protected":false},"excerpt":{"rendered":"<p>1. BASES El D\u00eda del Libro se acerca y como consecuencia de ello la Biblioteca de Bera y la Comisi\u00f3n de Cultura de Bera han organizado para este a\u00f1o el siguiente concurso: CONCURSO DE MARCAP\u00c1GINAS. Tema marcap\u00e1ginas: Personajes de la&hellip; <\/p>\n","protected":false},"author":82,"featured_media":0,"comment_status":"open","ping_status":"open","sticky":false,"template":"","format":"standard","meta":{"_monsterinsights_skip_tracking":false,"_monsterinsights_sitenote_active":false,"_monsterinsights_sitenote_note":"","_monsterinsights_sitenote_category":0,"footnotes":""},"categories":[12],"tags":[],"class_list":["post-892","post","type-post","status-publish","format-standard","hentry","category-albisteak"],"yoast_head":"<!-- This site is optimized with the Yoast SEO plugin v26.8 - https:\/\/yoast.com\/product\/yoast-seo-wordpress\/ -->\r\n<title>Orri marka lehiaketaConcurso de marcap\u00e1ginas - Berako Agenda<\/title>\r\n<meta name=\"robots\" content=\"index, follow, max-snippet:-1, max-image-preview:large, max-video-preview:-1\" \/>\r\n<link rel=\"canonical\" href=\"http:\/\/www.berakoagenda.eus\/es\/orri-marka-lehiaketa\/\" \/>\r\n<meta property=\"og:locale\" content=\"es_ES\" \/>\r\n<meta property=\"og:type\" content=\"article\" \/>\r\n<meta property=\"og:title\" content=\"Orri marka lehiaketaConcurso de marcap\u00e1ginas - Berako Agenda\" \/>\r\n<meta property=\"og:description\" content=\"1. BASES El D\u00eda del Libro se acerca y como consecuencia de ello la Biblioteca de Bera y la Comisi\u00f3n de Cultura de Bera han organizado para este a\u00f1o el siguiente concurso: CONCURSO DE MARCAP\u00c1GINAS. Tema marcap\u00e1ginas: Personajes de la&hellip;\" \/>\r\n<meta property=\"og:url\" content=\"http:\/\/www.berakoagenda.eus\/es\/orri-marka-lehiaketa\/\" \/>\r\n<meta property=\"og:site_name\" content=\"Berako Agenda\" \/>\r\n<meta property=\"article:published_time\" content=\"2014-03-12T10:27:35+00:00\" \/>\r\n<meta name=\"twitter:card\" content=\"summary_large_image\" \/>\r\n<meta name=\"twitter:label1\" content=\"Escrito por\" \/>\n\t<meta name=\"twitter:data1\" content=\"\" \/>\n\t<meta name=\"twitter:label2\" content=\"Tiempo de lectura\" \/>\n\t<meta name=\"twitter:data2\" content=\"3 minutos\" \/>\r\n<script type=\"application\/ld+json\" class=\"yoast-schema-graph\">{\"@context\":\"https:\/\/schema.org\",\"@graph\":[{\"@type\":\"Article\",\"@id\":\"http:\/\/www.berakoagenda.eus\/es\/orri-marka-lehiaketa\/#article\",\"isPartOf\":{\"@id\":\"http:\/\/www.berakoagenda.eus\/es\/orri-marka-lehiaketa\/\"},\"author\":{\"name\":\"\",\"@id\":\"\"},\"headline\":\"Concurso de marcap\u00e1ginas\",\"datePublished\":\"2014-03-12T10:27:35+00:00\",\"mainEntityOfPage\":{\"@id\":\"http:\/\/www.berakoagenda.eus\/es\/orri-marka-lehiaketa\/\"},\"wordCount\":615,\"commentCount\":0,\"articleSection\":[\"Noticias\"],\"inLanguage\":\"es\"},{\"@type\":\"WebPage\",\"@id\":\"http:\/\/www.berakoagenda.eus\/es\/orri-marka-lehiaketa\/\",\"url\":\"http:\/\/www.berakoagenda.eus\/es\/orri-marka-lehiaketa\/\",\"name\":\"Orri marka lehiaketaConcurso de marcap\u00e1ginas - Berako Agenda\",\"isPartOf\":{\"@id\":\"http:\/\/www.berakoagenda.eus\/es\/#website\"},\"datePublished\":\"2014-03-12T10:27:35+00:00\",\"author\":{\"@id\":\"\"},\"breadcrumb\":{\"@id\":\"http:\/\/www.berakoagenda.eus\/es\/orri-marka-lehiaketa\/#breadcrumb\"},\"inLanguage\":\"es\",\"potentialAction\":[{\"@type\":\"ReadAction\",\"target\":[[\"http:\/\/www.berakoagenda.eus\/es\/orri-marka-lehiaketa\/\"]]}]},{\"@type\":\"BreadcrumbList\",\"@id\":\"http:\/\/www.berakoagenda.eus\/es\/orri-marka-lehiaketa\/#breadcrumb\",\"itemListElement\":[{\"@type\":\"ListItem\",\"position\":1,\"name\":\"Portada\",\"item\":\"http:\/\/www.berakoagenda.eus\/es\/\"},{\"@type\":\"ListItem\",\"position\":2,\"name\":\"Concurso de marcap\u00e1ginas\"}]},{\"@type\":\"WebSite\",\"@id\":\"http:\/\/www.berakoagenda.eus\/es\/#website\",\"url\":\"http:\/\/www.berakoagenda.eus\/es\/\",\"name\":\"Berako Agenda\",\"description\":\"\",\"potentialAction\":[{\"@type\":\"SearchAction\",\"target\":{\"@type\":\"EntryPoint\",\"urlTemplate\":\"http:\/\/www.berakoagenda.eus\/es\/?s={search_term_string}\"},\"query-input\":{\"@type\":\"PropertyValueSpecification\",\"valueRequired\":true,\"valueName\":\"search_term_string\"}}],\"inLanguage\":\"es\"},{\"@type\":\"Person\",\"@id\":\"\",\"url\":\"http:\/\/www.berakoagenda.eus\/es\/author\/\"}]}<\/script>\r\n<!-- \/ Yoast SEO plugin. -->","yoast_head_json":{"title":"Orri marka lehiaketaConcurso de marcap\u00e1ginas - Berako Agenda","robots":{"index":"index","follow":"follow","max-snippet":"max-snippet:-1","max-image-preview":"max-image-preview:large","max-video-preview":"max-video-preview:-1"},"canonical":"http:\/\/www.berakoagenda.eus\/es\/orri-marka-lehiaketa\/","og_locale":"es_ES","og_type":"article","og_title":"Orri marka lehiaketaConcurso de marcap\u00e1ginas - Berako Agenda","og_description":"1. BASES El D\u00eda del Libro se acerca y como consecuencia de ello la Biblioteca de Bera y la Comisi\u00f3n de Cultura de Bera han organizado para este a\u00f1o el siguiente concurso: CONCURSO DE MARCAP\u00c1GINAS. Tema marcap\u00e1ginas: Personajes de la&hellip;","og_url":"http:\/\/www.berakoagenda.eus\/es\/orri-marka-lehiaketa\/","og_site_name":"Berako Agenda","article_published_time":"2014-03-12T10:27:35+00:00","twitter_card":"summary_large_image","twitter_misc":{"Escrito por":"","Tiempo de lectura":"3 minutos"},"schema":{"@context":"https:\/\/schema.org","@graph":[{"@type":"Article","@id":"http:\/\/www.berakoagenda.eus\/es\/orri-marka-lehiaketa\/#article","isPartOf":{"@id":"http:\/\/www.berakoagenda.eus\/es\/orri-marka-lehiaketa\/"},"author":{"name":"","@id":""},"headline":"Concurso de marcap\u00e1ginas","datePublished":"2014-03-12T10:27:35+00:00","mainEntityOfPage":{"@id":"http:\/\/www.berakoagenda.eus\/es\/orri-marka-lehiaketa\/"},"wordCount":615,"commentCount":0,"articleSection":["Noticias"],"inLanguage":"es"},{"@type":"WebPage","@id":"http:\/\/www.berakoagenda.eus\/es\/orri-marka-lehiaketa\/","url":"http:\/\/www.berakoagenda.eus\/es\/orri-marka-lehiaketa\/","name":"Orri marka lehiaketaConcurso de marcap\u00e1ginas - Berako Agenda","isPartOf":{"@id":"http:\/\/www.berakoagenda.eus\/es\/#website"},"datePublished":"2014-03-12T10:27:35+00:00","author":{"@id":""},"breadcrumb":{"@id":"http:\/\/www.berakoagenda.eus\/es\/orri-marka-lehiaketa\/#breadcrumb"},"inLanguage":"es","potentialAction":[{"@type":"ReadAction","target":[["http:\/\/www.berakoagenda.eus\/es\/orri-marka-lehiaketa\/"]]}]},{"@type":"BreadcrumbList","@id":"http:\/\/www.berakoagenda.eus\/es\/orri-marka-lehiaketa\/#breadcrumb","itemListElement":[{"@type":"ListItem","position":1,"name":"Portada","item":"http:\/\/www.berakoagenda.eus\/es\/"},{"@type":"ListItem","position":2,"name":"Concurso de marcap\u00e1ginas"}]},{"@type":"WebSite","@id":"http:\/\/www.berakoagenda.eus\/es\/#website","url":"http:\/\/www.berakoagenda.eus\/es\/","name":"Berako Agenda","description":"","potentialAction":[{"@type":"SearchAction","target":{"@type":"EntryPoint","urlTemplate":"http:\/\/www.berakoagenda.eus\/es\/?s={search_term_string}"},"query-input":{"@type":"PropertyValueSpecification","valueRequired":true,"valueName":"search_term_string"}}],"inLanguage":"es"},{"@type":"Person","@id":"","url":"http:\/\/www.berakoagenda.eus\/es\/author\/"}]}},"_links":{"self":[{"href":"http:\/\/www.berakoagenda.eus\/es\/wp-json\/wp\/v2\/posts\/892","targetHints":{"allow":["GET"]}}],"collection":[{"href":"http:\/\/www.berakoagenda.eus\/es\/wp-json\/wp\/v2\/posts"}],"about":[{"href":"http:\/\/www.berakoagenda.eus\/es\/wp-json\/wp\/v2\/types\/post"}],"author":[{"embeddable":true,"href":"http:\/\/www.berakoagenda.eus\/es\/wp-json\/wp\/v2\/users\/82"}],"replies":[{"embeddable":true,"href":"http:\/\/www.berakoagenda.eus\/es\/wp-json\/wp\/v2\/comments?post=892"}],"version-history":[{"count":0,"href":"http:\/\/www.berakoagenda.eus\/es\/wp-json\/wp\/v2\/posts\/892\/revisions"}],"wp:attachment":[{"href":"http:\/\/www.berakoagenda.eus\/es\/wp-json\/wp\/v2\/media?parent=892"}],"wp:term":[{"taxonomy":"category","embeddable":true,"href":"http:\/\/www.berakoagenda.eus\/es\/wp-json\/wp\/v2\/categories?post=892"},{"taxonomy":"post_tag","embeddable":true,"href":"http:\/\/www.berakoagenda.eus\/es\/wp-json\/wp\/v2\/tags?post=892"}],"curies":[{"name":"wp","href":"https:\/\/api.w.org\/{rel}","templated":true}]}}