{"id":983,"date":"2014-11-26T16:39:59","date_gmt":"2014-11-26T15:39:59","guid":{"rendered":"http:\/\/www.berakoagenda.net\/?p=983"},"modified":"2014-11-26T16:52:50","modified_gmt":"2014-11-26T15:52:50","slug":"nafarroaren-eguna-etxarri-aranazko-abesbatzaren-kontzertua","status":"publish","type":"post","link":"http:\/\/www.berakoagenda.eus\/es\/nafarroaren-eguna-etxarri-aranazko-abesbatzaren-kontzertua\/","title":{"rendered":"D\u00eda de Navarra: Concierto de la Coral de Etxarri Aranatz"},"content":{"rendered":"<p><a href=\"http:\/\/www.berakoagenda.net\/wp-content\/uploads\/sites\/132\/2014\/11\/abesbatza_etxarriaranatz.jpg\"><img loading=\"lazy\" decoding=\"async\" class=\"aligncenter size-medium wp-image-985\" src=\"http:\/\/www.berakoagenda.net\/wp-content\/uploads\/sites\/132\/2014\/11\/abesbatza_etxarriaranatz-300x182.jpg\" alt=\"abesbatza_etxarriaranatz\" width=\"300\" height=\"182\" srcset=\"http:\/\/www.berakoagenda.eus\/wp-content\/uploads\/sites\/132\/2014\/11\/abesbatza_etxarriaranatz-300x182.jpg 300w, http:\/\/www.berakoagenda.eus\/wp-content\/uploads\/sites\/132\/2014\/11\/abesbatza_etxarriaranatz-1024x622.jpg 1024w, http:\/\/www.berakoagenda.eus\/wp-content\/uploads\/sites\/132\/2014\/11\/abesbatza_etxarriaranatz-600x364.jpg 600w, http:\/\/www.berakoagenda.eus\/wp-content\/uploads\/sites\/132\/2014\/11\/abesbatza_etxarriaranatz-80x50.jpg 80w\" sizes=\"auto, (max-width: 300px) 100vw, 300px\" \/><\/a><\/p>\n<p><strong>D\u00eda<\/strong>: mi\u00e9rcoles, 3 de diciembre<br \/>\n<strong>Lugar<\/strong>: Casa de Cultura<br \/>\n<strong>Hora<\/strong>: 13:00<\/p>\n<p><strong>La Coral de Etxarri Aranatz<\/strong> es continuadora del coro parroquial que ya exist\u00eda en la localidad desde comienzos del siglo. En el a\u00f1o 1970 sale de su \u00e1mbito parroquial e inicia su andadura all\u00e1 donde es requerido. Su primer concierto oficial fue en 1972.<\/p>\n<p><strong>Cert\u00e1menes y premios<\/strong><\/p>\n<p>A lo largo de estos a\u00f1os la coral ha logrado numerosos e importantes galardones en los cert\u00e1menes corales a los que se ha presentado:<\/p>\n<ul>\n<li>Tres primeros premios en el Certamen de Ejea de los Caballeros (Zaragoza). Tercer premio y premio del p\u00fablico en 2007.<\/li>\n<li>Primeros premios en Autol (Rioja) en 1994 y San Vicente de la Barquera (Cantabria) en 1995.<\/li>\n<li>Segundo premio en el Certamen de Bilbao en 1977.<\/li>\n<li>Segundo premio en el Certamen Antonio Jos\u00e9 de Burgos en 2007.<\/li>\n<\/ul>\n<p>Los galardones m\u00e1s importantes los ha conseguido en dos cert\u00e1menes de gran fama internacional y grand\u00edsimo nivel:<\/p>\n<ul>\n<li>En el Certamen Internacional de Habaneras y Polifon\u00eda de <span style=\"text-decoration: underline\">Torrevieja<\/span>, tres primeros premios en 1976, 1982 y 1996 en la modalidad de polifon\u00eda y segundo en 1975.<\/li>\n<li>En el <span style=\"text-decoration: underline\">Certamen Internacional de Tolosa<\/span> (considerado como uno de los mejores del mundo) fue primera en voces blancas en 1973 y tercera en 1977. Mejor coro vasco en 1974. En 1983, segundo premio en Canto Gregoriano, voces blancas. En la modalidad de Folklore, voces mixtas, consigui\u00f3 terceros premios en 1977 y 1983.<\/li>\n<\/ul>\n<p><strong>Conciertos<\/strong><\/p>\n<p>La Coral de Etxarri Aranatz ha realizado m\u00e1s de 500 actuaciones en Euskal Herria, por toda Espa\u00f1a y el extranjero. Conciertos m\u00e1s importantes:<\/p>\n<ul>\n<li>En Euskal Herria, destacan sus actuaciones en la catedral de Pamplona, \u00abTopaketak\u00bb en Tolosa, Ciclos Corales de Santurtzi, Basauri, Borja y Pamplona, Musikaste en Renter\u00eda, Semana de m\u00fasica Aita Donostia de San Sebasti\u00e1n, adem\u00e1s del Concierto Conmemorativo del 60 Aniversario del Bombardeo de Gernika junto al Orfe\u00f3n Donostiarra y otros coros vascos.<\/li>\n<li>En Espa\u00f1a, se pueden subrayar sus actuaciones en Madrid, Alc\u00e1zar de Toledo (fue el primer coro que cant\u00f3 en su espl\u00e9ndido patio renacentista), Catedral de Burgos, Semana de M\u00fasica sacra de Segovia, Conciertos sacros en Valladolid, Festival Coral del Atl\u00e1ntico de Isla Cristina (Huelva), etc.<\/li>\n<li>En el extranjero ha actuado en Nancy y Tarn\u00f3s (Francia) y en Loreto (Italia) y Vaticano (1979); en las ciudades argentinas de Buenos Aires, Rosario y C\u00f3rdoba (agosto de 2005) y en Hungr\u00eda, en Ezstergorm y Dorog (2008).<\/li>\n<\/ul>\n<p>Ha colaborado, entre otras orquestas, con la \u00abOrquesta Sinf\u00f3nica de Bilbao\u00bb y con la \u00abOrquesta Pablo Sarasate\u00bb de Pamplona, con la que ha realizado 9 conciertos.<\/p>\n<p>En Junio de 2005 estrena y graba la obra \u00abPamplona, ciudad de todos\u00bb, compuesta, arreglada y dirigida por Enrique Ugarte; con la participaci\u00f3n de artistas de renombre: Fran Idareta, Kepa Junkera, Carlos Nu\u00f1ez, Joxan Goikoetxea, Javier Garayalde y Enrique Zelaya.<\/p>\n<p><strong>Repertorio<\/strong><\/p>\n<p>Su repertorio abarca desde el Renacimiento hasta la m\u00fasica contempor\u00e1nea, aunque se trabaja especialmente el repertorio cl\u00e1sico, rom\u00e1ntico y del siglo XX en todos sus g\u00e9neros (sacro, profano, ya sea a capella, con acompa\u00f1amiento de piano, de \u00f3rgano o con orquesta). Se incluyen tambi\u00e9n obras tradicionales de innumerables pa\u00edses, especialmente obras de Folklore vasco, y de todas las regiones espa\u00f1olas. Adem\u00e1s el coro tiene un gran repertorio de habaneras y espirituales.<\/p>\n<p><strong>ALICIA ARMEND\u00c1RIZ MURILLO\u00a0<\/strong> es la directora desde junio de 2012.<\/p>","protected":false},"excerpt":{"rendered":"<p>D\u00eda: mi\u00e9rcoles, 3 de diciembre Lugar: Casa de Cultura Hora: 13:00 La Coral de Etxarri Aranatz es continuadora del coro parroquial que ya exist\u00eda en la localidad desde comienzos del siglo. En el a\u00f1o 1970 sale de su \u00e1mbito parroquial&hellip; <\/p>\n","protected":false},"author":82,"featured_media":0,"comment_status":"open","ping_status":"open","sticky":false,"template":"","format":"standard","meta":{"_monsterinsights_skip_tracking":false,"_monsterinsights_sitenote_active":false,"_monsterinsights_sitenote_note":"","_monsterinsights_sitenote_category":0,"footnotes":""},"categories":[12],"tags":[],"class_list":["post-983","post","type-post","status-publish","format-standard","hentry","category-albisteak"],"yoast_head":"<!-- This site is optimized with the Yoast SEO plugin v26.8 - https:\/\/yoast.com\/product\/yoast-seo-wordpress\/ -->\r\n<title>Nafarroako Eguna: Etxarri Aranazko Abesbatzaren kontzertuaD\u00eda de Navarra: Concierto de la Coral de Etxarri Aranatz - Berako Agenda<\/title>\r\n<meta name=\"robots\" content=\"index, follow, max-snippet:-1, max-image-preview:large, max-video-preview:-1\" \/>\r\n<link rel=\"canonical\" href=\"http:\/\/www.berakoagenda.eus\/es\/nafarroaren-eguna-etxarri-aranazko-abesbatzaren-kontzertua\/\" \/>\r\n<meta property=\"og:locale\" content=\"es_ES\" \/>\r\n<meta property=\"og:type\" content=\"article\" \/>\r\n<meta property=\"og:title\" content=\"Nafarroako Eguna: Etxarri Aranazko Abesbatzaren kontzertuaD\u00eda de Navarra: Concierto de la Coral de Etxarri Aranatz - Berako Agenda\" \/>\r\n<meta property=\"og:description\" content=\"D\u00eda: mi\u00e9rcoles, 3 de diciembre Lugar: Casa de Cultura Hora: 13:00 La Coral de Etxarri Aranatz es continuadora del coro parroquial que ya exist\u00eda en la localidad desde comienzos del siglo. En el a\u00f1o 1970 sale de su \u00e1mbito parroquial&hellip;\" \/>\r\n<meta property=\"og:url\" content=\"http:\/\/www.berakoagenda.eus\/es\/nafarroaren-eguna-etxarri-aranazko-abesbatzaren-kontzertua\/\" \/>\r\n<meta property=\"og:site_name\" content=\"Berako Agenda\" \/>\r\n<meta property=\"article:published_time\" content=\"2014-11-26T15:39:59+00:00\" \/>\r\n<meta property=\"article:modified_time\" content=\"2014-11-26T15:52:50+00:00\" \/>\r\n<meta property=\"og:image\" content=\"http:\/\/www.berakoagenda.net\/wp-content\/uploads\/sites\/132\/2014\/11\/abesbatza_etxarriaranatz-300x182.jpg\" \/>\r\n<meta name=\"twitter:card\" content=\"summary_large_image\" \/>\r\n<meta name=\"twitter:label1\" content=\"Escrito por\" \/>\n\t<meta name=\"twitter:data1\" content=\"\" \/>\n\t<meta name=\"twitter:label2\" content=\"Tiempo de lectura\" \/>\n\t<meta name=\"twitter:data2\" content=\"5 minutos\" \/>\r\n<script type=\"application\/ld+json\" class=\"yoast-schema-graph\">{\"@context\":\"https:\/\/schema.org\",\"@graph\":[{\"@type\":\"Article\",\"@id\":\"http:\/\/www.berakoagenda.eus\/es\/nafarroaren-eguna-etxarri-aranazko-abesbatzaren-kontzertua\/#article\",\"isPartOf\":{\"@id\":\"http:\/\/www.berakoagenda.eus\/es\/nafarroaren-eguna-etxarri-aranazko-abesbatzaren-kontzertua\/\"},\"author\":{\"name\":\"\",\"@id\":\"\"},\"headline\":\"D\u00eda de Navarra: Concierto de la Coral de Etxarri Aranatz\",\"datePublished\":\"2014-11-26T15:39:59+00:00\",\"dateModified\":\"2014-11-26T15:52:50+00:00\",\"mainEntityOfPage\":{\"@id\":\"http:\/\/www.berakoagenda.eus\/es\/nafarroaren-eguna-etxarri-aranazko-abesbatzaren-kontzertua\/\"},\"wordCount\":963,\"commentCount\":0,\"image\":{\"@id\":\"http:\/\/www.berakoagenda.eus\/es\/nafarroaren-eguna-etxarri-aranazko-abesbatzaren-kontzertua\/#primaryimage\"},\"thumbnailUrl\":\"http:\/\/www.berakoagenda.net\/wp-content\/uploads\/sites\/132\/2014\/11\/abesbatza_etxarriaranatz-300x182.jpg\",\"articleSection\":[\"Noticias\"],\"inLanguage\":\"es\"},{\"@type\":\"WebPage\",\"@id\":\"http:\/\/www.berakoagenda.eus\/es\/nafarroaren-eguna-etxarri-aranazko-abesbatzaren-kontzertua\/\",\"url\":\"http:\/\/www.berakoagenda.eus\/es\/nafarroaren-eguna-etxarri-aranazko-abesbatzaren-kontzertua\/\",\"name\":\"Nafarroako Eguna: Etxarri Aranazko Abesbatzaren kontzertuaD\u00eda de Navarra: Concierto de la Coral de Etxarri Aranatz - Berako Agenda\",\"isPartOf\":{\"@id\":\"http:\/\/www.berakoagenda.eus\/es\/#website\"},\"primaryImageOfPage\":{\"@id\":\"http:\/\/www.berakoagenda.eus\/es\/nafarroaren-eguna-etxarri-aranazko-abesbatzaren-kontzertua\/#primaryimage\"},\"image\":{\"@id\":\"http:\/\/www.berakoagenda.eus\/es\/nafarroaren-eguna-etxarri-aranazko-abesbatzaren-kontzertua\/#primaryimage\"},\"thumbnailUrl\":\"http:\/\/www.berakoagenda.net\/wp-content\/uploads\/sites\/132\/2014\/11\/abesbatza_etxarriaranatz-300x182.jpg\",\"datePublished\":\"2014-11-26T15:39:59+00:00\",\"dateModified\":\"2014-11-26T15:52:50+00:00\",\"author\":{\"@id\":\"\"},\"breadcrumb\":{\"@id\":\"http:\/\/www.berakoagenda.eus\/es\/nafarroaren-eguna-etxarri-aranazko-abesbatzaren-kontzertua\/#breadcrumb\"},\"inLanguage\":\"es\",\"potentialAction\":[{\"@type\":\"ReadAction\",\"target\":[[\"http:\/\/www.berakoagenda.eus\/es\/nafarroaren-eguna-etxarri-aranazko-abesbatzaren-kontzertua\/\"]]}]},{\"@type\":\"ImageObject\",\"inLanguage\":\"es\",\"@id\":\"http:\/\/www.berakoagenda.eus\/es\/nafarroaren-eguna-etxarri-aranazko-abesbatzaren-kontzertua\/#primaryimage\",\"url\":\"http:\/\/www.berakoagenda.net\/wp-content\/uploads\/sites\/132\/2014\/11\/abesbatza_etxarriaranatz-300x182.jpg\",\"contentUrl\":\"http:\/\/www.berakoagenda.net\/wp-content\/uploads\/sites\/132\/2014\/11\/abesbatza_etxarriaranatz-300x182.jpg\"},{\"@type\":\"BreadcrumbList\",\"@id\":\"http:\/\/www.berakoagenda.eus\/es\/nafarroaren-eguna-etxarri-aranazko-abesbatzaren-kontzertua\/#breadcrumb\",\"itemListElement\":[{\"@type\":\"ListItem\",\"position\":1,\"name\":\"Portada\",\"item\":\"http:\/\/www.berakoagenda.eus\/es\/\"},{\"@type\":\"ListItem\",\"position\":2,\"name\":\"D\u00eda de Navarra: Concierto de la Coral de Etxarri Aranatz\"}]},{\"@type\":\"WebSite\",\"@id\":\"http:\/\/www.berakoagenda.eus\/es\/#website\",\"url\":\"http:\/\/www.berakoagenda.eus\/es\/\",\"name\":\"Berako Agenda\",\"description\":\"\",\"potentialAction\":[{\"@type\":\"SearchAction\",\"target\":{\"@type\":\"EntryPoint\",\"urlTemplate\":\"http:\/\/www.berakoagenda.eus\/es\/?s={search_term_string}\"},\"query-input\":{\"@type\":\"PropertyValueSpecification\",\"valueRequired\":true,\"valueName\":\"search_term_string\"}}],\"inLanguage\":\"es\"},{\"@type\":\"Person\",\"@id\":\"\",\"url\":\"http:\/\/www.berakoagenda.eus\/es\/author\/\"}]}<\/script>\r\n<!-- \/ Yoast SEO plugin. -->","yoast_head_json":{"title":"Nafarroako Eguna: Etxarri Aranazko Abesbatzaren kontzertuaD\u00eda de Navarra: Concierto de la Coral de Etxarri Aranatz - Berako Agenda","robots":{"index":"index","follow":"follow","max-snippet":"max-snippet:-1","max-image-preview":"max-image-preview:large","max-video-preview":"max-video-preview:-1"},"canonical":"http:\/\/www.berakoagenda.eus\/es\/nafarroaren-eguna-etxarri-aranazko-abesbatzaren-kontzertua\/","og_locale":"es_ES","og_type":"article","og_title":"Nafarroako Eguna: Etxarri Aranazko Abesbatzaren kontzertuaD\u00eda de Navarra: Concierto de la Coral de Etxarri Aranatz - Berako Agenda","og_description":"D\u00eda: mi\u00e9rcoles, 3 de diciembre Lugar: Casa de Cultura Hora: 13:00 La Coral de Etxarri Aranatz es continuadora del coro parroquial que ya exist\u00eda en la localidad desde comienzos del siglo. En el a\u00f1o 1970 sale de su \u00e1mbito parroquial&hellip;","og_url":"http:\/\/www.berakoagenda.eus\/es\/nafarroaren-eguna-etxarri-aranazko-abesbatzaren-kontzertua\/","og_site_name":"Berako Agenda","article_published_time":"2014-11-26T15:39:59+00:00","article_modified_time":"2014-11-26T15:52:50+00:00","og_image":[{"url":"http:\/\/www.berakoagenda.net\/wp-content\/uploads\/sites\/132\/2014\/11\/abesbatza_etxarriaranatz-300x182.jpg","type":"","width":"","height":""}],"twitter_card":"summary_large_image","twitter_misc":{"Escrito por":"","Tiempo de lectura":"5 minutos"},"schema":{"@context":"https:\/\/schema.org","@graph":[{"@type":"Article","@id":"http:\/\/www.berakoagenda.eus\/es\/nafarroaren-eguna-etxarri-aranazko-abesbatzaren-kontzertua\/#article","isPartOf":{"@id":"http:\/\/www.berakoagenda.eus\/es\/nafarroaren-eguna-etxarri-aranazko-abesbatzaren-kontzertua\/"},"author":{"name":"","@id":""},"headline":"D\u00eda de Navarra: Concierto de la Coral de Etxarri Aranatz","datePublished":"2014-11-26T15:39:59+00:00","dateModified":"2014-11-26T15:52:50+00:00","mainEntityOfPage":{"@id":"http:\/\/www.berakoagenda.eus\/es\/nafarroaren-eguna-etxarri-aranazko-abesbatzaren-kontzertua\/"},"wordCount":963,"commentCount":0,"image":{"@id":"http:\/\/www.berakoagenda.eus\/es\/nafarroaren-eguna-etxarri-aranazko-abesbatzaren-kontzertua\/#primaryimage"},"thumbnailUrl":"http:\/\/www.berakoagenda.net\/wp-content\/uploads\/sites\/132\/2014\/11\/abesbatza_etxarriaranatz-300x182.jpg","articleSection":["Noticias"],"inLanguage":"es"},{"@type":"WebPage","@id":"http:\/\/www.berakoagenda.eus\/es\/nafarroaren-eguna-etxarri-aranazko-abesbatzaren-kontzertua\/","url":"http:\/\/www.berakoagenda.eus\/es\/nafarroaren-eguna-etxarri-aranazko-abesbatzaren-kontzertua\/","name":"Nafarroako Eguna: Etxarri Aranazko Abesbatzaren kontzertuaD\u00eda de Navarra: Concierto de la Coral de Etxarri Aranatz - Berako Agenda","isPartOf":{"@id":"http:\/\/www.berakoagenda.eus\/es\/#website"},"primaryImageOfPage":{"@id":"http:\/\/www.berakoagenda.eus\/es\/nafarroaren-eguna-etxarri-aranazko-abesbatzaren-kontzertua\/#primaryimage"},"image":{"@id":"http:\/\/www.berakoagenda.eus\/es\/nafarroaren-eguna-etxarri-aranazko-abesbatzaren-kontzertua\/#primaryimage"},"thumbnailUrl":"http:\/\/www.berakoagenda.net\/wp-content\/uploads\/sites\/132\/2014\/11\/abesbatza_etxarriaranatz-300x182.jpg","datePublished":"2014-11-26T15:39:59+00:00","dateModified":"2014-11-26T15:52:50+00:00","author":{"@id":""},"breadcrumb":{"@id":"http:\/\/www.berakoagenda.eus\/es\/nafarroaren-eguna-etxarri-aranazko-abesbatzaren-kontzertua\/#breadcrumb"},"inLanguage":"es","potentialAction":[{"@type":"ReadAction","target":[["http:\/\/www.berakoagenda.eus\/es\/nafarroaren-eguna-etxarri-aranazko-abesbatzaren-kontzertua\/"]]}]},{"@type":"ImageObject","inLanguage":"es","@id":"http:\/\/www.berakoagenda.eus\/es\/nafarroaren-eguna-etxarri-aranazko-abesbatzaren-kontzertua\/#primaryimage","url":"http:\/\/www.berakoagenda.net\/wp-content\/uploads\/sites\/132\/2014\/11\/abesbatza_etxarriaranatz-300x182.jpg","contentUrl":"http:\/\/www.berakoagenda.net\/wp-content\/uploads\/sites\/132\/2014\/11\/abesbatza_etxarriaranatz-300x182.jpg"},{"@type":"BreadcrumbList","@id":"http:\/\/www.berakoagenda.eus\/es\/nafarroaren-eguna-etxarri-aranazko-abesbatzaren-kontzertua\/#breadcrumb","itemListElement":[{"@type":"ListItem","position":1,"name":"Portada","item":"http:\/\/www.berakoagenda.eus\/es\/"},{"@type":"ListItem","position":2,"name":"D\u00eda de Navarra: Concierto de la Coral de Etxarri Aranatz"}]},{"@type":"WebSite","@id":"http:\/\/www.berakoagenda.eus\/es\/#website","url":"http:\/\/www.berakoagenda.eus\/es\/","name":"Berako Agenda","description":"","potentialAction":[{"@type":"SearchAction","target":{"@type":"EntryPoint","urlTemplate":"http:\/\/www.berakoagenda.eus\/es\/?s={search_term_string}"},"query-input":{"@type":"PropertyValueSpecification","valueRequired":true,"valueName":"search_term_string"}}],"inLanguage":"es"},{"@type":"Person","@id":"","url":"http:\/\/www.berakoagenda.eus\/es\/author\/"}]}},"_links":{"self":[{"href":"http:\/\/www.berakoagenda.eus\/es\/wp-json\/wp\/v2\/posts\/983","targetHints":{"allow":["GET"]}}],"collection":[{"href":"http:\/\/www.berakoagenda.eus\/es\/wp-json\/wp\/v2\/posts"}],"about":[{"href":"http:\/\/www.berakoagenda.eus\/es\/wp-json\/wp\/v2\/types\/post"}],"author":[{"embeddable":true,"href":"http:\/\/www.berakoagenda.eus\/es\/wp-json\/wp\/v2\/users\/82"}],"replies":[{"embeddable":true,"href":"http:\/\/www.berakoagenda.eus\/es\/wp-json\/wp\/v2\/comments?post=983"}],"version-history":[{"count":0,"href":"http:\/\/www.berakoagenda.eus\/es\/wp-json\/wp\/v2\/posts\/983\/revisions"}],"wp:attachment":[{"href":"http:\/\/www.berakoagenda.eus\/es\/wp-json\/wp\/v2\/media?parent=983"}],"wp:term":[{"taxonomy":"category","embeddable":true,"href":"http:\/\/www.berakoagenda.eus\/es\/wp-json\/wp\/v2\/categories?post=983"},{"taxonomy":"post_tag","embeddable":true,"href":"http:\/\/www.berakoagenda.eus\/es\/wp-json\/wp\/v2\/tags?post=983"}],"curies":[{"name":"wp","href":"https:\/\/api.w.org\/{rel}","templated":true}]}}